{"id":7257,"date":"2026-09-04T13:13:44","date_gmt":"2026-09-04T17:13:44","guid":{"rendered":"https:\/\/naenpalabras.net\/wp\/?p=7257"},"modified":"2026-09-04T13:13:44","modified_gmt":"2026-09-04T17:13:44","slug":"sheinbaum-repudia-deportacion-de-2900-mexicanos-de-eeuu-a-centroamerica","status":"publish","type":"post","link":"https:\/\/naenpalabras.net\/wp\/2026\/09\/04\/sheinbaum-repudia-deportacion-de-2900-mexicanos-de-eeuu-a-centroamerica\/","title":{"rendered":"Sheinbaum repudia deportaci\u00f3n de 2900 mexicanos de EEUU a Centroam\u00e9rica"},"content":{"rendered":"<div class=\"col-xs-12 col-md-8\">\n<div class=\"item-text\">\n<p class=\"introtext\">La presidenta de M\u00e9xico ha rechazado la deportaci\u00f3n de mexicanos desde Estados Unidos hacia terceros pa\u00edses, tras el traslado de m\u00e1s de 2900 connacionales a Centroam\u00e9rica.<\/p>\n<div>\n<p>\u201c<strong>No estamos de acuerdo. No hay raz\u00f3n para que env\u00eden a connacionales a Centroam\u00e9rica, alg\u00fan pa\u00eds de Centroam\u00e9rica. Ninguna raz\u00f3n<\/strong>\u201d, ha declarado este jueves Claudia Sheinbaum durante su conferencia de prensa.<\/p>\n<p>La mandataria ha asegurado que su Gobierno ha expresado su inconformidad a Washington y ha se\u00f1alado que la prioridad es acelerar el retorno y brindar atenci\u00f3n a los mexicanos deportados.<\/p>\n<p>El titular del Instituto Nacional de Migraci\u00f3n (INM), Sergio Salom\u00f3n, ha explicado que la protesta mexicana ha sido transmitida a Estados Unidos a trav\u00e9s de la Secretar\u00eda de Relaciones Exteriores y la Secretar\u00eda de Gobernaci\u00f3n.<\/p>\n<p>Seg\u00fan Salom\u00f3n, ambos Gobiernos mantienen conversaciones para evitar que contin\u00fae el traslado de mexicanos deportados hacia pa\u00edses centroamericanos.<\/p>\n<div data-oembed-url=\"https:\/\/www.hispantv.com\/noticias\/mexico\/647995\/crece-preocupacion-politicas-antimigrantes-trump\"><\/div>\n<p>El funcionario ha precisado que M\u00e9xico tiene registros de unos 2900 connacionales enviados a Guatemala y Honduras, adem\u00e1s de otros 20 trasladados a Costa Rica. No ha detallado cu\u00e1ntos de los primeros correspondieron a cada pa\u00eds.<\/p>\n<p>Salom\u00f3n ha dejado claro que, cuando las autoridades mexicanas tienen conocimiento de estos traslados, la Canciller\u00eda activa a los consulados para contactar con los deportados y coordinar su regreso a M\u00e9xico.<\/p>\n<p>Adem\u00e1s, Sheinbaum ha se\u00f1alado que M\u00e9xico mantiene acuerdos con Guatemala, Honduras y Costa Rica, mientras sus consulados permanecen atentos para asistir a los connacionales a su llegada.<\/p>\n<p>\u201cEn el momento en que llegan los recibe el consulado y tenemos contratados veh\u00edculos para que puedan venir de inmediato a M\u00e9xico\u201d, ha declarado la presidenta.<\/p>\n<p>Desde su regreso a la Casa Blanca en enero de 2025, el presidente de EE.UU.,\u00a0Donald Trump, ha puesto en marcha una de las campa\u00f1as de control migratorio m\u00e1s duras de las \u00faltimas d\u00e9cadas, combinando deportaciones masivas, restricciones de visado y un mayor uso de mecanismos de expulsi\u00f3n hacia terceros pa\u00edses.<\/p>\n<p>Washington ha ampliado acuerdos con varios pa\u00edses para recibir a deportados procedentes de terceros pa\u00edses. En 2026, Estados Unidos comenz\u00f3 a enviar de forma sistem\u00e1tica a ciudadanos mexicanos deportados hacia pa\u00edses centroamericanos, en lugar de repatriarlos directamente a M\u00e9xico.<\/p>\n<p>Las organizaciones defensoras de los derechos humanos han expresado su preocupaci\u00f3n por esta nueva pr\u00e1ctica, al advertir que el traslado de migrantes mexicanos a terceros pa\u00edses puede exponerlos a situaciones de vulnerabilidad. Human Rights First y Refugees International han se\u00f1alado que estas deportaciones podr\u00edan poner en peligro a personas que solicitaron asilo en Estados Unidos o que disponen de escasos recursos para desenvolverse en un pa\u00eds desconocido.<\/p>\n<p>Savitri Arvey, directora de Investigaci\u00f3n y An\u00e1lisis sobre Derechos de Refugiados e Inmigrantes de Human Rights First, considera que esta estrategia parece estar siendo utilizada por la Administraci\u00f3n de Trump para ejercer presi\u00f3n sobre el Gobierno mexicano y disuadir a los ciudadanos mexicanos de intentar cruzar la frontera hacia Estados Unidos.<\/p>\n<\/div>\n<\/div>\n<\/div>\n<p><a href=\"https:\/\/www.hispantv.com\/noticias\/mexico\/659819\/sheinbaum-deportacion-mexicanos-eeuu-centroamerica\"><strong>Fuente: Hispantv<\/strong><\/a><\/p>\n","protected":false},"excerpt":{"rendered":"<p>La presidenta de M\u00e9xico ha rechazado la deportaci\u00f3n de mexicanos desde Estados Unidos hacia terceros pa\u00edses, tras el traslado de m\u00e1s de 2900 connacionales a Centroam\u00e9rica. \u201cNo estamos de acuerdo. No hay raz\u00f3n para que env\u00eden a connacionales a Centroam\u00e9rica, alg\u00fan pa\u00eds de Centroam\u00e9rica. Ninguna raz\u00f3n\u201d, ha declarado este jueves [&hellip;]<\/p>\n","protected":false},"author":2,"featured_media":7258,"comment_status":"open","ping_status":"closed","sticky":false,"template":"","format":"standard","meta":{"footnotes":""},"categories":[4],"tags":[31,186,750],"class_list":["post-7257","post","type-post","status-publish","format-standard","has-post-thumbnail","hentry","category-noticias","tag-ee-uu","tag-mexico","tag-sheinbaum"],"yoast_head":"<!-- This site is optimized with the Yoast SEO plugin v28.4 - https:\/\/yoast.com\/product\/yoast-seo-wordpress\/ -->\n<title>Sheinbaum repudia deportaci\u00f3n de 2900 mexicanos de EEUU a Centroam\u00e9rica - Nuestra Am\u00e9rica En Palabras<\/title>\n<meta name=\"robots\" content=\"index, follow, max-snippet:-1, max-image-preview:large, max-video-preview:-1\" \/>\n<link rel=\"canonical\" href=\"https:\/\/naenpalabras.net\/wp\/2026\/09\/04\/sheinbaum-repudia-deportacion-de-2900-mexicanos-de-eeuu-a-centroamerica\/\" \/>\n<meta property=\"og:locale\" content=\"es_ES\" \/>\n<meta property=\"og:type\" content=\"article\" \/>\n<meta property=\"og:title\" content=\"Sheinbaum repudia deportaci\u00f3n de 2900 mexicanos de EEUU a Centroam\u00e9rica - Nuestra Am\u00e9rica En Palabras\" \/>\n<meta property=\"og:description\" content=\"La presidenta de M\u00e9xico ha rechazado la deportaci\u00f3n de mexicanos desde Estados Unidos hacia terceros pa\u00edses, tras el traslado de m\u00e1s de 2900 connacionales a Centroam\u00e9rica. \u201cNo estamos de acuerdo. No hay raz\u00f3n para que env\u00eden a connacionales a Centroam\u00e9rica, alg\u00fan pa\u00eds de Centroam\u00e9rica. Ninguna raz\u00f3n\u201d, ha declarado este jueves [&hellip;]\" \/>\n<meta property=\"og:url\" content=\"https:\/\/naenpalabras.net\/wp\/2026\/09\/04\/sheinbaum-repudia-deportacion-de-2900-mexicanos-de-eeuu-a-centroamerica\/\" \/>\n<meta property=\"og:site_name\" content=\"Nuestra Am\u00e9rica En Palabras\" \/>\n<meta property=\"article:published_time\" content=\"2026-09-04T17:13:44+00:00\" \/>\n<meta property=\"og:image\" content=\"https:\/\/naenpalabras.net\/wp\/wp-content\/uploads\/2026\/09\/4-1.jpg\" \/>\n\t<meta property=\"og:image:width\" content=\"880\" \/>\n\t<meta property=\"og:image:height\" content=\"495\" \/>\n\t<meta property=\"og:image:type\" content=\"image\/jpeg\" \/>\n<meta name=\"author\" content=\"naenp\" \/>\n<meta name=\"twitter:card\" content=\"summary_large_image\" \/>\n<meta name=\"twitter:label1\" content=\"Escrito por\" \/>\n\t<meta name=\"twitter:data1\" content=\"naenp\" \/>\n\t<meta name=\"twitter:label2\" content=\"Tiempo estimado de lectura\" \/>\n\t<meta name=\"twitter:data2\" content=\"3 minutos\" \/>\n<script type=\"application\/ld+json\" class=\"yoast-schema-graph\">{\"@context\":\"https:\\\/\\\/schema.org\",\"@graph\":[{\"@type\":\"Article\",\"@id\":\"https:\\\/\\\/naenpalabras.net\\\/wp\\\/2026\\\/09\\\/04\\\/sheinbaum-repudia-deportacion-de-2900-mexicanos-de-eeuu-a-centroamerica\\\/#article\",\"isPartOf\":{\"@id\":\"https:\\\/\\\/naenpalabras.net\\\/wp\\\/2026\\\/09\\\/04\\\/sheinbaum-repudia-deportacion-de-2900-mexicanos-de-eeuu-a-centroamerica\\\/\"},\"author\":{\"name\":\"naenp\",\"@id\":\"https:\\\/\\\/naenpalabras.net\\\/wp\\\/#\\\/schema\\\/person\\\/2b8dc3b44be009cae3c432096b2fad15\"},\"headline\":\"Sheinbaum repudia deportaci\u00f3n de 2900 mexicanos de EEUU a Centroam\u00e9rica\",\"datePublished\":\"2026-09-04T17:13:44+00:00\",\"mainEntityOfPage\":{\"@id\":\"https:\\\/\\\/naenpalabras.net\\\/wp\\\/2026\\\/09\\\/04\\\/sheinbaum-repudia-deportacion-de-2900-mexicanos-de-eeuu-a-centroamerica\\\/\"},\"wordCount\":533,\"commentCount\":0,\"image\":{\"@id\":\"https:\\\/\\\/naenpalabras.net\\\/wp\\\/2026\\\/09\\\/04\\\/sheinbaum-repudia-deportacion-de-2900-mexicanos-de-eeuu-a-centroamerica\\\/#primaryimage\"},\"thumbnailUrl\":\"https:\\\/\\\/naenpalabras.net\\\/wp\\\/wp-content\\\/uploads\\\/2026\\\/09\\\/4-1.jpg\",\"keywords\":[\"EE.UU\",\"M\u00e9xico\",\"Sheinbaum\"],\"articleSection\":[\"Noticias\"],\"inLanguage\":\"es\",\"potentialAction\":[{\"@type\":\"CommentAction\",\"name\":\"Comment\",\"target\":[\"https:\\\/\\\/naenpalabras.net\\\/wp\\\/2026\\\/09\\\/04\\\/sheinbaum-repudia-deportacion-de-2900-mexicanos-de-eeuu-a-centroamerica\\\/#respond\"]}]},{\"@type\":\"WebPage\",\"@id\":\"https:\\\/\\\/naenpalabras.net\\\/wp\\\/2026\\\/09\\\/04\\\/sheinbaum-repudia-deportacion-de-2900-mexicanos-de-eeuu-a-centroamerica\\\/\",\"url\":\"https:\\\/\\\/naenpalabras.net\\\/wp\\\/2026\\\/09\\\/04\\\/sheinbaum-repudia-deportacion-de-2900-mexicanos-de-eeuu-a-centroamerica\\\/\",\"name\":\"Sheinbaum repudia deportaci\u00f3n de 2900 mexicanos de EEUU a Centroam\u00e9rica - Nuestra Am\u00e9rica En Palabras\",\"isPartOf\":{\"@id\":\"https:\\\/\\\/naenpalabras.net\\\/wp\\\/#website\"},\"primaryImageOfPage\":{\"@id\":\"https:\\\/\\\/naenpalabras.net\\\/wp\\\/2026\\\/09\\\/04\\\/sheinbaum-repudia-deportacion-de-2900-mexicanos-de-eeuu-a-centroamerica\\\/#primaryimage\"},\"image\":{\"@id\":\"https:\\\/\\\/naenpalabras.net\\\/wp\\\/2026\\\/09\\\/04\\\/sheinbaum-repudia-deportacion-de-2900-mexicanos-de-eeuu-a-centroamerica\\\/#primaryimage\"},\"thumbnailUrl\":\"https:\\\/\\\/naenpalabras.net\\\/wp\\\/wp-content\\\/uploads\\\/2026\\\/09\\\/4-1.jpg\",\"datePublished\":\"2026-09-04T17:13:44+00:00\",\"author\":{\"@id\":\"https:\\\/\\\/naenpalabras.net\\\/wp\\\/#\\\/schema\\\/person\\\/2b8dc3b44be009cae3c432096b2fad15\"},\"breadcrumb\":{\"@id\":\"https:\\\/\\\/naenpalabras.net\\\/wp\\\/2026\\\/09\\\/04\\\/sheinbaum-repudia-deportacion-de-2900-mexicanos-de-eeuu-a-centroamerica\\\/#breadcrumb\"},\"inLanguage\":\"es\",\"potentialAction\":[{\"@type\":\"ReadAction\",\"target\":[\"https:\\\/\\\/naenpalabras.net\\\/wp\\\/2026\\\/09\\\/04\\\/sheinbaum-repudia-deportacion-de-2900-mexicanos-de-eeuu-a-centroamerica\\\/\"]}]},{\"@type\":\"ImageObject\",\"inLanguage\":\"es\",\"@id\":\"https:\\\/\\\/naenpalabras.net\\\/wp\\\/2026\\\/09\\\/04\\\/sheinbaum-repudia-deportacion-de-2900-mexicanos-de-eeuu-a-centroamerica\\\/#primaryimage\",\"url\":\"https:\\\/\\\/naenpalabras.net\\\/wp\\\/wp-content\\\/uploads\\\/2026\\\/09\\\/4-1.jpg\",\"contentUrl\":\"https:\\\/\\\/naenpalabras.net\\\/wp\\\/wp-content\\\/uploads\\\/2026\\\/09\\\/4-1.jpg\",\"width\":880,\"height\":495},{\"@type\":\"BreadcrumbList\",\"@id\":\"https:\\\/\\\/naenpalabras.net\\\/wp\\\/2026\\\/09\\\/04\\\/sheinbaum-repudia-deportacion-de-2900-mexicanos-de-eeuu-a-centroamerica\\\/#breadcrumb\",\"itemListElement\":[{\"@type\":\"ListItem\",\"position\":1,\"name\":\"Portada\",\"item\":\"https:\\\/\\\/naenpalabras.net\\\/wp\\\/\"},{\"@type\":\"ListItem\",\"position\":2,\"name\":\"Sheinbaum repudia deportaci\u00f3n de 2900 mexicanos de EEUU a Centroam\u00e9rica\"}]},{\"@type\":\"WebSite\",\"@id\":\"https:\\\/\\\/naenpalabras.net\\\/wp\\\/#website\",\"url\":\"https:\\\/\\\/naenpalabras.net\\\/wp\\\/\",\"name\":\"Nuestra Am\u00e9rica En Palabras\",\"description\":\"\",\"potentialAction\":[{\"@type\":\"SearchAction\",\"target\":{\"@type\":\"EntryPoint\",\"urlTemplate\":\"https:\\\/\\\/naenpalabras.net\\\/wp\\\/?s={search_term_string}\"},\"query-input\":{\"@type\":\"PropertyValueSpecification\",\"valueRequired\":true,\"valueName\":\"search_term_string\"}}],\"inLanguage\":\"es\"},{\"@type\":\"Person\",\"@id\":\"https:\\\/\\\/naenpalabras.net\\\/wp\\\/#\\\/schema\\\/person\\\/2b8dc3b44be009cae3c432096b2fad15\",\"name\":\"naenp\",\"image\":{\"@type\":\"ImageObject\",\"inLanguage\":\"es\",\"@id\":\"https:\\\/\\\/secure.gravatar.com\\\/avatar\\\/ebeb7cc417e6a6b9894cfaca0e864947ba305c2cd77c221b39b90345e02bc3bb?s=96&d=mm&r=g\",\"url\":\"https:\\\/\\\/secure.gravatar.com\\\/avatar\\\/ebeb7cc417e6a6b9894cfaca0e864947ba305c2cd77c221b39b90345e02bc3bb?s=96&d=mm&r=g\",\"contentUrl\":\"https:\\\/\\\/secure.gravatar.com\\\/avatar\\\/ebeb7cc417e6a6b9894cfaca0e864947ba305c2cd77c221b39b90345e02bc3bb?s=96&d=mm&r=g\",\"caption\":\"naenp\"},\"sameAs\":[\"https:\\\/\\\/naenpalabras.net\\\/wp\"],\"url\":\"https:\\\/\\\/naenpalabras.net\\\/wp\\\/author\\\/admin-2\\\/\"}]}<\/script>\n<!-- \/ Yoast SEO plugin. -->","yoast_head_json":{"title":"Sheinbaum repudia deportaci\u00f3n de 2900 mexicanos de EEUU a Centroam\u00e9rica - Nuestra Am\u00e9rica En Palabras","robots":{"index":"index","follow":"follow","max-snippet":"max-snippet:-1","max-image-preview":"max-image-preview:large","max-video-preview":"max-video-preview:-1"},"canonical":"https:\/\/naenpalabras.net\/wp\/2026\/09\/04\/sheinbaum-repudia-deportacion-de-2900-mexicanos-de-eeuu-a-centroamerica\/","og_locale":"es_ES","og_type":"article","og_title":"Sheinbaum repudia deportaci\u00f3n de 2900 mexicanos de EEUU a Centroam\u00e9rica - Nuestra Am\u00e9rica En Palabras","og_description":"La presidenta de M\u00e9xico ha rechazado la deportaci\u00f3n de mexicanos desde Estados Unidos hacia terceros pa\u00edses, tras el traslado de m\u00e1s de 2900 connacionales a Centroam\u00e9rica. \u201cNo estamos de acuerdo. No hay raz\u00f3n para que env\u00eden a connacionales a Centroam\u00e9rica, alg\u00fan pa\u00eds de Centroam\u00e9rica. Ninguna raz\u00f3n\u201d, ha declarado este jueves [&hellip;]","og_url":"https:\/\/naenpalabras.net\/wp\/2026\/09\/04\/sheinbaum-repudia-deportacion-de-2900-mexicanos-de-eeuu-a-centroamerica\/","og_site_name":"Nuestra Am\u00e9rica En Palabras","article_published_time":"2026-09-04T17:13:44+00:00","og_image":[{"width":880,"height":495,"url":"https:\/\/naenpalabras.net\/wp\/wp-content\/uploads\/2026\/09\/4-1.jpg","type":"image\/jpeg"}],"author":"naenp","twitter_card":"summary_large_image","twitter_misc":{"Escrito por":"naenp","Tiempo estimado de lectura":"3 minutos"},"schema":{"@context":"https:\/\/schema.org","@graph":[{"@type":"Article","@id":"https:\/\/naenpalabras.net\/wp\/2026\/09\/04\/sheinbaum-repudia-deportacion-de-2900-mexicanos-de-eeuu-a-centroamerica\/#article","isPartOf":{"@id":"https:\/\/naenpalabras.net\/wp\/2026\/09\/04\/sheinbaum-repudia-deportacion-de-2900-mexicanos-de-eeuu-a-centroamerica\/"},"author":{"name":"naenp","@id":"https:\/\/naenpalabras.net\/wp\/#\/schema\/person\/2b8dc3b44be009cae3c432096b2fad15"},"headline":"Sheinbaum repudia deportaci\u00f3n de 2900 mexicanos de EEUU a Centroam\u00e9rica","datePublished":"2026-09-04T17:13:44+00:00","mainEntityOfPage":{"@id":"https:\/\/naenpalabras.net\/wp\/2026\/09\/04\/sheinbaum-repudia-deportacion-de-2900-mexicanos-de-eeuu-a-centroamerica\/"},"wordCount":533,"commentCount":0,"image":{"@id":"https:\/\/naenpalabras.net\/wp\/2026\/09\/04\/sheinbaum-repudia-deportacion-de-2900-mexicanos-de-eeuu-a-centroamerica\/#primaryimage"},"thumbnailUrl":"https:\/\/naenpalabras.net\/wp\/wp-content\/uploads\/2026\/09\/4-1.jpg","keywords":["EE.UU","M\u00e9xico","Sheinbaum"],"articleSection":["Noticias"],"inLanguage":"es","potentialAction":[{"@type":"CommentAction","name":"Comment","target":["https:\/\/naenpalabras.net\/wp\/2026\/09\/04\/sheinbaum-repudia-deportacion-de-2900-mexicanos-de-eeuu-a-centroamerica\/#respond"]}]},{"@type":"WebPage","@id":"https:\/\/naenpalabras.net\/wp\/2026\/09\/04\/sheinbaum-repudia-deportacion-de-2900-mexicanos-de-eeuu-a-centroamerica\/","url":"https:\/\/naenpalabras.net\/wp\/2026\/09\/04\/sheinbaum-repudia-deportacion-de-2900-mexicanos-de-eeuu-a-centroamerica\/","name":"Sheinbaum repudia deportaci\u00f3n de 2900 mexicanos de EEUU a Centroam\u00e9rica - Nuestra Am\u00e9rica En Palabras","isPartOf":{"@id":"https:\/\/naenpalabras.net\/wp\/#website"},"primaryImageOfPage":{"@id":"https:\/\/naenpalabras.net\/wp\/2026\/09\/04\/sheinbaum-repudia-deportacion-de-2900-mexicanos-de-eeuu-a-centroamerica\/#primaryimage"},"image":{"@id":"https:\/\/naenpalabras.net\/wp\/2026\/09\/04\/sheinbaum-repudia-deportacion-de-2900-mexicanos-de-eeuu-a-centroamerica\/#primaryimage"},"thumbnailUrl":"https:\/\/naenpalabras.net\/wp\/wp-content\/uploads\/2026\/09\/4-1.jpg","datePublished":"2026-09-04T17:13:44+00:00","author":{"@id":"https:\/\/naenpalabras.net\/wp\/#\/schema\/person\/2b8dc3b44be009cae3c432096b2fad15"},"breadcrumb":{"@id":"https:\/\/naenpalabras.net\/wp\/2026\/09\/04\/sheinbaum-repudia-deportacion-de-2900-mexicanos-de-eeuu-a-centroamerica\/#breadcrumb"},"inLanguage":"es","potentialAction":[{"@type":"ReadAction","target":["https:\/\/naenpalabras.net\/wp\/2026\/09\/04\/sheinbaum-repudia-deportacion-de-2900-mexicanos-de-eeuu-a-centroamerica\/"]}]},{"@type":"ImageObject","inLanguage":"es","@id":"https:\/\/naenpalabras.net\/wp\/2026\/09\/04\/sheinbaum-repudia-deportacion-de-2900-mexicanos-de-eeuu-a-centroamerica\/#primaryimage","url":"https:\/\/naenpalabras.net\/wp\/wp-content\/uploads\/2026\/09\/4-1.jpg","contentUrl":"https:\/\/naenpalabras.net\/wp\/wp-content\/uploads\/2026\/09\/4-1.jpg","width":880,"height":495},{"@type":"BreadcrumbList","@id":"https:\/\/naenpalabras.net\/wp\/2026\/09\/04\/sheinbaum-repudia-deportacion-de-2900-mexicanos-de-eeuu-a-centroamerica\/#breadcrumb","itemListElement":[{"@type":"ListItem","position":1,"name":"Portada","item":"https:\/\/naenpalabras.net\/wp\/"},{"@type":"ListItem","position":2,"name":"Sheinbaum repudia deportaci\u00f3n de 2900 mexicanos de EEUU a Centroam\u00e9rica"}]},{"@type":"WebSite","@id":"https:\/\/naenpalabras.net\/wp\/#website","url":"https:\/\/naenpalabras.net\/wp\/","name":"Nuestra Am\u00e9rica En Palabras","description":"","potentialAction":[{"@type":"SearchAction","target":{"@type":"EntryPoint","urlTemplate":"https:\/\/naenpalabras.net\/wp\/?s={search_term_string}"},"query-input":{"@type":"PropertyValueSpecification","valueRequired":true,"valueName":"search_term_string"}}],"inLanguage":"es"},{"@type":"Person","@id":"https:\/\/naenpalabras.net\/wp\/#\/schema\/person\/2b8dc3b44be009cae3c432096b2fad15","name":"naenp","image":{"@type":"ImageObject","inLanguage":"es","@id":"https:\/\/secure.gravatar.com\/avatar\/ebeb7cc417e6a6b9894cfaca0e864947ba305c2cd77c221b39b90345e02bc3bb?s=96&d=mm&r=g","url":"https:\/\/secure.gravatar.com\/avatar\/ebeb7cc417e6a6b9894cfaca0e864947ba305c2cd77c221b39b90345e02bc3bb?s=96&d=mm&r=g","contentUrl":"https:\/\/secure.gravatar.com\/avatar\/ebeb7cc417e6a6b9894cfaca0e864947ba305c2cd77c221b39b90345e02bc3bb?s=96&d=mm&r=g","caption":"naenp"},"sameAs":["https:\/\/naenpalabras.net\/wp"],"url":"https:\/\/naenpalabras.net\/wp\/author\/admin-2\/"}]}},"_links":{"self":[{"href":"https:\/\/naenpalabras.net\/wp\/wp-json\/wp\/v2\/posts\/7257","targetHints":{"allow":["GET"]}}],"collection":[{"href":"https:\/\/naenpalabras.net\/wp\/wp-json\/wp\/v2\/posts"}],"about":[{"href":"https:\/\/naenpalabras.net\/wp\/wp-json\/wp\/v2\/types\/post"}],"author":[{"embeddable":true,"href":"https:\/\/naenpalabras.net\/wp\/wp-json\/wp\/v2\/users\/2"}],"replies":[{"embeddable":true,"href":"https:\/\/naenpalabras.net\/wp\/wp-json\/wp\/v2\/comments?post=7257"}],"version-history":[{"count":1,"href":"https:\/\/naenpalabras.net\/wp\/wp-json\/wp\/v2\/posts\/7257\/revisions"}],"predecessor-version":[{"id":7259,"href":"https:\/\/naenpalabras.net\/wp\/wp-json\/wp\/v2\/posts\/7257\/revisions\/7259"}],"wp:featuredmedia":[{"embeddable":true,"href":"https:\/\/naenpalabras.net\/wp\/wp-json\/wp\/v2\/media\/7258"}],"wp:attachment":[{"href":"https:\/\/naenpalabras.net\/wp\/wp-json\/wp\/v2\/media?parent=7257"}],"wp:term":[{"taxonomy":"category","embeddable":true,"href":"https:\/\/naenpalabras.net\/wp\/wp-json\/wp\/v2\/categories?post=7257"},{"taxonomy":"post_tag","embeddable":true,"href":"https:\/\/naenpalabras.net\/wp\/wp-json\/wp\/v2\/tags?post=7257"}],"curies":[{"name":"wp","href":"https:\/\/api.w.org\/{rel}","templated":true}]}}