{"id":7212,"date":"2026-08-30T02:30:04","date_gmt":"2026-08-30T06:30:04","guid":{"rendered":"https:\/\/naenpalabras.net\/wp\/?p=7212"},"modified":"2026-08-30T02:30:04","modified_gmt":"2026-08-30T06:30:04","slug":"resistencia-iraqui-condiciona-regulacion-de-armas-a-la-retirada-de-eeuu","status":"publish","type":"post","link":"https:\/\/naenpalabras.net\/wp\/2026\/08\/30\/resistencia-iraqui-condiciona-regulacion-de-armas-a-la-retirada-de-eeuu\/","title":{"rendered":"Resistencia iraqu\u00ed condiciona regulaci\u00f3n de armas a la retirada de EEUU"},"content":{"rendered":"<div class=\"col-xs-12 col-md-8\">\n<div class=\"item-text\">\n<p class=\"introtext\">El grupo de Resistencia iraqu\u00ed Kataeb Sayed al-Shuhada condicion\u00f3 entrega de sus armas al cumplimiento de sus demandas, incluida la retirada de fuerzas estadounidenses.<\/p>\n<div>\n<p>En un comunicado emitido el s\u00e1bado, el grupo se\u00f1al\u00f3 que su disposici\u00f3n a respaldar los esfuerzos destinados a regular el armamento y garantizar que quede bajo control estatal est\u00e1 supeditada a la retirada completa de las fuerzas estadounidenses del territorio, las aguas territoriales y el espacio a\u00e9reo de Irak, as\u00ed como a la prohibici\u00f3n absoluta del uso del espacio a\u00e9reo iraqu\u00ed para atacar a pa\u00edses vecinos.<\/p>\n<ul>\n<li><a href=\"https:\/\/www.hispantv.com\/noticias\/irak\/648499\/resistencia-iraqui-inversion-eeuu-saquear-riqueza\"><strong>Resistencia iraqu\u00ed: Inversi\u00f3n de EEUU es para robar riqueza del pa\u00eds<\/strong><\/a><\/li>\n<\/ul>\n<p>Asimismo, exigi\u00f3 la aprobaci\u00f3n de una legislaci\u00f3n que proteja los derechos de los combatientes de las Fuerzas de las Unidades de Movilizaci\u00f3n Popular (Al-Hashad Al-Shabi, en \u00e1rabe)\u00a0de Irak.<\/p>\n<p>Kataeb Sayed al-Shuhada tambi\u00e9n reclam\u00f3 el control federal pleno sobre todo el territorio iraqu\u00ed, el refuerzo de las capacidades de defensa a\u00e9rea mediante el despliegue de sistemas de misiles avanzados operados exclusivamente por personal iraqu\u00ed, as\u00ed como la retirada de las fuerzas Peshmerga, la milicia que constituye las fuerzas armadas oficiales del Gobierno Regional del Kurdist\u00e1n (GRK), y de las tropas turcas de las zonas de la regi\u00f3n semiaut\u00f3noma del Kurdist\u00e1n, en el norte de Irak, \u201cpara privar a Ankara de cualquier pretexto para lanzar nuevos ataques\u201d.<\/p>\n<p>Entre las dem\u00e1s condiciones figuran poner las zonas fronterizas de la regi\u00f3n del Kurdist\u00e1n bajo el control del Ej\u00e9rcito iraqu\u00ed y expulsar de la zona a los grupos kurdos separatistas contrarios a Ir\u00e1n.<\/p>\n<div data-oembed-url=\"https:\/\/www.hispantv.com\/noticias\/irak\/648910\/hezbola-iraqui-regulacion-armas-retirada-eeuu\"><\/div>\n<p>Asimismo, exigi\u00f3 poner fin al control estadounidense sobre las instituciones financieras y econ\u00f3micas del pa\u00eds \u00e1rabe y pidi\u00f3 al embajador de Estados Unidos en Turqu\u00eda y enviado presidencial especial para Siria e Irak, Tom Barrack, que cese toda injerencia en los asuntos internos iraqu\u00edes.<\/p>\n<ul>\n<li><a href=\"https:\/\/www.hispantv.com\/noticias\/irak\/648814\/resistencia-exige-fin-dominio-financiero-eeuu\"><strong>Resistencia iraqu\u00ed exige fin de dominio financiero de EEUU sobre Irak<\/strong><\/a><\/li>\n<\/ul>\n<p>El 11 de agosto, durante una reuni\u00f3n celebrada en Bagdad con el presidente de la Comisi\u00f3n de Seguridad y Defensa del Parlamento iraqu\u00ed, Jalid al-Obeidi, el primer ministro iraqu\u00ed, Ali Al-Zaidi, orden\u00f3 a las autoridades competentes elaborar un proyecto de ley destinado a poner todo el armamento bajo control exclusivo del Estado.<\/p>\n<p>El 3 de junio, el portavoz del comandante en jefe de las Fuerzas Armadas, Sabah al-Numan, anunci\u00f3 la creaci\u00f3n de un comit\u00e9 encargado de poner todo el armamento bajo control estatal, y afirm\u00f3 que este \u00f3rgano ya hab\u00eda comenzado a trabajar.<\/p>\n<\/div>\n<\/div>\n<\/div>\n<p><a href=\"https:\/\/www.hispantv.com\/noticias\/irak\/659530\/resistencia-iraqui-condiciona-armas-retirada-eeuu\"><strong>Fuente: Hispantv\u00a0<\/strong><\/a><\/p>\n","protected":false},"excerpt":{"rendered":"<p>El grupo de Resistencia iraqu\u00ed Kataeb Sayed al-Shuhada condicion\u00f3 entrega de sus armas al cumplimiento de sus demandas, incluida la retirada de fuerzas estadounidenses. En un comunicado emitido el s\u00e1bado, el grupo se\u00f1al\u00f3 que su disposici\u00f3n a respaldar los esfuerzos destinados a regular el armamento y garantizar que quede bajo [&hellip;]<\/p>\n","protected":false},"author":2,"featured_media":7213,"comment_status":"open","ping_status":"closed","sticky":false,"template":"","format":"standard","meta":{"footnotes":""},"categories":[4],"tags":[31,1851,90],"class_list":["post-7212","post","type-post","status-publish","format-standard","has-post-thumbnail","hentry","category-noticias","tag-ee-uu","tag-iraqui","tag-resistencia"],"yoast_head":"<!-- This site is optimized with the Yoast SEO plugin v28.3 - https:\/\/yoast.com\/product\/yoast-seo-wordpress\/ -->\n<title>Resistencia iraqu\u00ed condiciona regulaci\u00f3n de armas a la retirada de EEUU - Nuestra Am\u00e9rica En Palabras<\/title>\n<meta name=\"robots\" content=\"index, follow, max-snippet:-1, max-image-preview:large, max-video-preview:-1\" \/>\n<link rel=\"canonical\" href=\"https:\/\/naenpalabras.net\/wp\/2026\/08\/30\/resistencia-iraqui-condiciona-regulacion-de-armas-a-la-retirada-de-eeuu\/\" \/>\n<meta property=\"og:locale\" content=\"es_ES\" \/>\n<meta property=\"og:type\" content=\"article\" \/>\n<meta property=\"og:title\" content=\"Resistencia iraqu\u00ed condiciona regulaci\u00f3n de armas a la retirada de EEUU - Nuestra Am\u00e9rica En Palabras\" \/>\n<meta property=\"og:description\" content=\"El grupo de Resistencia iraqu\u00ed Kataeb Sayed al-Shuhada condicion\u00f3 entrega de sus armas al cumplimiento de sus demandas, incluida la retirada de fuerzas estadounidenses. En un comunicado emitido el s\u00e1bado, el grupo se\u00f1al\u00f3 que su disposici\u00f3n a respaldar los esfuerzos destinados a regular el armamento y garantizar que quede bajo [&hellip;]\" \/>\n<meta property=\"og:url\" content=\"https:\/\/naenpalabras.net\/wp\/2026\/08\/30\/resistencia-iraqui-condiciona-regulacion-de-armas-a-la-retirada-de-eeuu\/\" \/>\n<meta property=\"og:site_name\" content=\"Nuestra Am\u00e9rica En Palabras\" \/>\n<meta property=\"article:published_time\" content=\"2026-08-30T06:30:04+00:00\" \/>\n<meta property=\"og:image\" content=\"https:\/\/naenpalabras.net\/wp\/wp-content\/uploads\/2026\/08\/4-11.jpg\" \/>\n\t<meta property=\"og:image:width\" content=\"880\" \/>\n\t<meta property=\"og:image:height\" content=\"495\" \/>\n\t<meta property=\"og:image:type\" content=\"image\/jpeg\" \/>\n<meta name=\"author\" content=\"naenp\" \/>\n<meta name=\"twitter:card\" content=\"summary_large_image\" \/>\n<meta name=\"twitter:label1\" content=\"Escrito por\" \/>\n\t<meta name=\"twitter:data1\" content=\"naenp\" \/>\n\t<meta name=\"twitter:label2\" content=\"Tiempo estimado de lectura\" \/>\n\t<meta name=\"twitter:data2\" content=\"3 minutos\" \/>\n<script type=\"application\/ld+json\" class=\"yoast-schema-graph\">{\"@context\":\"https:\\\/\\\/schema.org\",\"@graph\":[{\"@type\":\"Article\",\"@id\":\"https:\\\/\\\/naenpalabras.net\\\/wp\\\/2026\\\/08\\\/30\\\/resistencia-iraqui-condiciona-regulacion-de-armas-a-la-retirada-de-eeuu\\\/#article\",\"isPartOf\":{\"@id\":\"https:\\\/\\\/naenpalabras.net\\\/wp\\\/2026\\\/08\\\/30\\\/resistencia-iraqui-condiciona-regulacion-de-armas-a-la-retirada-de-eeuu\\\/\"},\"author\":{\"name\":\"naenp\",\"@id\":\"https:\\\/\\\/naenpalabras.net\\\/wp\\\/#\\\/schema\\\/person\\\/2b8dc3b44be009cae3c432096b2fad15\"},\"headline\":\"Resistencia iraqu\u00ed condiciona regulaci\u00f3n de armas a la retirada de EEUU\",\"datePublished\":\"2026-08-30T06:30:04+00:00\",\"mainEntityOfPage\":{\"@id\":\"https:\\\/\\\/naenpalabras.net\\\/wp\\\/2026\\\/08\\\/30\\\/resistencia-iraqui-condiciona-regulacion-de-armas-a-la-retirada-de-eeuu\\\/\"},\"wordCount\":441,\"commentCount\":0,\"image\":{\"@id\":\"https:\\\/\\\/naenpalabras.net\\\/wp\\\/2026\\\/08\\\/30\\\/resistencia-iraqui-condiciona-regulacion-de-armas-a-la-retirada-de-eeuu\\\/#primaryimage\"},\"thumbnailUrl\":\"https:\\\/\\\/naenpalabras.net\\\/wp\\\/wp-content\\\/uploads\\\/2026\\\/08\\\/4-11.jpg\",\"keywords\":[\"EE.UU\",\"iraqu\u00ed\",\"Resistencia\"],\"articleSection\":[\"Noticias\"],\"inLanguage\":\"es\",\"potentialAction\":[{\"@type\":\"CommentAction\",\"name\":\"Comment\",\"target\":[\"https:\\\/\\\/naenpalabras.net\\\/wp\\\/2026\\\/08\\\/30\\\/resistencia-iraqui-condiciona-regulacion-de-armas-a-la-retirada-de-eeuu\\\/#respond\"]}]},{\"@type\":\"WebPage\",\"@id\":\"https:\\\/\\\/naenpalabras.net\\\/wp\\\/2026\\\/08\\\/30\\\/resistencia-iraqui-condiciona-regulacion-de-armas-a-la-retirada-de-eeuu\\\/\",\"url\":\"https:\\\/\\\/naenpalabras.net\\\/wp\\\/2026\\\/08\\\/30\\\/resistencia-iraqui-condiciona-regulacion-de-armas-a-la-retirada-de-eeuu\\\/\",\"name\":\"Resistencia iraqu\u00ed condiciona regulaci\u00f3n de armas a la retirada de EEUU - Nuestra Am\u00e9rica En Palabras\",\"isPartOf\":{\"@id\":\"https:\\\/\\\/naenpalabras.net\\\/wp\\\/#website\"},\"primaryImageOfPage\":{\"@id\":\"https:\\\/\\\/naenpalabras.net\\\/wp\\\/2026\\\/08\\\/30\\\/resistencia-iraqui-condiciona-regulacion-de-armas-a-la-retirada-de-eeuu\\\/#primaryimage\"},\"image\":{\"@id\":\"https:\\\/\\\/naenpalabras.net\\\/wp\\\/2026\\\/08\\\/30\\\/resistencia-iraqui-condiciona-regulacion-de-armas-a-la-retirada-de-eeuu\\\/#primaryimage\"},\"thumbnailUrl\":\"https:\\\/\\\/naenpalabras.net\\\/wp\\\/wp-content\\\/uploads\\\/2026\\\/08\\\/4-11.jpg\",\"datePublished\":\"2026-08-30T06:30:04+00:00\",\"author\":{\"@id\":\"https:\\\/\\\/naenpalabras.net\\\/wp\\\/#\\\/schema\\\/person\\\/2b8dc3b44be009cae3c432096b2fad15\"},\"breadcrumb\":{\"@id\":\"https:\\\/\\\/naenpalabras.net\\\/wp\\\/2026\\\/08\\\/30\\\/resistencia-iraqui-condiciona-regulacion-de-armas-a-la-retirada-de-eeuu\\\/#breadcrumb\"},\"inLanguage\":\"es\",\"potentialAction\":[{\"@type\":\"ReadAction\",\"target\":[\"https:\\\/\\\/naenpalabras.net\\\/wp\\\/2026\\\/08\\\/30\\\/resistencia-iraqui-condiciona-regulacion-de-armas-a-la-retirada-de-eeuu\\\/\"]}]},{\"@type\":\"ImageObject\",\"inLanguage\":\"es\",\"@id\":\"https:\\\/\\\/naenpalabras.net\\\/wp\\\/2026\\\/08\\\/30\\\/resistencia-iraqui-condiciona-regulacion-de-armas-a-la-retirada-de-eeuu\\\/#primaryimage\",\"url\":\"https:\\\/\\\/naenpalabras.net\\\/wp\\\/wp-content\\\/uploads\\\/2026\\\/08\\\/4-11.jpg\",\"contentUrl\":\"https:\\\/\\\/naenpalabras.net\\\/wp\\\/wp-content\\\/uploads\\\/2026\\\/08\\\/4-11.jpg\",\"width\":880,\"height\":495},{\"@type\":\"BreadcrumbList\",\"@id\":\"https:\\\/\\\/naenpalabras.net\\\/wp\\\/2026\\\/08\\\/30\\\/resistencia-iraqui-condiciona-regulacion-de-armas-a-la-retirada-de-eeuu\\\/#breadcrumb\",\"itemListElement\":[{\"@type\":\"ListItem\",\"position\":1,\"name\":\"Portada\",\"item\":\"https:\\\/\\\/naenpalabras.net\\\/wp\\\/\"},{\"@type\":\"ListItem\",\"position\":2,\"name\":\"Resistencia iraqu\u00ed condiciona regulaci\u00f3n de armas a la retirada de EEUU\"}]},{\"@type\":\"WebSite\",\"@id\":\"https:\\\/\\\/naenpalabras.net\\\/wp\\\/#website\",\"url\":\"https:\\\/\\\/naenpalabras.net\\\/wp\\\/\",\"name\":\"Nuestra Am\u00e9rica En Palabras\",\"description\":\"\",\"potentialAction\":[{\"@type\":\"SearchAction\",\"target\":{\"@type\":\"EntryPoint\",\"urlTemplate\":\"https:\\\/\\\/naenpalabras.net\\\/wp\\\/?s={search_term_string}\"},\"query-input\":{\"@type\":\"PropertyValueSpecification\",\"valueRequired\":true,\"valueName\":\"search_term_string\"}}],\"inLanguage\":\"es\"},{\"@type\":\"Person\",\"@id\":\"https:\\\/\\\/naenpalabras.net\\\/wp\\\/#\\\/schema\\\/person\\\/2b8dc3b44be009cae3c432096b2fad15\",\"name\":\"naenp\",\"image\":{\"@type\":\"ImageObject\",\"inLanguage\":\"es\",\"@id\":\"https:\\\/\\\/secure.gravatar.com\\\/avatar\\\/ebeb7cc417e6a6b9894cfaca0e864947ba305c2cd77c221b39b90345e02bc3bb?s=96&d=mm&r=g\",\"url\":\"https:\\\/\\\/secure.gravatar.com\\\/avatar\\\/ebeb7cc417e6a6b9894cfaca0e864947ba305c2cd77c221b39b90345e02bc3bb?s=96&d=mm&r=g\",\"contentUrl\":\"https:\\\/\\\/secure.gravatar.com\\\/avatar\\\/ebeb7cc417e6a6b9894cfaca0e864947ba305c2cd77c221b39b90345e02bc3bb?s=96&d=mm&r=g\",\"caption\":\"naenp\"},\"sameAs\":[\"https:\\\/\\\/naenpalabras.net\\\/wp\"],\"url\":\"https:\\\/\\\/naenpalabras.net\\\/wp\\\/author\\\/admin-2\\\/\"}]}<\/script>\n<!-- \/ Yoast SEO plugin. -->","yoast_head_json":{"title":"Resistencia iraqu\u00ed condiciona regulaci\u00f3n de armas a la retirada de EEUU - Nuestra Am\u00e9rica En Palabras","robots":{"index":"index","follow":"follow","max-snippet":"max-snippet:-1","max-image-preview":"max-image-preview:large","max-video-preview":"max-video-preview:-1"},"canonical":"https:\/\/naenpalabras.net\/wp\/2026\/08\/30\/resistencia-iraqui-condiciona-regulacion-de-armas-a-la-retirada-de-eeuu\/","og_locale":"es_ES","og_type":"article","og_title":"Resistencia iraqu\u00ed condiciona regulaci\u00f3n de armas a la retirada de EEUU - Nuestra Am\u00e9rica En Palabras","og_description":"El grupo de Resistencia iraqu\u00ed Kataeb Sayed al-Shuhada condicion\u00f3 entrega de sus armas al cumplimiento de sus demandas, incluida la retirada de fuerzas estadounidenses. En un comunicado emitido el s\u00e1bado, el grupo se\u00f1al\u00f3 que su disposici\u00f3n a respaldar los esfuerzos destinados a regular el armamento y garantizar que quede bajo [&hellip;]","og_url":"https:\/\/naenpalabras.net\/wp\/2026\/08\/30\/resistencia-iraqui-condiciona-regulacion-de-armas-a-la-retirada-de-eeuu\/","og_site_name":"Nuestra Am\u00e9rica En Palabras","article_published_time":"2026-08-30T06:30:04+00:00","og_image":[{"width":880,"height":495,"url":"https:\/\/naenpalabras.net\/wp\/wp-content\/uploads\/2026\/08\/4-11.jpg","type":"image\/jpeg"}],"author":"naenp","twitter_card":"summary_large_image","twitter_misc":{"Escrito por":"naenp","Tiempo estimado de lectura":"3 minutos"},"schema":{"@context":"https:\/\/schema.org","@graph":[{"@type":"Article","@id":"https:\/\/naenpalabras.net\/wp\/2026\/08\/30\/resistencia-iraqui-condiciona-regulacion-de-armas-a-la-retirada-de-eeuu\/#article","isPartOf":{"@id":"https:\/\/naenpalabras.net\/wp\/2026\/08\/30\/resistencia-iraqui-condiciona-regulacion-de-armas-a-la-retirada-de-eeuu\/"},"author":{"name":"naenp","@id":"https:\/\/naenpalabras.net\/wp\/#\/schema\/person\/2b8dc3b44be009cae3c432096b2fad15"},"headline":"Resistencia iraqu\u00ed condiciona regulaci\u00f3n de armas a la retirada de EEUU","datePublished":"2026-08-30T06:30:04+00:00","mainEntityOfPage":{"@id":"https:\/\/naenpalabras.net\/wp\/2026\/08\/30\/resistencia-iraqui-condiciona-regulacion-de-armas-a-la-retirada-de-eeuu\/"},"wordCount":441,"commentCount":0,"image":{"@id":"https:\/\/naenpalabras.net\/wp\/2026\/08\/30\/resistencia-iraqui-condiciona-regulacion-de-armas-a-la-retirada-de-eeuu\/#primaryimage"},"thumbnailUrl":"https:\/\/naenpalabras.net\/wp\/wp-content\/uploads\/2026\/08\/4-11.jpg","keywords":["EE.UU","iraqu\u00ed","Resistencia"],"articleSection":["Noticias"],"inLanguage":"es","potentialAction":[{"@type":"CommentAction","name":"Comment","target":["https:\/\/naenpalabras.net\/wp\/2026\/08\/30\/resistencia-iraqui-condiciona-regulacion-de-armas-a-la-retirada-de-eeuu\/#respond"]}]},{"@type":"WebPage","@id":"https:\/\/naenpalabras.net\/wp\/2026\/08\/30\/resistencia-iraqui-condiciona-regulacion-de-armas-a-la-retirada-de-eeuu\/","url":"https:\/\/naenpalabras.net\/wp\/2026\/08\/30\/resistencia-iraqui-condiciona-regulacion-de-armas-a-la-retirada-de-eeuu\/","name":"Resistencia iraqu\u00ed condiciona regulaci\u00f3n de armas a la retirada de EEUU - Nuestra Am\u00e9rica En Palabras","isPartOf":{"@id":"https:\/\/naenpalabras.net\/wp\/#website"},"primaryImageOfPage":{"@id":"https:\/\/naenpalabras.net\/wp\/2026\/08\/30\/resistencia-iraqui-condiciona-regulacion-de-armas-a-la-retirada-de-eeuu\/#primaryimage"},"image":{"@id":"https:\/\/naenpalabras.net\/wp\/2026\/08\/30\/resistencia-iraqui-condiciona-regulacion-de-armas-a-la-retirada-de-eeuu\/#primaryimage"},"thumbnailUrl":"https:\/\/naenpalabras.net\/wp\/wp-content\/uploads\/2026\/08\/4-11.jpg","datePublished":"2026-08-30T06:30:04+00:00","author":{"@id":"https:\/\/naenpalabras.net\/wp\/#\/schema\/person\/2b8dc3b44be009cae3c432096b2fad15"},"breadcrumb":{"@id":"https:\/\/naenpalabras.net\/wp\/2026\/08\/30\/resistencia-iraqui-condiciona-regulacion-de-armas-a-la-retirada-de-eeuu\/#breadcrumb"},"inLanguage":"es","potentialAction":[{"@type":"ReadAction","target":["https:\/\/naenpalabras.net\/wp\/2026\/08\/30\/resistencia-iraqui-condiciona-regulacion-de-armas-a-la-retirada-de-eeuu\/"]}]},{"@type":"ImageObject","inLanguage":"es","@id":"https:\/\/naenpalabras.net\/wp\/2026\/08\/30\/resistencia-iraqui-condiciona-regulacion-de-armas-a-la-retirada-de-eeuu\/#primaryimage","url":"https:\/\/naenpalabras.net\/wp\/wp-content\/uploads\/2026\/08\/4-11.jpg","contentUrl":"https:\/\/naenpalabras.net\/wp\/wp-content\/uploads\/2026\/08\/4-11.jpg","width":880,"height":495},{"@type":"BreadcrumbList","@id":"https:\/\/naenpalabras.net\/wp\/2026\/08\/30\/resistencia-iraqui-condiciona-regulacion-de-armas-a-la-retirada-de-eeuu\/#breadcrumb","itemListElement":[{"@type":"ListItem","position":1,"name":"Portada","item":"https:\/\/naenpalabras.net\/wp\/"},{"@type":"ListItem","position":2,"name":"Resistencia iraqu\u00ed condiciona regulaci\u00f3n de armas a la retirada de EEUU"}]},{"@type":"WebSite","@id":"https:\/\/naenpalabras.net\/wp\/#website","url":"https:\/\/naenpalabras.net\/wp\/","name":"Nuestra Am\u00e9rica En Palabras","description":"","potentialAction":[{"@type":"SearchAction","target":{"@type":"EntryPoint","urlTemplate":"https:\/\/naenpalabras.net\/wp\/?s={search_term_string}"},"query-input":{"@type":"PropertyValueSpecification","valueRequired":true,"valueName":"search_term_string"}}],"inLanguage":"es"},{"@type":"Person","@id":"https:\/\/naenpalabras.net\/wp\/#\/schema\/person\/2b8dc3b44be009cae3c432096b2fad15","name":"naenp","image":{"@type":"ImageObject","inLanguage":"es","@id":"https:\/\/secure.gravatar.com\/avatar\/ebeb7cc417e6a6b9894cfaca0e864947ba305c2cd77c221b39b90345e02bc3bb?s=96&d=mm&r=g","url":"https:\/\/secure.gravatar.com\/avatar\/ebeb7cc417e6a6b9894cfaca0e864947ba305c2cd77c221b39b90345e02bc3bb?s=96&d=mm&r=g","contentUrl":"https:\/\/secure.gravatar.com\/avatar\/ebeb7cc417e6a6b9894cfaca0e864947ba305c2cd77c221b39b90345e02bc3bb?s=96&d=mm&r=g","caption":"naenp"},"sameAs":["https:\/\/naenpalabras.net\/wp"],"url":"https:\/\/naenpalabras.net\/wp\/author\/admin-2\/"}]}},"_links":{"self":[{"href":"https:\/\/naenpalabras.net\/wp\/wp-json\/wp\/v2\/posts\/7212","targetHints":{"allow":["GET"]}}],"collection":[{"href":"https:\/\/naenpalabras.net\/wp\/wp-json\/wp\/v2\/posts"}],"about":[{"href":"https:\/\/naenpalabras.net\/wp\/wp-json\/wp\/v2\/types\/post"}],"author":[{"embeddable":true,"href":"https:\/\/naenpalabras.net\/wp\/wp-json\/wp\/v2\/users\/2"}],"replies":[{"embeddable":true,"href":"https:\/\/naenpalabras.net\/wp\/wp-json\/wp\/v2\/comments?post=7212"}],"version-history":[{"count":1,"href":"https:\/\/naenpalabras.net\/wp\/wp-json\/wp\/v2\/posts\/7212\/revisions"}],"predecessor-version":[{"id":7214,"href":"https:\/\/naenpalabras.net\/wp\/wp-json\/wp\/v2\/posts\/7212\/revisions\/7214"}],"wp:featuredmedia":[{"embeddable":true,"href":"https:\/\/naenpalabras.net\/wp\/wp-json\/wp\/v2\/media\/7213"}],"wp:attachment":[{"href":"https:\/\/naenpalabras.net\/wp\/wp-json\/wp\/v2\/media?parent=7212"}],"wp:term":[{"taxonomy":"category","embeddable":true,"href":"https:\/\/naenpalabras.net\/wp\/wp-json\/wp\/v2\/categories?post=7212"},{"taxonomy":"post_tag","embeddable":true,"href":"https:\/\/naenpalabras.net\/wp\/wp-json\/wp\/v2\/tags?post=7212"}],"curies":[{"name":"wp","href":"https:\/\/api.w.org\/{rel}","templated":true}]}}