{"id":6801,"date":"2026-07-18T16:27:59","date_gmt":"2026-07-18T20:27:59","guid":{"rendered":"https:\/\/naenpalabras.net\/wp\/?p=6801"},"modified":"2026-07-18T16:27:59","modified_gmt":"2026-07-18T20:27:59","slug":"iran-compara-a-eeuu-con-grupos-terroristas-por-atacar-infraestructura-civil","status":"publish","type":"post","link":"https:\/\/naenpalabras.net\/wp\/2026\/07\/18\/iran-compara-a-eeuu-con-grupos-terroristas-por-atacar-infraestructura-civil\/","title":{"rendered":"Ir\u00e1n compara a EEUU con grupos terroristas por atacar infraestructura civil"},"content":{"rendered":"<div class=\"col-xs-12 col-md-8\">\n<div class=\"item-text\">\n<p class=\"introtext\">El portavoz de la Canciller\u00eda iran\u00ed ha condenado en\u00e9rgicamente los ataques estadounidenses contra infraestructuras civiles que evoca las pr\u00e1cticas de los grupos terroristas.<\/p>\n<div>\n<p>El portavoz del Ministerio de Asuntos Exteriores de Ir\u00e1n, Esmail Baqai, ha condenado este s\u00e1bado que el secretario de Guerra de EE.UU., Pete Hegseth, difundiera im\u00e1genes del momento en que Estados Unidos destruy\u00f3 la torre de vigilancia mar\u00edtima del puerto Shahid Kalantari, en Chabahar, al sureste de Ir\u00e1n, una instalaci\u00f3n civil dedicada a la seguridad mar\u00edtima y la navegaci\u00f3n.<\/p>\n<p>\u201cDe haber podido hacerlo, probablemente habr\u00eda difundido con el mismo escalofriante orgullo el ataque con misiles contra la escuela de Minab y la masacre de civiles en Lamerd\u201d, ha declarado Baqai en\u00a0<a href=\"https:\/\/x.com\/IRIMFA_SPOX\/status\/2078514055376158791?s=20\">su cuenta de X<\/a>, en referencia a los ataques de Washington durante la agresi\u00f3n estadounidense-israel\u00ed iniciada el 28 de febrero.<\/p>\n<ul>\n<li><a href=\"https:\/\/www.hispantv.com\/noticias\/politica\/646347\/mundo-no-permitira-olvidar-minab\"><strong>Ir\u00e1n: El mundo no permitir\u00e1 que se olvide la \u201cmasacre\u201d de Minab<\/strong><\/a><\/li>\n<\/ul>\n<p>Adem\u00e1s, ha recordado que anoche Estados Unidos tambi\u00e9n atac\u00f3 las instalaciones el\u00e9ctricas y\u00a0<a href=\"https:\/\/www.hispantv.com\/noticias\/noticias-de-iran\/647289\/aldeas-iran-sin-agua-ataques-eeuu\">las plantas de desalinizaci\u00f3n<\/a>\u00a0del muelle de la aldea costera de Bunyi, en el condado de Yask, \u201cdejando a m\u00e1s de 10 000 personas sin acceso al agua potable\u201d.<\/p>\n<p>\u201cPara un Estado que en otro tiempo se presentaba como el campe\u00f3n mundial del orden, el liberalismo y la guerra contra el terrorismo, exhibir con orgullo im\u00e1genes de puentes e infraestructuras civiles destruidos se ha convertido en su \u00fanica \u2018victoria\u2019 restante\u201d, ha afirmado.<\/p>\n<p>Seg\u00fan Baqai, con el derrumbe de cada puente, cada torre y cada instalaci\u00f3n civil, \u201cla autoridad moral de Estados Unidos, junto con toda la arquitectura del derecho internacional y las pretensiones civilizatorias de Occidente\u201d, se est\u00e1 desmoronando ante los ojos del mundo.<\/p>\n<ul>\n<li><a href=\"https:\/\/www.hispantv.com\/noticias\/opinion\/647301\/la-destruccion-estadounidense-del-simbolo-de-la-convergencia-del-sur-global-en-chabahar\"><strong>La destrucci\u00f3n estadounidense del s\u00edmbolo de la convergencia del Sur Global en Chabahar<\/strong><\/a><\/li>\n<\/ul>\n<div data-oembed-url=\"https:\/\/www.hispantv.com\/noticias\/politica\/647278\/iran-insta-onu-actuar-crimenes-guerra-eeuu\">\n<div class=\"oembed\"><\/div>\n<\/div>\n<p>En este sentido, ha preguntado a Estados Unidos y a sus aliados que \u201c<strong>\u00bfcu\u00e1l es la verdadera diferencia entre lo que han hecho en Chabahar, Minab, Lamerd y Yask, y los mismos actos de terrorismo que en otro tiempo invocaron para justificar sus guerras y ocupaciones?<\/strong>\u201d.<\/p>\n<p><strong><a title=\"ONU condena ataques de EEUU a infraestructura civil en Ir\u00e1n: son \u201cinaceptables\u201d\" href=\"https:\/\/www.hispantv.com\/noticias\/politica\/647271\/onu-ataques-eeuu-infraestructura-civil-iran-inaceptables\">ONU condena ataques de EEUU a infraestructura civil en Ir\u00e1n: son \u201cinaceptables\u201d<\/a><\/strong><\/p>\n<p>Estados Unidos reanud\u00f3 la semana pasada su agresi\u00f3n militar contra Ir\u00e1n, en violaci\u00f3n del memorando de entendimiento (MoU, por sus siglas en ingl\u00e9s) que ambas partes firmaron el 17 de junio con el objetivo de poner fin a las guerras en todos los frentes.<\/p>\n<p>El Ministerio de Salud iran\u00ed\u00a0<a href=\"https:\/\/www.hispantv.com\/noticias\/politica\/647298\/iran-ataques-eeuu-50-martires-500-heridos\">ha anunciado que 50 personas han sido martirizadas y m\u00e1s de 500 han resultado heridas<\/a>\u00a0como consecuencia de los ataques estadounidenses perpetrados en distintas partes del pa\u00eds desde el 6 de julio.<\/p>\n<p>Ir\u00e1n ha respondido con varias rondas de ataques con drones y misiles contra activos militares estadounidenses en toda la regi\u00f3n de Asia Occidental.<\/p>\n<ul>\n<li><strong><a href=\"https:\/\/www.hispantv.com\/noticias\/defensa\/647235\/iran-responde--eeuu-con-lluvia-drones-base-barein\">Ir\u00e1n responde a EEUU con ataques a bases en Bar\u00e9in y Kuwait<\/a><\/strong><\/li>\n<\/ul>\n<p><a href=\"https:\/\/www.hispantv.com\/noticias\/politica\/647309\/iran-eeuu-terroristas-atacar-infraestructura\"><strong>Fuente: Hispantv\u00a0<\/strong><\/a><\/p>\n<\/div>\n<\/div>\n<\/div>\n","protected":false},"excerpt":{"rendered":"<p>El portavoz de la Canciller\u00eda iran\u00ed ha condenado en\u00e9rgicamente los ataques estadounidenses contra infraestructuras civiles que evoca las pr\u00e1cticas de los grupos terroristas. El portavoz del Ministerio de Asuntos Exteriores de Ir\u00e1n, Esmail Baqai, ha condenado este s\u00e1bado que el secretario de Guerra de EE.UU., Pete Hegseth, difundiera im\u00e1genes del [&hellip;]<\/p>\n","protected":false},"author":2,"featured_media":6802,"comment_status":"open","ping_status":"closed","sticky":false,"template":"","format":"standard","meta":{"footnotes":""},"categories":[4],"tags":[31,26,309],"class_list":["post-6801","post","type-post","status-publish","format-standard","has-post-thumbnail","hentry","category-noticias","tag-ee-uu","tag-iran","tag-terroristas"],"yoast_head":"<!-- This site is optimized with the Yoast SEO plugin v28.4 - https:\/\/yoast.com\/product\/yoast-seo-wordpress\/ -->\n<title>Ir\u00e1n compara a EEUU con grupos terroristas por atacar infraestructura civil - Nuestra Am\u00e9rica En Palabras<\/title>\n<meta name=\"robots\" content=\"index, follow, max-snippet:-1, max-image-preview:large, max-video-preview:-1\" \/>\n<link rel=\"canonical\" href=\"https:\/\/naenpalabras.net\/wp\/2026\/07\/18\/iran-compara-a-eeuu-con-grupos-terroristas-por-atacar-infraestructura-civil\/\" \/>\n<meta property=\"og:locale\" content=\"es_ES\" \/>\n<meta property=\"og:type\" content=\"article\" \/>\n<meta property=\"og:title\" content=\"Ir\u00e1n compara a EEUU con grupos terroristas por atacar infraestructura civil - Nuestra Am\u00e9rica En Palabras\" \/>\n<meta property=\"og:description\" content=\"El portavoz de la Canciller\u00eda iran\u00ed ha condenado en\u00e9rgicamente los ataques estadounidenses contra infraestructuras civiles que evoca las pr\u00e1cticas de los grupos terroristas. El portavoz del Ministerio de Asuntos Exteriores de Ir\u00e1n, Esmail Baqai, ha condenado este s\u00e1bado que el secretario de Guerra de EE.UU., Pete Hegseth, difundiera im\u00e1genes del [&hellip;]\" \/>\n<meta property=\"og:url\" content=\"https:\/\/naenpalabras.net\/wp\/2026\/07\/18\/iran-compara-a-eeuu-con-grupos-terroristas-por-atacar-infraestructura-civil\/\" \/>\n<meta property=\"og:site_name\" content=\"Nuestra Am\u00e9rica En Palabras\" \/>\n<meta property=\"article:published_time\" content=\"2026-07-18T20:27:59+00:00\" \/>\n<meta property=\"og:image\" content=\"https:\/\/naenpalabras.net\/wp\/wp-content\/uploads\/2026\/07\/2-3.jpg\" \/>\n\t<meta property=\"og:image:width\" content=\"880\" \/>\n\t<meta property=\"og:image:height\" content=\"495\" \/>\n\t<meta property=\"og:image:type\" content=\"image\/jpeg\" \/>\n<meta name=\"author\" content=\"naenp\" \/>\n<meta name=\"twitter:card\" content=\"summary_large_image\" \/>\n<meta name=\"twitter:label1\" content=\"Escrito por\" \/>\n\t<meta name=\"twitter:data1\" content=\"naenp\" \/>\n\t<meta name=\"twitter:label2\" content=\"Tiempo estimado de lectura\" \/>\n\t<meta name=\"twitter:data2\" content=\"3 minutos\" \/>\n<script type=\"application\/ld+json\" class=\"yoast-schema-graph\">{\"@context\":\"https:\\\/\\\/schema.org\",\"@graph\":[{\"@type\":\"Article\",\"@id\":\"https:\\\/\\\/naenpalabras.net\\\/wp\\\/2026\\\/07\\\/18\\\/iran-compara-a-eeuu-con-grupos-terroristas-por-atacar-infraestructura-civil\\\/#article\",\"isPartOf\":{\"@id\":\"https:\\\/\\\/naenpalabras.net\\\/wp\\\/2026\\\/07\\\/18\\\/iran-compara-a-eeuu-con-grupos-terroristas-por-atacar-infraestructura-civil\\\/\"},\"author\":{\"name\":\"naenp\",\"@id\":\"https:\\\/\\\/naenpalabras.net\\\/wp\\\/#\\\/schema\\\/person\\\/2b8dc3b44be009cae3c432096b2fad15\"},\"headline\":\"Ir\u00e1n compara a EEUU con grupos terroristas por atacar infraestructura civil\",\"datePublished\":\"2026-07-18T20:27:59+00:00\",\"mainEntityOfPage\":{\"@id\":\"https:\\\/\\\/naenpalabras.net\\\/wp\\\/2026\\\/07\\\/18\\\/iran-compara-a-eeuu-con-grupos-terroristas-por-atacar-infraestructura-civil\\\/\"},\"wordCount\":505,\"commentCount\":0,\"image\":{\"@id\":\"https:\\\/\\\/naenpalabras.net\\\/wp\\\/2026\\\/07\\\/18\\\/iran-compara-a-eeuu-con-grupos-terroristas-por-atacar-infraestructura-civil\\\/#primaryimage\"},\"thumbnailUrl\":\"https:\\\/\\\/naenpalabras.net\\\/wp\\\/wp-content\\\/uploads\\\/2026\\\/07\\\/2-3.jpg\",\"keywords\":[\"EE.UU\",\"Ir\u00e1n\",\"terroristas\"],\"articleSection\":[\"Noticias\"],\"inLanguage\":\"es\",\"potentialAction\":[{\"@type\":\"CommentAction\",\"name\":\"Comment\",\"target\":[\"https:\\\/\\\/naenpalabras.net\\\/wp\\\/2026\\\/07\\\/18\\\/iran-compara-a-eeuu-con-grupos-terroristas-por-atacar-infraestructura-civil\\\/#respond\"]}]},{\"@type\":\"WebPage\",\"@id\":\"https:\\\/\\\/naenpalabras.net\\\/wp\\\/2026\\\/07\\\/18\\\/iran-compara-a-eeuu-con-grupos-terroristas-por-atacar-infraestructura-civil\\\/\",\"url\":\"https:\\\/\\\/naenpalabras.net\\\/wp\\\/2026\\\/07\\\/18\\\/iran-compara-a-eeuu-con-grupos-terroristas-por-atacar-infraestructura-civil\\\/\",\"name\":\"Ir\u00e1n compara a EEUU con grupos terroristas por atacar infraestructura civil - Nuestra Am\u00e9rica En Palabras\",\"isPartOf\":{\"@id\":\"https:\\\/\\\/naenpalabras.net\\\/wp\\\/#website\"},\"primaryImageOfPage\":{\"@id\":\"https:\\\/\\\/naenpalabras.net\\\/wp\\\/2026\\\/07\\\/18\\\/iran-compara-a-eeuu-con-grupos-terroristas-por-atacar-infraestructura-civil\\\/#primaryimage\"},\"image\":{\"@id\":\"https:\\\/\\\/naenpalabras.net\\\/wp\\\/2026\\\/07\\\/18\\\/iran-compara-a-eeuu-con-grupos-terroristas-por-atacar-infraestructura-civil\\\/#primaryimage\"},\"thumbnailUrl\":\"https:\\\/\\\/naenpalabras.net\\\/wp\\\/wp-content\\\/uploads\\\/2026\\\/07\\\/2-3.jpg\",\"datePublished\":\"2026-07-18T20:27:59+00:00\",\"author\":{\"@id\":\"https:\\\/\\\/naenpalabras.net\\\/wp\\\/#\\\/schema\\\/person\\\/2b8dc3b44be009cae3c432096b2fad15\"},\"breadcrumb\":{\"@id\":\"https:\\\/\\\/naenpalabras.net\\\/wp\\\/2026\\\/07\\\/18\\\/iran-compara-a-eeuu-con-grupos-terroristas-por-atacar-infraestructura-civil\\\/#breadcrumb\"},\"inLanguage\":\"es\",\"potentialAction\":[{\"@type\":\"ReadAction\",\"target\":[\"https:\\\/\\\/naenpalabras.net\\\/wp\\\/2026\\\/07\\\/18\\\/iran-compara-a-eeuu-con-grupos-terroristas-por-atacar-infraestructura-civil\\\/\"]}]},{\"@type\":\"ImageObject\",\"inLanguage\":\"es\",\"@id\":\"https:\\\/\\\/naenpalabras.net\\\/wp\\\/2026\\\/07\\\/18\\\/iran-compara-a-eeuu-con-grupos-terroristas-por-atacar-infraestructura-civil\\\/#primaryimage\",\"url\":\"https:\\\/\\\/naenpalabras.net\\\/wp\\\/wp-content\\\/uploads\\\/2026\\\/07\\\/2-3.jpg\",\"contentUrl\":\"https:\\\/\\\/naenpalabras.net\\\/wp\\\/wp-content\\\/uploads\\\/2026\\\/07\\\/2-3.jpg\",\"width\":880,\"height\":495},{\"@type\":\"BreadcrumbList\",\"@id\":\"https:\\\/\\\/naenpalabras.net\\\/wp\\\/2026\\\/07\\\/18\\\/iran-compara-a-eeuu-con-grupos-terroristas-por-atacar-infraestructura-civil\\\/#breadcrumb\",\"itemListElement\":[{\"@type\":\"ListItem\",\"position\":1,\"name\":\"Portada\",\"item\":\"https:\\\/\\\/naenpalabras.net\\\/wp\\\/\"},{\"@type\":\"ListItem\",\"position\":2,\"name\":\"Ir\u00e1n compara a EEUU con grupos terroristas por atacar infraestructura civil\"}]},{\"@type\":\"WebSite\",\"@id\":\"https:\\\/\\\/naenpalabras.net\\\/wp\\\/#website\",\"url\":\"https:\\\/\\\/naenpalabras.net\\\/wp\\\/\",\"name\":\"Nuestra Am\u00e9rica En Palabras\",\"description\":\"\",\"potentialAction\":[{\"@type\":\"SearchAction\",\"target\":{\"@type\":\"EntryPoint\",\"urlTemplate\":\"https:\\\/\\\/naenpalabras.net\\\/wp\\\/?s={search_term_string}\"},\"query-input\":{\"@type\":\"PropertyValueSpecification\",\"valueRequired\":true,\"valueName\":\"search_term_string\"}}],\"inLanguage\":\"es\"},{\"@type\":\"Person\",\"@id\":\"https:\\\/\\\/naenpalabras.net\\\/wp\\\/#\\\/schema\\\/person\\\/2b8dc3b44be009cae3c432096b2fad15\",\"name\":\"naenp\",\"image\":{\"@type\":\"ImageObject\",\"inLanguage\":\"es\",\"@id\":\"https:\\\/\\\/secure.gravatar.com\\\/avatar\\\/ebeb7cc417e6a6b9894cfaca0e864947ba305c2cd77c221b39b90345e02bc3bb?s=96&d=mm&r=g\",\"url\":\"https:\\\/\\\/secure.gravatar.com\\\/avatar\\\/ebeb7cc417e6a6b9894cfaca0e864947ba305c2cd77c221b39b90345e02bc3bb?s=96&d=mm&r=g\",\"contentUrl\":\"https:\\\/\\\/secure.gravatar.com\\\/avatar\\\/ebeb7cc417e6a6b9894cfaca0e864947ba305c2cd77c221b39b90345e02bc3bb?s=96&d=mm&r=g\",\"caption\":\"naenp\"},\"sameAs\":[\"https:\\\/\\\/naenpalabras.net\\\/wp\"],\"url\":\"https:\\\/\\\/naenpalabras.net\\\/wp\\\/author\\\/admin-2\\\/\"}]}<\/script>\n<!-- \/ Yoast SEO plugin. -->","yoast_head_json":{"title":"Ir\u00e1n compara a EEUU con grupos terroristas por atacar infraestructura civil - Nuestra Am\u00e9rica En Palabras","robots":{"index":"index","follow":"follow","max-snippet":"max-snippet:-1","max-image-preview":"max-image-preview:large","max-video-preview":"max-video-preview:-1"},"canonical":"https:\/\/naenpalabras.net\/wp\/2026\/07\/18\/iran-compara-a-eeuu-con-grupos-terroristas-por-atacar-infraestructura-civil\/","og_locale":"es_ES","og_type":"article","og_title":"Ir\u00e1n compara a EEUU con grupos terroristas por atacar infraestructura civil - Nuestra Am\u00e9rica En Palabras","og_description":"El portavoz de la Canciller\u00eda iran\u00ed ha condenado en\u00e9rgicamente los ataques estadounidenses contra infraestructuras civiles que evoca las pr\u00e1cticas de los grupos terroristas. El portavoz del Ministerio de Asuntos Exteriores de Ir\u00e1n, Esmail Baqai, ha condenado este s\u00e1bado que el secretario de Guerra de EE.UU., Pete Hegseth, difundiera im\u00e1genes del [&hellip;]","og_url":"https:\/\/naenpalabras.net\/wp\/2026\/07\/18\/iran-compara-a-eeuu-con-grupos-terroristas-por-atacar-infraestructura-civil\/","og_site_name":"Nuestra Am\u00e9rica En Palabras","article_published_time":"2026-07-18T20:27:59+00:00","og_image":[{"width":880,"height":495,"url":"https:\/\/naenpalabras.net\/wp\/wp-content\/uploads\/2026\/07\/2-3.jpg","type":"image\/jpeg"}],"author":"naenp","twitter_card":"summary_large_image","twitter_misc":{"Escrito por":"naenp","Tiempo estimado de lectura":"3 minutos"},"schema":{"@context":"https:\/\/schema.org","@graph":[{"@type":"Article","@id":"https:\/\/naenpalabras.net\/wp\/2026\/07\/18\/iran-compara-a-eeuu-con-grupos-terroristas-por-atacar-infraestructura-civil\/#article","isPartOf":{"@id":"https:\/\/naenpalabras.net\/wp\/2026\/07\/18\/iran-compara-a-eeuu-con-grupos-terroristas-por-atacar-infraestructura-civil\/"},"author":{"name":"naenp","@id":"https:\/\/naenpalabras.net\/wp\/#\/schema\/person\/2b8dc3b44be009cae3c432096b2fad15"},"headline":"Ir\u00e1n compara a EEUU con grupos terroristas por atacar infraestructura civil","datePublished":"2026-07-18T20:27:59+00:00","mainEntityOfPage":{"@id":"https:\/\/naenpalabras.net\/wp\/2026\/07\/18\/iran-compara-a-eeuu-con-grupos-terroristas-por-atacar-infraestructura-civil\/"},"wordCount":505,"commentCount":0,"image":{"@id":"https:\/\/naenpalabras.net\/wp\/2026\/07\/18\/iran-compara-a-eeuu-con-grupos-terroristas-por-atacar-infraestructura-civil\/#primaryimage"},"thumbnailUrl":"https:\/\/naenpalabras.net\/wp\/wp-content\/uploads\/2026\/07\/2-3.jpg","keywords":["EE.UU","Ir\u00e1n","terroristas"],"articleSection":["Noticias"],"inLanguage":"es","potentialAction":[{"@type":"CommentAction","name":"Comment","target":["https:\/\/naenpalabras.net\/wp\/2026\/07\/18\/iran-compara-a-eeuu-con-grupos-terroristas-por-atacar-infraestructura-civil\/#respond"]}]},{"@type":"WebPage","@id":"https:\/\/naenpalabras.net\/wp\/2026\/07\/18\/iran-compara-a-eeuu-con-grupos-terroristas-por-atacar-infraestructura-civil\/","url":"https:\/\/naenpalabras.net\/wp\/2026\/07\/18\/iran-compara-a-eeuu-con-grupos-terroristas-por-atacar-infraestructura-civil\/","name":"Ir\u00e1n compara a EEUU con grupos terroristas por atacar infraestructura civil - Nuestra Am\u00e9rica En Palabras","isPartOf":{"@id":"https:\/\/naenpalabras.net\/wp\/#website"},"primaryImageOfPage":{"@id":"https:\/\/naenpalabras.net\/wp\/2026\/07\/18\/iran-compara-a-eeuu-con-grupos-terroristas-por-atacar-infraestructura-civil\/#primaryimage"},"image":{"@id":"https:\/\/naenpalabras.net\/wp\/2026\/07\/18\/iran-compara-a-eeuu-con-grupos-terroristas-por-atacar-infraestructura-civil\/#primaryimage"},"thumbnailUrl":"https:\/\/naenpalabras.net\/wp\/wp-content\/uploads\/2026\/07\/2-3.jpg","datePublished":"2026-07-18T20:27:59+00:00","author":{"@id":"https:\/\/naenpalabras.net\/wp\/#\/schema\/person\/2b8dc3b44be009cae3c432096b2fad15"},"breadcrumb":{"@id":"https:\/\/naenpalabras.net\/wp\/2026\/07\/18\/iran-compara-a-eeuu-con-grupos-terroristas-por-atacar-infraestructura-civil\/#breadcrumb"},"inLanguage":"es","potentialAction":[{"@type":"ReadAction","target":["https:\/\/naenpalabras.net\/wp\/2026\/07\/18\/iran-compara-a-eeuu-con-grupos-terroristas-por-atacar-infraestructura-civil\/"]}]},{"@type":"ImageObject","inLanguage":"es","@id":"https:\/\/naenpalabras.net\/wp\/2026\/07\/18\/iran-compara-a-eeuu-con-grupos-terroristas-por-atacar-infraestructura-civil\/#primaryimage","url":"https:\/\/naenpalabras.net\/wp\/wp-content\/uploads\/2026\/07\/2-3.jpg","contentUrl":"https:\/\/naenpalabras.net\/wp\/wp-content\/uploads\/2026\/07\/2-3.jpg","width":880,"height":495},{"@type":"BreadcrumbList","@id":"https:\/\/naenpalabras.net\/wp\/2026\/07\/18\/iran-compara-a-eeuu-con-grupos-terroristas-por-atacar-infraestructura-civil\/#breadcrumb","itemListElement":[{"@type":"ListItem","position":1,"name":"Portada","item":"https:\/\/naenpalabras.net\/wp\/"},{"@type":"ListItem","position":2,"name":"Ir\u00e1n compara a EEUU con grupos terroristas por atacar infraestructura civil"}]},{"@type":"WebSite","@id":"https:\/\/naenpalabras.net\/wp\/#website","url":"https:\/\/naenpalabras.net\/wp\/","name":"Nuestra Am\u00e9rica En Palabras","description":"","potentialAction":[{"@type":"SearchAction","target":{"@type":"EntryPoint","urlTemplate":"https:\/\/naenpalabras.net\/wp\/?s={search_term_string}"},"query-input":{"@type":"PropertyValueSpecification","valueRequired":true,"valueName":"search_term_string"}}],"inLanguage":"es"},{"@type":"Person","@id":"https:\/\/naenpalabras.net\/wp\/#\/schema\/person\/2b8dc3b44be009cae3c432096b2fad15","name":"naenp","image":{"@type":"ImageObject","inLanguage":"es","@id":"https:\/\/secure.gravatar.com\/avatar\/ebeb7cc417e6a6b9894cfaca0e864947ba305c2cd77c221b39b90345e02bc3bb?s=96&d=mm&r=g","url":"https:\/\/secure.gravatar.com\/avatar\/ebeb7cc417e6a6b9894cfaca0e864947ba305c2cd77c221b39b90345e02bc3bb?s=96&d=mm&r=g","contentUrl":"https:\/\/secure.gravatar.com\/avatar\/ebeb7cc417e6a6b9894cfaca0e864947ba305c2cd77c221b39b90345e02bc3bb?s=96&d=mm&r=g","caption":"naenp"},"sameAs":["https:\/\/naenpalabras.net\/wp"],"url":"https:\/\/naenpalabras.net\/wp\/author\/admin-2\/"}]}},"_links":{"self":[{"href":"https:\/\/naenpalabras.net\/wp\/wp-json\/wp\/v2\/posts\/6801","targetHints":{"allow":["GET"]}}],"collection":[{"href":"https:\/\/naenpalabras.net\/wp\/wp-json\/wp\/v2\/posts"}],"about":[{"href":"https:\/\/naenpalabras.net\/wp\/wp-json\/wp\/v2\/types\/post"}],"author":[{"embeddable":true,"href":"https:\/\/naenpalabras.net\/wp\/wp-json\/wp\/v2\/users\/2"}],"replies":[{"embeddable":true,"href":"https:\/\/naenpalabras.net\/wp\/wp-json\/wp\/v2\/comments?post=6801"}],"version-history":[{"count":1,"href":"https:\/\/naenpalabras.net\/wp\/wp-json\/wp\/v2\/posts\/6801\/revisions"}],"predecessor-version":[{"id":6803,"href":"https:\/\/naenpalabras.net\/wp\/wp-json\/wp\/v2\/posts\/6801\/revisions\/6803"}],"wp:featuredmedia":[{"embeddable":true,"href":"https:\/\/naenpalabras.net\/wp\/wp-json\/wp\/v2\/media\/6802"}],"wp:attachment":[{"href":"https:\/\/naenpalabras.net\/wp\/wp-json\/wp\/v2\/media?parent=6801"}],"wp:term":[{"taxonomy":"category","embeddable":true,"href":"https:\/\/naenpalabras.net\/wp\/wp-json\/wp\/v2\/categories?post=6801"},{"taxonomy":"post_tag","embeddable":true,"href":"https:\/\/naenpalabras.net\/wp\/wp-json\/wp\/v2\/tags?post=6801"}],"curies":[{"name":"wp","href":"https:\/\/api.w.org\/{rel}","templated":true}]}}