{"id":5163,"date":"2026-01-20T18:21:33","date_gmt":"2026-01-20T22:21:33","guid":{"rendered":"https:\/\/naenpalabras.net\/wp\/?p=5163"},"modified":"2026-01-20T18:21:33","modified_gmt":"2026-01-20T22:21:33","slug":"rusia-advierte-potencias-foraneas-buscan-desestabilizar-iran","status":"publish","type":"post","link":"https:\/\/naenpalabras.net\/wp\/2026\/01\/20\/rusia-advierte-potencias-foraneas-buscan-desestabilizar-iran\/","title":{"rendered":"Rusia advierte: Potencias for\u00e1neas buscan desestabilizar Ir\u00e1n"},"content":{"rendered":"<div class=\"col-xs-12 col-md-8\">\n<div class=\"item-text\">\n<p class=\"introtext\">El ministro de Asuntos Exteriores de Rusia ha expresado su profunda preocupaci\u00f3n por los esfuerzos evidentes de las fuerzas for\u00e1neas para desestabilizar Ir\u00e1n.<\/p>\n<div>\n<p>\u201cY, por supuesto, nos preocupan profundamente los intentos evidentes de fuerzas externas por desestabilizar la situaci\u00f3n pol\u00edtica interna en Ir\u00e1n\u201d, ha destacado el canciller ruso, Sergu\u00e9i Lavrov, en una conferencia de prensa celebrada este martes con el fin de analizar los resultados principales de la diplomacia rusa en 2025.<\/p>\n<ul>\n<li><strong><a title=\"\u00bfC\u00f3mo las fuerzas externas hostiles explotan el descontento econ\u00f3mico en Teher\u00e1n para fomentar el caos?\" href=\"https:\/\/www.hispantv.com\/noticias\/opinion\/637682\/teheran-fuerzas-externas-hostiles-explotan-descontento-economico-fomentar-caos\">Protestas en Teher\u00e1n: \u00bfC\u00f3mo las fuerzas externas hostiles explotan el descontento econ\u00f3mico para fomentar el caos?<\/a><\/strong><\/li>\n<\/ul>\n<p>Tambi\u00e9n ha recalcado que debe garantizarse el derecho de Ir\u00e1n al uso pac\u00edfico de la energ\u00eda nuclear.<\/p>\n<p>Al criticar el orden mundial al que los pa\u00edses occidentales recurren para justificar sus acciones, Lavrov ha se\u00f1alado que dicha narrativa ha perdido su validez, destacando que ya no hay reglas en la escena global y se est\u00e1 jugando a \u201cel que es m\u00e1s fuerte, tiene la raz\u00f3n\u201d.<\/p>\n<ul>\n<li><\/li>\n<\/ul>\n<div data-oembed-url=\"https:\/\/www.hispantv.com\/noticias\/rusia\/638560\/apoyo-iran-amenazas-eeuu\"><\/div>\n<p>En otra parte de su intervenci\u00f3n, Lavrov ha calificado como una \u201cbrutal invasi\u00f3n armada\u201d el ataque de Estados Unidos contra Venezuela el\u00a03 de enero, que concluy\u00f3 con m\u00e1s de cien muertos, entre militares y civiles, y el secuestro del presidente Nicol\u00e1s Maduro\u00a0y su esposa, Cilia Flores.<\/p>\n<p>\u201cHemos sido testigos de acontecimientos sin precedentes, de una brutal invasi\u00f3n armada de Estados Unidos en Venezuela con\u00a0decenas de muertos y heridos, testigos del secuestro y el secuestro del presidente leg\u00edtimo Nicol\u00e1s Maduro y su esposa\u201d, ha afirmado Lavrov.<\/p>\n<p>Ha puesto de relieve, asimismo, que Mosc\u00fa est\u00e1 observando amenazas de EE.UU. contra \u201cCuba y otros pa\u00edses de la regi\u00f3n latinoamericana y caribe\u00f1a\u201d.<\/p>\n<p>El canciller ruso ha asegurado que las consecuencias no solo las sienten los pa\u00edses del Sur Global, los del Este Global, sino las naciones occidentales donde se revelan nuevas tendencias. \u201cGroenlandia es un ejemplo revelador\u201d, ha se\u00f1alado.<\/p>\n<ul>\n<li><a href=\"https:\/\/www.hispantv.com\/noticias\/rusia\/638565\/europa-hablar-groenlandia-iran\"><strong>Rusia: Es mejor que Europa hable de Groenlandia antes que de Ir\u00e1n<\/strong><\/a><\/li>\n<\/ul>\n<p>Anteriormente, Lavrov asegur\u00f3 que Mosc\u00fa continuar\u00e1 trabajando con Ir\u00e1n a pesar de las amenazas de ataques y sanciones impuestas por Estados Unidos.<\/p>\n<\/div>\n<\/div>\n<\/div>\n<p><a href=\"https:\/\/www.hispantv.com\/noticias\/rusia\/638918\/advierte-potencias-foraneas-buscan-desestabilizar-iran\"><strong>Fuente: Hispantv\u00a0<\/strong><\/a><\/p>\n","protected":false},"excerpt":{"rendered":"<p>El ministro de Asuntos Exteriores de Rusia ha expresado su profunda preocupaci\u00f3n por los esfuerzos evidentes de las fuerzas for\u00e1neas para desestabilizar Ir\u00e1n. \u201cY, por supuesto, nos preocupan profundamente los intentos evidentes de fuerzas externas por desestabilizar la situaci\u00f3n pol\u00edtica interna en Ir\u00e1n\u201d, ha destacado el canciller ruso, Sergu\u00e9i Lavrov, [&hellip;]<\/p>\n","protected":false},"author":2,"featured_media":5164,"comment_status":"open","ping_status":"closed","sticky":false,"template":"","format":"standard","meta":{"footnotes":""},"categories":[4],"tags":[1368,26,60],"class_list":["post-5163","post","type-post","status-publish","format-standard","has-post-thumbnail","hentry","category-noticias","tag-desestabilizar","tag-iran","tag-rusia"],"yoast_head":"<!-- This site is optimized with the Yoast SEO plugin v27.5 - https:\/\/yoast.com\/product\/yoast-seo-wordpress\/ -->\n<title>Rusia advierte: Potencias for\u00e1neas buscan desestabilizar Ir\u00e1n - Nuestra Am\u00e9rica En Palabras<\/title>\n<meta name=\"robots\" content=\"index, follow, max-snippet:-1, max-image-preview:large, max-video-preview:-1\" \/>\n<link rel=\"canonical\" href=\"https:\/\/naenpalabras.net\/wp\/2026\/01\/20\/rusia-advierte-potencias-foraneas-buscan-desestabilizar-iran\/\" \/>\n<meta property=\"og:locale\" content=\"es_ES\" \/>\n<meta property=\"og:type\" content=\"article\" \/>\n<meta property=\"og:title\" content=\"Rusia advierte: Potencias for\u00e1neas buscan desestabilizar Ir\u00e1n - Nuestra Am\u00e9rica En Palabras\" \/>\n<meta property=\"og:description\" content=\"El ministro de Asuntos Exteriores de Rusia ha expresado su profunda preocupaci\u00f3n por los esfuerzos evidentes de las fuerzas for\u00e1neas para desestabilizar Ir\u00e1n. \u201cY, por supuesto, nos preocupan profundamente los intentos evidentes de fuerzas externas por desestabilizar la situaci\u00f3n pol\u00edtica interna en Ir\u00e1n\u201d, ha destacado el canciller ruso, Sergu\u00e9i Lavrov, [&hellip;]\" \/>\n<meta property=\"og:url\" content=\"https:\/\/naenpalabras.net\/wp\/2026\/01\/20\/rusia-advierte-potencias-foraneas-buscan-desestabilizar-iran\/\" \/>\n<meta property=\"og:site_name\" content=\"Nuestra Am\u00e9rica En Palabras\" \/>\n<meta property=\"article:published_time\" content=\"2026-01-20T22:21:33+00:00\" \/>\n<meta property=\"og:image\" content=\"https:\/\/naenpalabras.net\/wp\/wp-content\/uploads\/2026\/01\/5-2.jpg\" \/>\n\t<meta property=\"og:image:width\" content=\"880\" \/>\n\t<meta property=\"og:image:height\" content=\"495\" \/>\n\t<meta property=\"og:image:type\" content=\"image\/jpeg\" \/>\n<meta name=\"author\" content=\"naenp\" \/>\n<meta name=\"twitter:card\" content=\"summary_large_image\" \/>\n<meta name=\"twitter:label1\" content=\"Escrito por\" \/>\n\t<meta name=\"twitter:data1\" content=\"naenp\" \/>\n\t<meta name=\"twitter:label2\" content=\"Tiempo estimado de lectura\" \/>\n\t<meta name=\"twitter:data2\" content=\"2 minutos\" \/>\n<script type=\"application\/ld+json\" class=\"yoast-schema-graph\">{\"@context\":\"https:\\\/\\\/schema.org\",\"@graph\":[{\"@type\":\"Article\",\"@id\":\"https:\\\/\\\/naenpalabras.net\\\/wp\\\/2026\\\/01\\\/20\\\/rusia-advierte-potencias-foraneas-buscan-desestabilizar-iran\\\/#article\",\"isPartOf\":{\"@id\":\"https:\\\/\\\/naenpalabras.net\\\/wp\\\/2026\\\/01\\\/20\\\/rusia-advierte-potencias-foraneas-buscan-desestabilizar-iran\\\/\"},\"author\":{\"name\":\"naenp\",\"@id\":\"https:\\\/\\\/naenpalabras.net\\\/wp\\\/#\\\/schema\\\/person\\\/2b8dc3b44be009cae3c432096b2fad15\"},\"headline\":\"Rusia advierte: Potencias for\u00e1neas buscan desestabilizar Ir\u00e1n\",\"datePublished\":\"2026-01-20T22:21:33+00:00\",\"mainEntityOfPage\":{\"@id\":\"https:\\\/\\\/naenpalabras.net\\\/wp\\\/2026\\\/01\\\/20\\\/rusia-advierte-potencias-foraneas-buscan-desestabilizar-iran\\\/\"},\"wordCount\":377,\"commentCount\":0,\"image\":{\"@id\":\"https:\\\/\\\/naenpalabras.net\\\/wp\\\/2026\\\/01\\\/20\\\/rusia-advierte-potencias-foraneas-buscan-desestabilizar-iran\\\/#primaryimage\"},\"thumbnailUrl\":\"https:\\\/\\\/naenpalabras.net\\\/wp\\\/wp-content\\\/uploads\\\/2026\\\/01\\\/5-2.jpg\",\"keywords\":[\"desestabilizar\",\"Ir\u00e1n\",\"Rusia\"],\"articleSection\":[\"Noticias\"],\"inLanguage\":\"es\",\"potentialAction\":[{\"@type\":\"CommentAction\",\"name\":\"Comment\",\"target\":[\"https:\\\/\\\/naenpalabras.net\\\/wp\\\/2026\\\/01\\\/20\\\/rusia-advierte-potencias-foraneas-buscan-desestabilizar-iran\\\/#respond\"]}]},{\"@type\":\"WebPage\",\"@id\":\"https:\\\/\\\/naenpalabras.net\\\/wp\\\/2026\\\/01\\\/20\\\/rusia-advierte-potencias-foraneas-buscan-desestabilizar-iran\\\/\",\"url\":\"https:\\\/\\\/naenpalabras.net\\\/wp\\\/2026\\\/01\\\/20\\\/rusia-advierte-potencias-foraneas-buscan-desestabilizar-iran\\\/\",\"name\":\"Rusia advierte: Potencias for\u00e1neas buscan desestabilizar Ir\u00e1n - Nuestra Am\u00e9rica En Palabras\",\"isPartOf\":{\"@id\":\"https:\\\/\\\/naenpalabras.net\\\/wp\\\/#website\"},\"primaryImageOfPage\":{\"@id\":\"https:\\\/\\\/naenpalabras.net\\\/wp\\\/2026\\\/01\\\/20\\\/rusia-advierte-potencias-foraneas-buscan-desestabilizar-iran\\\/#primaryimage\"},\"image\":{\"@id\":\"https:\\\/\\\/naenpalabras.net\\\/wp\\\/2026\\\/01\\\/20\\\/rusia-advierte-potencias-foraneas-buscan-desestabilizar-iran\\\/#primaryimage\"},\"thumbnailUrl\":\"https:\\\/\\\/naenpalabras.net\\\/wp\\\/wp-content\\\/uploads\\\/2026\\\/01\\\/5-2.jpg\",\"datePublished\":\"2026-01-20T22:21:33+00:00\",\"author\":{\"@id\":\"https:\\\/\\\/naenpalabras.net\\\/wp\\\/#\\\/schema\\\/person\\\/2b8dc3b44be009cae3c432096b2fad15\"},\"breadcrumb\":{\"@id\":\"https:\\\/\\\/naenpalabras.net\\\/wp\\\/2026\\\/01\\\/20\\\/rusia-advierte-potencias-foraneas-buscan-desestabilizar-iran\\\/#breadcrumb\"},\"inLanguage\":\"es\",\"potentialAction\":[{\"@type\":\"ReadAction\",\"target\":[\"https:\\\/\\\/naenpalabras.net\\\/wp\\\/2026\\\/01\\\/20\\\/rusia-advierte-potencias-foraneas-buscan-desestabilizar-iran\\\/\"]}]},{\"@type\":\"ImageObject\",\"inLanguage\":\"es\",\"@id\":\"https:\\\/\\\/naenpalabras.net\\\/wp\\\/2026\\\/01\\\/20\\\/rusia-advierte-potencias-foraneas-buscan-desestabilizar-iran\\\/#primaryimage\",\"url\":\"https:\\\/\\\/naenpalabras.net\\\/wp\\\/wp-content\\\/uploads\\\/2026\\\/01\\\/5-2.jpg\",\"contentUrl\":\"https:\\\/\\\/naenpalabras.net\\\/wp\\\/wp-content\\\/uploads\\\/2026\\\/01\\\/5-2.jpg\",\"width\":880,\"height\":495},{\"@type\":\"BreadcrumbList\",\"@id\":\"https:\\\/\\\/naenpalabras.net\\\/wp\\\/2026\\\/01\\\/20\\\/rusia-advierte-potencias-foraneas-buscan-desestabilizar-iran\\\/#breadcrumb\",\"itemListElement\":[{\"@type\":\"ListItem\",\"position\":1,\"name\":\"Portada\",\"item\":\"https:\\\/\\\/naenpalabras.net\\\/wp\\\/\"},{\"@type\":\"ListItem\",\"position\":2,\"name\":\"Rusia advierte: Potencias for\u00e1neas buscan desestabilizar Ir\u00e1n\"}]},{\"@type\":\"WebSite\",\"@id\":\"https:\\\/\\\/naenpalabras.net\\\/wp\\\/#website\",\"url\":\"https:\\\/\\\/naenpalabras.net\\\/wp\\\/\",\"name\":\"Nuestra Am\u00e9rica En Palabras\",\"description\":\"\",\"potentialAction\":[{\"@type\":\"SearchAction\",\"target\":{\"@type\":\"EntryPoint\",\"urlTemplate\":\"https:\\\/\\\/naenpalabras.net\\\/wp\\\/?s={search_term_string}\"},\"query-input\":{\"@type\":\"PropertyValueSpecification\",\"valueRequired\":true,\"valueName\":\"search_term_string\"}}],\"inLanguage\":\"es\"},{\"@type\":\"Person\",\"@id\":\"https:\\\/\\\/naenpalabras.net\\\/wp\\\/#\\\/schema\\\/person\\\/2b8dc3b44be009cae3c432096b2fad15\",\"name\":\"naenp\",\"image\":{\"@type\":\"ImageObject\",\"inLanguage\":\"es\",\"@id\":\"https:\\\/\\\/secure.gravatar.com\\\/avatar\\\/ebeb7cc417e6a6b9894cfaca0e864947ba305c2cd77c221b39b90345e02bc3bb?s=96&d=mm&r=g\",\"url\":\"https:\\\/\\\/secure.gravatar.com\\\/avatar\\\/ebeb7cc417e6a6b9894cfaca0e864947ba305c2cd77c221b39b90345e02bc3bb?s=96&d=mm&r=g\",\"contentUrl\":\"https:\\\/\\\/secure.gravatar.com\\\/avatar\\\/ebeb7cc417e6a6b9894cfaca0e864947ba305c2cd77c221b39b90345e02bc3bb?s=96&d=mm&r=g\",\"caption\":\"naenp\"},\"sameAs\":[\"https:\\\/\\\/naenpalabras.net\\\/wp\"],\"url\":\"https:\\\/\\\/naenpalabras.net\\\/wp\\\/author\\\/admin-2\\\/\"}]}<\/script>\n<!-- \/ Yoast SEO plugin. -->","yoast_head_json":{"title":"Rusia advierte: Potencias for\u00e1neas buscan desestabilizar Ir\u00e1n - Nuestra Am\u00e9rica En Palabras","robots":{"index":"index","follow":"follow","max-snippet":"max-snippet:-1","max-image-preview":"max-image-preview:large","max-video-preview":"max-video-preview:-1"},"canonical":"https:\/\/naenpalabras.net\/wp\/2026\/01\/20\/rusia-advierte-potencias-foraneas-buscan-desestabilizar-iran\/","og_locale":"es_ES","og_type":"article","og_title":"Rusia advierte: Potencias for\u00e1neas buscan desestabilizar Ir\u00e1n - Nuestra Am\u00e9rica En Palabras","og_description":"El ministro de Asuntos Exteriores de Rusia ha expresado su profunda preocupaci\u00f3n por los esfuerzos evidentes de las fuerzas for\u00e1neas para desestabilizar Ir\u00e1n. \u201cY, por supuesto, nos preocupan profundamente los intentos evidentes de fuerzas externas por desestabilizar la situaci\u00f3n pol\u00edtica interna en Ir\u00e1n\u201d, ha destacado el canciller ruso, Sergu\u00e9i Lavrov, [&hellip;]","og_url":"https:\/\/naenpalabras.net\/wp\/2026\/01\/20\/rusia-advierte-potencias-foraneas-buscan-desestabilizar-iran\/","og_site_name":"Nuestra Am\u00e9rica En Palabras","article_published_time":"2026-01-20T22:21:33+00:00","og_image":[{"width":880,"height":495,"url":"https:\/\/naenpalabras.net\/wp\/wp-content\/uploads\/2026\/01\/5-2.jpg","type":"image\/jpeg"}],"author":"naenp","twitter_card":"summary_large_image","twitter_misc":{"Escrito por":"naenp","Tiempo estimado de lectura":"2 minutos"},"schema":{"@context":"https:\/\/schema.org","@graph":[{"@type":"Article","@id":"https:\/\/naenpalabras.net\/wp\/2026\/01\/20\/rusia-advierte-potencias-foraneas-buscan-desestabilizar-iran\/#article","isPartOf":{"@id":"https:\/\/naenpalabras.net\/wp\/2026\/01\/20\/rusia-advierte-potencias-foraneas-buscan-desestabilizar-iran\/"},"author":{"name":"naenp","@id":"https:\/\/naenpalabras.net\/wp\/#\/schema\/person\/2b8dc3b44be009cae3c432096b2fad15"},"headline":"Rusia advierte: Potencias for\u00e1neas buscan desestabilizar Ir\u00e1n","datePublished":"2026-01-20T22:21:33+00:00","mainEntityOfPage":{"@id":"https:\/\/naenpalabras.net\/wp\/2026\/01\/20\/rusia-advierte-potencias-foraneas-buscan-desestabilizar-iran\/"},"wordCount":377,"commentCount":0,"image":{"@id":"https:\/\/naenpalabras.net\/wp\/2026\/01\/20\/rusia-advierte-potencias-foraneas-buscan-desestabilizar-iran\/#primaryimage"},"thumbnailUrl":"https:\/\/naenpalabras.net\/wp\/wp-content\/uploads\/2026\/01\/5-2.jpg","keywords":["desestabilizar","Ir\u00e1n","Rusia"],"articleSection":["Noticias"],"inLanguage":"es","potentialAction":[{"@type":"CommentAction","name":"Comment","target":["https:\/\/naenpalabras.net\/wp\/2026\/01\/20\/rusia-advierte-potencias-foraneas-buscan-desestabilizar-iran\/#respond"]}]},{"@type":"WebPage","@id":"https:\/\/naenpalabras.net\/wp\/2026\/01\/20\/rusia-advierte-potencias-foraneas-buscan-desestabilizar-iran\/","url":"https:\/\/naenpalabras.net\/wp\/2026\/01\/20\/rusia-advierte-potencias-foraneas-buscan-desestabilizar-iran\/","name":"Rusia advierte: Potencias for\u00e1neas buscan desestabilizar Ir\u00e1n - Nuestra Am\u00e9rica En Palabras","isPartOf":{"@id":"https:\/\/naenpalabras.net\/wp\/#website"},"primaryImageOfPage":{"@id":"https:\/\/naenpalabras.net\/wp\/2026\/01\/20\/rusia-advierte-potencias-foraneas-buscan-desestabilizar-iran\/#primaryimage"},"image":{"@id":"https:\/\/naenpalabras.net\/wp\/2026\/01\/20\/rusia-advierte-potencias-foraneas-buscan-desestabilizar-iran\/#primaryimage"},"thumbnailUrl":"https:\/\/naenpalabras.net\/wp\/wp-content\/uploads\/2026\/01\/5-2.jpg","datePublished":"2026-01-20T22:21:33+00:00","author":{"@id":"https:\/\/naenpalabras.net\/wp\/#\/schema\/person\/2b8dc3b44be009cae3c432096b2fad15"},"breadcrumb":{"@id":"https:\/\/naenpalabras.net\/wp\/2026\/01\/20\/rusia-advierte-potencias-foraneas-buscan-desestabilizar-iran\/#breadcrumb"},"inLanguage":"es","potentialAction":[{"@type":"ReadAction","target":["https:\/\/naenpalabras.net\/wp\/2026\/01\/20\/rusia-advierte-potencias-foraneas-buscan-desestabilizar-iran\/"]}]},{"@type":"ImageObject","inLanguage":"es","@id":"https:\/\/naenpalabras.net\/wp\/2026\/01\/20\/rusia-advierte-potencias-foraneas-buscan-desestabilizar-iran\/#primaryimage","url":"https:\/\/naenpalabras.net\/wp\/wp-content\/uploads\/2026\/01\/5-2.jpg","contentUrl":"https:\/\/naenpalabras.net\/wp\/wp-content\/uploads\/2026\/01\/5-2.jpg","width":880,"height":495},{"@type":"BreadcrumbList","@id":"https:\/\/naenpalabras.net\/wp\/2026\/01\/20\/rusia-advierte-potencias-foraneas-buscan-desestabilizar-iran\/#breadcrumb","itemListElement":[{"@type":"ListItem","position":1,"name":"Portada","item":"https:\/\/naenpalabras.net\/wp\/"},{"@type":"ListItem","position":2,"name":"Rusia advierte: Potencias for\u00e1neas buscan desestabilizar Ir\u00e1n"}]},{"@type":"WebSite","@id":"https:\/\/naenpalabras.net\/wp\/#website","url":"https:\/\/naenpalabras.net\/wp\/","name":"Nuestra Am\u00e9rica En Palabras","description":"","potentialAction":[{"@type":"SearchAction","target":{"@type":"EntryPoint","urlTemplate":"https:\/\/naenpalabras.net\/wp\/?s={search_term_string}"},"query-input":{"@type":"PropertyValueSpecification","valueRequired":true,"valueName":"search_term_string"}}],"inLanguage":"es"},{"@type":"Person","@id":"https:\/\/naenpalabras.net\/wp\/#\/schema\/person\/2b8dc3b44be009cae3c432096b2fad15","name":"naenp","image":{"@type":"ImageObject","inLanguage":"es","@id":"https:\/\/secure.gravatar.com\/avatar\/ebeb7cc417e6a6b9894cfaca0e864947ba305c2cd77c221b39b90345e02bc3bb?s=96&d=mm&r=g","url":"https:\/\/secure.gravatar.com\/avatar\/ebeb7cc417e6a6b9894cfaca0e864947ba305c2cd77c221b39b90345e02bc3bb?s=96&d=mm&r=g","contentUrl":"https:\/\/secure.gravatar.com\/avatar\/ebeb7cc417e6a6b9894cfaca0e864947ba305c2cd77c221b39b90345e02bc3bb?s=96&d=mm&r=g","caption":"naenp"},"sameAs":["https:\/\/naenpalabras.net\/wp"],"url":"https:\/\/naenpalabras.net\/wp\/author\/admin-2\/"}]}},"_links":{"self":[{"href":"https:\/\/naenpalabras.net\/wp\/wp-json\/wp\/v2\/posts\/5163","targetHints":{"allow":["GET"]}}],"collection":[{"href":"https:\/\/naenpalabras.net\/wp\/wp-json\/wp\/v2\/posts"}],"about":[{"href":"https:\/\/naenpalabras.net\/wp\/wp-json\/wp\/v2\/types\/post"}],"author":[{"embeddable":true,"href":"https:\/\/naenpalabras.net\/wp\/wp-json\/wp\/v2\/users\/2"}],"replies":[{"embeddable":true,"href":"https:\/\/naenpalabras.net\/wp\/wp-json\/wp\/v2\/comments?post=5163"}],"version-history":[{"count":1,"href":"https:\/\/naenpalabras.net\/wp\/wp-json\/wp\/v2\/posts\/5163\/revisions"}],"predecessor-version":[{"id":5165,"href":"https:\/\/naenpalabras.net\/wp\/wp-json\/wp\/v2\/posts\/5163\/revisions\/5165"}],"wp:featuredmedia":[{"embeddable":true,"href":"https:\/\/naenpalabras.net\/wp\/wp-json\/wp\/v2\/media\/5164"}],"wp:attachment":[{"href":"https:\/\/naenpalabras.net\/wp\/wp-json\/wp\/v2\/media?parent=5163"}],"wp:term":[{"taxonomy":"category","embeddable":true,"href":"https:\/\/naenpalabras.net\/wp\/wp-json\/wp\/v2\/categories?post=5163"},{"taxonomy":"post_tag","embeddable":true,"href":"https:\/\/naenpalabras.net\/wp\/wp-json\/wp\/v2\/tags?post=5163"}],"curies":[{"name":"wp","href":"https:\/\/api.w.org\/{rel}","templated":true}]}}