{"id":4598,"date":"2025-11-08T13:41:51","date_gmt":"2025-11-08T17:41:51","guid":{"rendered":"https:\/\/naenpalabras.net\/wp\/?p=4598"},"modified":"2025-11-08T13:41:51","modified_gmt":"2025-11-08T17:41:51","slug":"venezuela-diosdado-cabello-anuncia-incautacion-de-mas-de-una-tonelada-de-drogas","status":"publish","type":"post","link":"https:\/\/naenpalabras.net\/wp\/2025\/11\/08\/venezuela-diosdado-cabello-anuncia-incautacion-de-mas-de-una-tonelada-de-drogas\/","title":{"rendered":"Venezuela. Diosdado Cabello anuncia incautaci\u00f3n de m\u00e1s de una tonelada de drogas"},"content":{"rendered":"<p>El vicepresidente sectorial de Pol\u00edtica, Seguridad Ciudadana y Paz, Diosdado Cabello Rond\u00f3n, inform\u00f3 este viernes 7 de noviembre, que se incautaron 1 mil 253 kilos de supermarihuana en el estado Lara.<\/p>\n<p>\u00abNo es cualquier marihuana, es una cosa terrible que ha inventado la DEA (organizaci\u00f3n antidrogas de Estados Unidos) en sus laboratorios, que se llama supermarihuana (\u2026) Sin meter esos 1 mil 253 kilos (m\u00e1s de una tonelada) capturados hoy y los treinta y tantos kilos de coca\u00edna que capturaron ayer, se han incautado y capturado 63 mil 200 kg\u00bb, en lo que va de a\u00f1o, dijo Cabello.<\/p>\n<p>Diosdado Cabello explic\u00f3 que lo confiscado desmiente versiones acerca de cifras del supuesto tr\u00e1fico de drogas por Venezuela: \u00abO sea m\u00e1s del 50 % de la droga que en teor\u00eda seg\u00fan los c\u00e1lculos de la ONU, deber\u00eda pasar por Venezuela, han sido retenidas por las autoridades\u00bb, dijo durante el Congreso Consumo de Drogas y Delincuencia Juvenil: Justicia con rostro humano.<\/p>\n<p><a href=\"https:\/\/www.resumenlatinoamericano.org\/2025\/11\/07\/venezuela-diosdado-cabello-anuncia-incautacion-de-mas-de-una-tonelada-de-drogas\/\"><strong>Fuente: Resumen Latinoamericano\u00a0<\/strong><\/a><\/p>\n","protected":false},"excerpt":{"rendered":"<p>El vicepresidente sectorial de Pol\u00edtica, Seguridad Ciudadana y Paz, Diosdado Cabello Rond\u00f3n, inform\u00f3 este viernes 7 de noviembre, que se incautaron 1 mil 253 kilos de supermarihuana en el estado Lara. \u00abNo es cualquier marihuana, es una cosa terrible que ha inventado la DEA (organizaci\u00f3n antidrogas de Estados Unidos) en [&hellip;]<\/p>\n","protected":false},"author":2,"featured_media":4599,"comment_status":"open","ping_status":"closed","sticky":false,"template":"","format":"standard","meta":{"footnotes":""},"categories":[4],"tags":[468,1276,44],"class_list":["post-4598","post","type-post","status-publish","format-standard","has-post-thumbnail","hentry","category-noticias","tag-diosdado-cabello","tag-incautacion","tag-venezuela"],"yoast_head":"<!-- This site is optimized with the Yoast SEO plugin v27.5 - https:\/\/yoast.com\/product\/yoast-seo-wordpress\/ -->\n<title>Venezuela. Diosdado Cabello anuncia incautaci\u00f3n de m\u00e1s de una tonelada de drogas - Nuestra Am\u00e9rica En Palabras<\/title>\n<meta name=\"robots\" content=\"index, follow, max-snippet:-1, max-image-preview:large, max-video-preview:-1\" \/>\n<link rel=\"canonical\" href=\"https:\/\/naenpalabras.net\/wp\/2025\/11\/08\/venezuela-diosdado-cabello-anuncia-incautacion-de-mas-de-una-tonelada-de-drogas\/\" \/>\n<meta property=\"og:locale\" content=\"es_ES\" \/>\n<meta property=\"og:type\" content=\"article\" \/>\n<meta property=\"og:title\" content=\"Venezuela. Diosdado Cabello anuncia incautaci\u00f3n de m\u00e1s de una tonelada de drogas - Nuestra Am\u00e9rica En Palabras\" \/>\n<meta property=\"og:description\" content=\"El vicepresidente sectorial de Pol\u00edtica, Seguridad Ciudadana y Paz, Diosdado Cabello Rond\u00f3n, inform\u00f3 este viernes 7 de noviembre, que se incautaron 1 mil 253 kilos de supermarihuana en el estado Lara. \u00abNo es cualquier marihuana, es una cosa terrible que ha inventado la DEA (organizaci\u00f3n antidrogas de Estados Unidos) en [&hellip;]\" \/>\n<meta property=\"og:url\" content=\"https:\/\/naenpalabras.net\/wp\/2025\/11\/08\/venezuela-diosdado-cabello-anuncia-incautacion-de-mas-de-una-tonelada-de-drogas\/\" \/>\n<meta property=\"og:site_name\" content=\"Nuestra Am\u00e9rica En Palabras\" \/>\n<meta property=\"article:published_time\" content=\"2025-11-08T17:41:51+00:00\" \/>\n<meta property=\"og:image\" content=\"https:\/\/naenpalabras.net\/wp\/wp-content\/uploads\/2025\/11\/3-2.jpg\" \/>\n\t<meta property=\"og:image:width\" content=\"695\" \/>\n\t<meta property=\"og:image:height\" content=\"460\" \/>\n\t<meta property=\"og:image:type\" content=\"image\/jpeg\" \/>\n<meta name=\"author\" content=\"naenp\" \/>\n<meta name=\"twitter:card\" content=\"summary_large_image\" \/>\n<meta name=\"twitter:label1\" content=\"Escrito por\" \/>\n\t<meta name=\"twitter:data1\" content=\"naenp\" \/>\n\t<meta name=\"twitter:label2\" content=\"Tiempo estimado de lectura\" \/>\n\t<meta name=\"twitter:data2\" content=\"1 minuto\" \/>\n<script type=\"application\/ld+json\" class=\"yoast-schema-graph\">{\"@context\":\"https:\\\/\\\/schema.org\",\"@graph\":[{\"@type\":\"Article\",\"@id\":\"https:\\\/\\\/naenpalabras.net\\\/wp\\\/2025\\\/11\\\/08\\\/venezuela-diosdado-cabello-anuncia-incautacion-de-mas-de-una-tonelada-de-drogas\\\/#article\",\"isPartOf\":{\"@id\":\"https:\\\/\\\/naenpalabras.net\\\/wp\\\/2025\\\/11\\\/08\\\/venezuela-diosdado-cabello-anuncia-incautacion-de-mas-de-una-tonelada-de-drogas\\\/\"},\"author\":{\"name\":\"naenp\",\"@id\":\"https:\\\/\\\/naenpalabras.net\\\/wp\\\/#\\\/schema\\\/person\\\/2b8dc3b44be009cae3c432096b2fad15\"},\"headline\":\"Venezuela. Diosdado Cabello anuncia incautaci\u00f3n de m\u00e1s de una tonelada de drogas\",\"datePublished\":\"2025-11-08T17:41:51+00:00\",\"mainEntityOfPage\":{\"@id\":\"https:\\\/\\\/naenpalabras.net\\\/wp\\\/2025\\\/11\\\/08\\\/venezuela-diosdado-cabello-anuncia-incautacion-de-mas-de-una-tonelada-de-drogas\\\/\"},\"wordCount\":177,\"commentCount\":0,\"image\":{\"@id\":\"https:\\\/\\\/naenpalabras.net\\\/wp\\\/2025\\\/11\\\/08\\\/venezuela-diosdado-cabello-anuncia-incautacion-de-mas-de-una-tonelada-de-drogas\\\/#primaryimage\"},\"thumbnailUrl\":\"https:\\\/\\\/naenpalabras.net\\\/wp\\\/wp-content\\\/uploads\\\/2025\\\/11\\\/3-2.jpg\",\"keywords\":[\"Diosdado Cabello\",\"incautaci\u00f3n\",\"Venezuela\"],\"articleSection\":[\"Noticias\"],\"inLanguage\":\"es\",\"potentialAction\":[{\"@type\":\"CommentAction\",\"name\":\"Comment\",\"target\":[\"https:\\\/\\\/naenpalabras.net\\\/wp\\\/2025\\\/11\\\/08\\\/venezuela-diosdado-cabello-anuncia-incautacion-de-mas-de-una-tonelada-de-drogas\\\/#respond\"]}]},{\"@type\":\"WebPage\",\"@id\":\"https:\\\/\\\/naenpalabras.net\\\/wp\\\/2025\\\/11\\\/08\\\/venezuela-diosdado-cabello-anuncia-incautacion-de-mas-de-una-tonelada-de-drogas\\\/\",\"url\":\"https:\\\/\\\/naenpalabras.net\\\/wp\\\/2025\\\/11\\\/08\\\/venezuela-diosdado-cabello-anuncia-incautacion-de-mas-de-una-tonelada-de-drogas\\\/\",\"name\":\"Venezuela. Diosdado Cabello anuncia incautaci\u00f3n de m\u00e1s de una tonelada de drogas - Nuestra Am\u00e9rica En Palabras\",\"isPartOf\":{\"@id\":\"https:\\\/\\\/naenpalabras.net\\\/wp\\\/#website\"},\"primaryImageOfPage\":{\"@id\":\"https:\\\/\\\/naenpalabras.net\\\/wp\\\/2025\\\/11\\\/08\\\/venezuela-diosdado-cabello-anuncia-incautacion-de-mas-de-una-tonelada-de-drogas\\\/#primaryimage\"},\"image\":{\"@id\":\"https:\\\/\\\/naenpalabras.net\\\/wp\\\/2025\\\/11\\\/08\\\/venezuela-diosdado-cabello-anuncia-incautacion-de-mas-de-una-tonelada-de-drogas\\\/#primaryimage\"},\"thumbnailUrl\":\"https:\\\/\\\/naenpalabras.net\\\/wp\\\/wp-content\\\/uploads\\\/2025\\\/11\\\/3-2.jpg\",\"datePublished\":\"2025-11-08T17:41:51+00:00\",\"author\":{\"@id\":\"https:\\\/\\\/naenpalabras.net\\\/wp\\\/#\\\/schema\\\/person\\\/2b8dc3b44be009cae3c432096b2fad15\"},\"breadcrumb\":{\"@id\":\"https:\\\/\\\/naenpalabras.net\\\/wp\\\/2025\\\/11\\\/08\\\/venezuela-diosdado-cabello-anuncia-incautacion-de-mas-de-una-tonelada-de-drogas\\\/#breadcrumb\"},\"inLanguage\":\"es\",\"potentialAction\":[{\"@type\":\"ReadAction\",\"target\":[\"https:\\\/\\\/naenpalabras.net\\\/wp\\\/2025\\\/11\\\/08\\\/venezuela-diosdado-cabello-anuncia-incautacion-de-mas-de-una-tonelada-de-drogas\\\/\"]}]},{\"@type\":\"ImageObject\",\"inLanguage\":\"es\",\"@id\":\"https:\\\/\\\/naenpalabras.net\\\/wp\\\/2025\\\/11\\\/08\\\/venezuela-diosdado-cabello-anuncia-incautacion-de-mas-de-una-tonelada-de-drogas\\\/#primaryimage\",\"url\":\"https:\\\/\\\/naenpalabras.net\\\/wp\\\/wp-content\\\/uploads\\\/2025\\\/11\\\/3-2.jpg\",\"contentUrl\":\"https:\\\/\\\/naenpalabras.net\\\/wp\\\/wp-content\\\/uploads\\\/2025\\\/11\\\/3-2.jpg\",\"width\":695,\"height\":460},{\"@type\":\"BreadcrumbList\",\"@id\":\"https:\\\/\\\/naenpalabras.net\\\/wp\\\/2025\\\/11\\\/08\\\/venezuela-diosdado-cabello-anuncia-incautacion-de-mas-de-una-tonelada-de-drogas\\\/#breadcrumb\",\"itemListElement\":[{\"@type\":\"ListItem\",\"position\":1,\"name\":\"Portada\",\"item\":\"https:\\\/\\\/naenpalabras.net\\\/wp\\\/\"},{\"@type\":\"ListItem\",\"position\":2,\"name\":\"Venezuela. Diosdado Cabello anuncia incautaci\u00f3n de m\u00e1s de una tonelada de drogas\"}]},{\"@type\":\"WebSite\",\"@id\":\"https:\\\/\\\/naenpalabras.net\\\/wp\\\/#website\",\"url\":\"https:\\\/\\\/naenpalabras.net\\\/wp\\\/\",\"name\":\"Nuestra Am\u00e9rica En Palabras\",\"description\":\"\",\"potentialAction\":[{\"@type\":\"SearchAction\",\"target\":{\"@type\":\"EntryPoint\",\"urlTemplate\":\"https:\\\/\\\/naenpalabras.net\\\/wp\\\/?s={search_term_string}\"},\"query-input\":{\"@type\":\"PropertyValueSpecification\",\"valueRequired\":true,\"valueName\":\"search_term_string\"}}],\"inLanguage\":\"es\"},{\"@type\":\"Person\",\"@id\":\"https:\\\/\\\/naenpalabras.net\\\/wp\\\/#\\\/schema\\\/person\\\/2b8dc3b44be009cae3c432096b2fad15\",\"name\":\"naenp\",\"image\":{\"@type\":\"ImageObject\",\"inLanguage\":\"es\",\"@id\":\"https:\\\/\\\/secure.gravatar.com\\\/avatar\\\/ebeb7cc417e6a6b9894cfaca0e864947ba305c2cd77c221b39b90345e02bc3bb?s=96&d=mm&r=g\",\"url\":\"https:\\\/\\\/secure.gravatar.com\\\/avatar\\\/ebeb7cc417e6a6b9894cfaca0e864947ba305c2cd77c221b39b90345e02bc3bb?s=96&d=mm&r=g\",\"contentUrl\":\"https:\\\/\\\/secure.gravatar.com\\\/avatar\\\/ebeb7cc417e6a6b9894cfaca0e864947ba305c2cd77c221b39b90345e02bc3bb?s=96&d=mm&r=g\",\"caption\":\"naenp\"},\"sameAs\":[\"https:\\\/\\\/naenpalabras.net\\\/wp\"],\"url\":\"https:\\\/\\\/naenpalabras.net\\\/wp\\\/author\\\/admin-2\\\/\"}]}<\/script>\n<!-- \/ Yoast SEO plugin. -->","yoast_head_json":{"title":"Venezuela. Diosdado Cabello anuncia incautaci\u00f3n de m\u00e1s de una tonelada de drogas - Nuestra Am\u00e9rica En Palabras","robots":{"index":"index","follow":"follow","max-snippet":"max-snippet:-1","max-image-preview":"max-image-preview:large","max-video-preview":"max-video-preview:-1"},"canonical":"https:\/\/naenpalabras.net\/wp\/2025\/11\/08\/venezuela-diosdado-cabello-anuncia-incautacion-de-mas-de-una-tonelada-de-drogas\/","og_locale":"es_ES","og_type":"article","og_title":"Venezuela. Diosdado Cabello anuncia incautaci\u00f3n de m\u00e1s de una tonelada de drogas - Nuestra Am\u00e9rica En Palabras","og_description":"El vicepresidente sectorial de Pol\u00edtica, Seguridad Ciudadana y Paz, Diosdado Cabello Rond\u00f3n, inform\u00f3 este viernes 7 de noviembre, que se incautaron 1 mil 253 kilos de supermarihuana en el estado Lara. \u00abNo es cualquier marihuana, es una cosa terrible que ha inventado la DEA (organizaci\u00f3n antidrogas de Estados Unidos) en [&hellip;]","og_url":"https:\/\/naenpalabras.net\/wp\/2025\/11\/08\/venezuela-diosdado-cabello-anuncia-incautacion-de-mas-de-una-tonelada-de-drogas\/","og_site_name":"Nuestra Am\u00e9rica En Palabras","article_published_time":"2025-11-08T17:41:51+00:00","og_image":[{"width":695,"height":460,"url":"https:\/\/naenpalabras.net\/wp\/wp-content\/uploads\/2025\/11\/3-2.jpg","type":"image\/jpeg"}],"author":"naenp","twitter_card":"summary_large_image","twitter_misc":{"Escrito por":"naenp","Tiempo estimado de lectura":"1 minuto"},"schema":{"@context":"https:\/\/schema.org","@graph":[{"@type":"Article","@id":"https:\/\/naenpalabras.net\/wp\/2025\/11\/08\/venezuela-diosdado-cabello-anuncia-incautacion-de-mas-de-una-tonelada-de-drogas\/#article","isPartOf":{"@id":"https:\/\/naenpalabras.net\/wp\/2025\/11\/08\/venezuela-diosdado-cabello-anuncia-incautacion-de-mas-de-una-tonelada-de-drogas\/"},"author":{"name":"naenp","@id":"https:\/\/naenpalabras.net\/wp\/#\/schema\/person\/2b8dc3b44be009cae3c432096b2fad15"},"headline":"Venezuela. Diosdado Cabello anuncia incautaci\u00f3n de m\u00e1s de una tonelada de drogas","datePublished":"2025-11-08T17:41:51+00:00","mainEntityOfPage":{"@id":"https:\/\/naenpalabras.net\/wp\/2025\/11\/08\/venezuela-diosdado-cabello-anuncia-incautacion-de-mas-de-una-tonelada-de-drogas\/"},"wordCount":177,"commentCount":0,"image":{"@id":"https:\/\/naenpalabras.net\/wp\/2025\/11\/08\/venezuela-diosdado-cabello-anuncia-incautacion-de-mas-de-una-tonelada-de-drogas\/#primaryimage"},"thumbnailUrl":"https:\/\/naenpalabras.net\/wp\/wp-content\/uploads\/2025\/11\/3-2.jpg","keywords":["Diosdado Cabello","incautaci\u00f3n","Venezuela"],"articleSection":["Noticias"],"inLanguage":"es","potentialAction":[{"@type":"CommentAction","name":"Comment","target":["https:\/\/naenpalabras.net\/wp\/2025\/11\/08\/venezuela-diosdado-cabello-anuncia-incautacion-de-mas-de-una-tonelada-de-drogas\/#respond"]}]},{"@type":"WebPage","@id":"https:\/\/naenpalabras.net\/wp\/2025\/11\/08\/venezuela-diosdado-cabello-anuncia-incautacion-de-mas-de-una-tonelada-de-drogas\/","url":"https:\/\/naenpalabras.net\/wp\/2025\/11\/08\/venezuela-diosdado-cabello-anuncia-incautacion-de-mas-de-una-tonelada-de-drogas\/","name":"Venezuela. Diosdado Cabello anuncia incautaci\u00f3n de m\u00e1s de una tonelada de drogas - Nuestra Am\u00e9rica En Palabras","isPartOf":{"@id":"https:\/\/naenpalabras.net\/wp\/#website"},"primaryImageOfPage":{"@id":"https:\/\/naenpalabras.net\/wp\/2025\/11\/08\/venezuela-diosdado-cabello-anuncia-incautacion-de-mas-de-una-tonelada-de-drogas\/#primaryimage"},"image":{"@id":"https:\/\/naenpalabras.net\/wp\/2025\/11\/08\/venezuela-diosdado-cabello-anuncia-incautacion-de-mas-de-una-tonelada-de-drogas\/#primaryimage"},"thumbnailUrl":"https:\/\/naenpalabras.net\/wp\/wp-content\/uploads\/2025\/11\/3-2.jpg","datePublished":"2025-11-08T17:41:51+00:00","author":{"@id":"https:\/\/naenpalabras.net\/wp\/#\/schema\/person\/2b8dc3b44be009cae3c432096b2fad15"},"breadcrumb":{"@id":"https:\/\/naenpalabras.net\/wp\/2025\/11\/08\/venezuela-diosdado-cabello-anuncia-incautacion-de-mas-de-una-tonelada-de-drogas\/#breadcrumb"},"inLanguage":"es","potentialAction":[{"@type":"ReadAction","target":["https:\/\/naenpalabras.net\/wp\/2025\/11\/08\/venezuela-diosdado-cabello-anuncia-incautacion-de-mas-de-una-tonelada-de-drogas\/"]}]},{"@type":"ImageObject","inLanguage":"es","@id":"https:\/\/naenpalabras.net\/wp\/2025\/11\/08\/venezuela-diosdado-cabello-anuncia-incautacion-de-mas-de-una-tonelada-de-drogas\/#primaryimage","url":"https:\/\/naenpalabras.net\/wp\/wp-content\/uploads\/2025\/11\/3-2.jpg","contentUrl":"https:\/\/naenpalabras.net\/wp\/wp-content\/uploads\/2025\/11\/3-2.jpg","width":695,"height":460},{"@type":"BreadcrumbList","@id":"https:\/\/naenpalabras.net\/wp\/2025\/11\/08\/venezuela-diosdado-cabello-anuncia-incautacion-de-mas-de-una-tonelada-de-drogas\/#breadcrumb","itemListElement":[{"@type":"ListItem","position":1,"name":"Portada","item":"https:\/\/naenpalabras.net\/wp\/"},{"@type":"ListItem","position":2,"name":"Venezuela. Diosdado Cabello anuncia incautaci\u00f3n de m\u00e1s de una tonelada de drogas"}]},{"@type":"WebSite","@id":"https:\/\/naenpalabras.net\/wp\/#website","url":"https:\/\/naenpalabras.net\/wp\/","name":"Nuestra Am\u00e9rica En Palabras","description":"","potentialAction":[{"@type":"SearchAction","target":{"@type":"EntryPoint","urlTemplate":"https:\/\/naenpalabras.net\/wp\/?s={search_term_string}"},"query-input":{"@type":"PropertyValueSpecification","valueRequired":true,"valueName":"search_term_string"}}],"inLanguage":"es"},{"@type":"Person","@id":"https:\/\/naenpalabras.net\/wp\/#\/schema\/person\/2b8dc3b44be009cae3c432096b2fad15","name":"naenp","image":{"@type":"ImageObject","inLanguage":"es","@id":"https:\/\/secure.gravatar.com\/avatar\/ebeb7cc417e6a6b9894cfaca0e864947ba305c2cd77c221b39b90345e02bc3bb?s=96&d=mm&r=g","url":"https:\/\/secure.gravatar.com\/avatar\/ebeb7cc417e6a6b9894cfaca0e864947ba305c2cd77c221b39b90345e02bc3bb?s=96&d=mm&r=g","contentUrl":"https:\/\/secure.gravatar.com\/avatar\/ebeb7cc417e6a6b9894cfaca0e864947ba305c2cd77c221b39b90345e02bc3bb?s=96&d=mm&r=g","caption":"naenp"},"sameAs":["https:\/\/naenpalabras.net\/wp"],"url":"https:\/\/naenpalabras.net\/wp\/author\/admin-2\/"}]}},"_links":{"self":[{"href":"https:\/\/naenpalabras.net\/wp\/wp-json\/wp\/v2\/posts\/4598","targetHints":{"allow":["GET"]}}],"collection":[{"href":"https:\/\/naenpalabras.net\/wp\/wp-json\/wp\/v2\/posts"}],"about":[{"href":"https:\/\/naenpalabras.net\/wp\/wp-json\/wp\/v2\/types\/post"}],"author":[{"embeddable":true,"href":"https:\/\/naenpalabras.net\/wp\/wp-json\/wp\/v2\/users\/2"}],"replies":[{"embeddable":true,"href":"https:\/\/naenpalabras.net\/wp\/wp-json\/wp\/v2\/comments?post=4598"}],"version-history":[{"count":1,"href":"https:\/\/naenpalabras.net\/wp\/wp-json\/wp\/v2\/posts\/4598\/revisions"}],"predecessor-version":[{"id":4600,"href":"https:\/\/naenpalabras.net\/wp\/wp-json\/wp\/v2\/posts\/4598\/revisions\/4600"}],"wp:featuredmedia":[{"embeddable":true,"href":"https:\/\/naenpalabras.net\/wp\/wp-json\/wp\/v2\/media\/4599"}],"wp:attachment":[{"href":"https:\/\/naenpalabras.net\/wp\/wp-json\/wp\/v2\/media?parent=4598"}],"wp:term":[{"taxonomy":"category","embeddable":true,"href":"https:\/\/naenpalabras.net\/wp\/wp-json\/wp\/v2\/categories?post=4598"},{"taxonomy":"post_tag","embeddable":true,"href":"https:\/\/naenpalabras.net\/wp\/wp-json\/wp\/v2\/tags?post=4598"}],"curies":[{"name":"wp","href":"https:\/\/api.w.org\/{rel}","templated":true}]}}