{"id":4550,"date":"2025-11-05T13:13:29","date_gmt":"2025-11-05T17:13:29","guid":{"rendered":"https:\/\/naenpalabras.net\/wp\/?p=4550"},"modified":"2025-11-05T13:13:29","modified_gmt":"2025-11-05T17:13:29","slug":"petro-acusa-a-eeuu-del-fracaso-de-la-cumbre-de-americas","status":"publish","type":"post","link":"https:\/\/naenpalabras.net\/wp\/2025\/11\/05\/petro-acusa-a-eeuu-del-fracaso-de-la-cumbre-de-americas\/","title":{"rendered":"Petro acusa a EEUU del fracaso de la Cumbre de Am\u00e9ricas"},"content":{"rendered":"<div class=\"col-xs-12 col-md-8\">\n<div class=\"item-text\">\n<p class=\"introtext\">Colombia lamenta la postergaci\u00f3n de la Cumbre de las Am\u00e9ricas y dijo que se debe al intento de Estados Unidos de excluir a Cuba, Nicaragua y Venezuela del evento.<\/p>\n<div>\n<p>\u201cHa fracasado una cumbre que, incluyendo a todas las rep\u00fablicas americanas y Canad\u00e1, debi\u00f3 ser el escenario de un di\u00e1logo sincero, pragm\u00e1tico y constructivo, \u00a1qu\u00e9 l\u00e1stima!\u201d, destac\u00f3 el martes el presidente de Colombia, Gustavo Petro,\u00a0<a href=\"https:\/\/twitter.com\/petrogustavo\/status\/1985836014028669276\">mediante una publicaci\u00f3n en su cuenta de X.<\/a><\/p>\n<p>El Gobierno de Rep\u00fablica Dominicana, como pa\u00eds anfitri\u00f3n, anunci\u00f3 el lunes el aplazamiento de la Cumbre de las Am\u00e9ricas hasta 2026, en un contexto de desacuerdos regionales por la campa\u00f1a militar estadounidense en el Caribe.<\/p>\n<p>Petro se\u00f1al\u00f3 que la decisi\u00f3n del pa\u00eds anfitri\u00f3n est\u00e1 directamente relacionada con el \u201codio ideol\u00f3gico\u201d del secretario de Estado de Estados Unidos, Marco Rubio, de \u201cquerer\u201d excluir a Cuba, Nicaragua y Venezuela del encuentro que debi\u00f3 incluir a todos para \u201cbuscar una Am\u00e9rica grande, desde Alaska hasta la Patagonia\u201d.<\/p>\n<p>Ya en la primera quincena de octubre, el mandatario colombiano hab\u00eda dicho que no participar\u00eda en la pr\u00f3xima Cumbre de las Am\u00e9ricas, tras conocer la decisi\u00f3n de Rep\u00fablica Dominicana de excluir a Cuba, Nicaragua y Venezuela.<\/p>\n<p>Adem\u00e1s, la presidenta de M\u00e9xico, Claudia Sheinbaum, expres\u00f3 su desacuerdo por la exclusi\u00f3n de los tres pa\u00edses de dicha cumbre. \u201cNo voy a asistir\u201d, asegur\u00f3.<\/p>\n<div data-oembed-url=\"https:\/\/www.hispantv.com\/noticias\/colombia\/634176\/petro-otan-suramericana-soberana\"><\/div>\n<p>En un contexto de creciente tensi\u00f3n en el Caribe por los ataques, algunos mortales de Estados Unidos a lanchas venezolanas en el Caribe, Washington ha arremetido contra el presidente Petro, convertido en una de las principales voces cr\u00edticas contra la pol\u00edtica intervencionista de Donald Trump.<\/p>\n<p>Pero no solo desde Colombia, sino tambi\u00e9n desde M\u00e9xico y Brasil han manifestado su rechazo a las acciones de EE.UU., se\u00f1alando que constituyen \u201cejecuciones sumarias\u201d contrarias al derecho internacional.<\/p>\n<ul>\n<li><a href=\"https:\/\/www.hispantv.com\/noticias\/colombia\/634117\/petro-ejecuciones-extrajudiciales-eeuu-caribe\"><strong>Petro denuncia \u201cejecuciones extrajudiciales\u201d de EEUU en el Caribe<\/strong><\/a><\/li>\n<\/ul>\n<p><a href=\"https:\/\/www.hispantv.com\/noticias\/colombia\/634254\/achaca-fracaso-cumbre-americas-odio-ideologico-eeuu\"><strong>Fuente: Hispantv\u00a0<\/strong><\/a><\/p>\n<\/div>\n<\/div>\n<\/div>\n","protected":false},"excerpt":{"rendered":"<p>Colombia lamenta la postergaci\u00f3n de la Cumbre de las Am\u00e9ricas y dijo que se debe al intento de Estados Unidos de excluir a Cuba, Nicaragua y Venezuela del evento. \u201cHa fracasado una cumbre que, incluyendo a todas las rep\u00fablicas americanas y Canad\u00e1, debi\u00f3 ser el escenario de un di\u00e1logo sincero, [&hellip;]<\/p>\n","protected":false},"author":2,"featured_media":4551,"comment_status":"open","ping_status":"closed","sticky":false,"template":"","format":"standard","meta":{"footnotes":""},"categories":[4],"tags":[1225,31,323],"class_list":["post-4550","post","type-post","status-publish","format-standard","has-post-thumbnail","hentry","category-noticias","tag-cumbre-de-americas","tag-ee-uu","tag-petro"],"yoast_head":"<!-- This site is optimized with the Yoast SEO plugin v27.5 - https:\/\/yoast.com\/product\/yoast-seo-wordpress\/ -->\n<title>Petro acusa a EEUU del fracaso de la Cumbre de Am\u00e9ricas - Nuestra Am\u00e9rica En Palabras<\/title>\n<meta name=\"robots\" content=\"index, follow, max-snippet:-1, max-image-preview:large, max-video-preview:-1\" \/>\n<link rel=\"canonical\" href=\"https:\/\/naenpalabras.net\/wp\/2025\/11\/05\/petro-acusa-a-eeuu-del-fracaso-de-la-cumbre-de-americas\/\" \/>\n<meta property=\"og:locale\" content=\"es_ES\" \/>\n<meta property=\"og:type\" content=\"article\" \/>\n<meta property=\"og:title\" content=\"Petro acusa a EEUU del fracaso de la Cumbre de Am\u00e9ricas - Nuestra Am\u00e9rica En Palabras\" \/>\n<meta property=\"og:description\" content=\"Colombia lamenta la postergaci\u00f3n de la Cumbre de las Am\u00e9ricas y dijo que se debe al intento de Estados Unidos de excluir a Cuba, Nicaragua y Venezuela del evento. \u201cHa fracasado una cumbre que, incluyendo a todas las rep\u00fablicas americanas y Canad\u00e1, debi\u00f3 ser el escenario de un di\u00e1logo sincero, [&hellip;]\" \/>\n<meta property=\"og:url\" content=\"https:\/\/naenpalabras.net\/wp\/2025\/11\/05\/petro-acusa-a-eeuu-del-fracaso-de-la-cumbre-de-americas\/\" \/>\n<meta property=\"og:site_name\" content=\"Nuestra Am\u00e9rica En Palabras\" \/>\n<meta property=\"article:published_time\" content=\"2025-11-05T17:13:29+00:00\" \/>\n<meta property=\"og:image\" content=\"https:\/\/naenpalabras.net\/wp\/wp-content\/uploads\/2025\/11\/4-1.jpg\" \/>\n\t<meta property=\"og:image:width\" content=\"880\" \/>\n\t<meta property=\"og:image:height\" content=\"495\" \/>\n\t<meta property=\"og:image:type\" content=\"image\/jpeg\" \/>\n<meta name=\"author\" content=\"naenp\" \/>\n<meta name=\"twitter:card\" content=\"summary_large_image\" \/>\n<meta name=\"twitter:label1\" content=\"Escrito por\" \/>\n\t<meta name=\"twitter:data1\" content=\"naenp\" \/>\n\t<meta name=\"twitter:label2\" content=\"Tiempo estimado de lectura\" \/>\n\t<meta name=\"twitter:data2\" content=\"2 minutos\" \/>\n<script type=\"application\/ld+json\" class=\"yoast-schema-graph\">{\"@context\":\"https:\\\/\\\/schema.org\",\"@graph\":[{\"@type\":\"Article\",\"@id\":\"https:\\\/\\\/naenpalabras.net\\\/wp\\\/2025\\\/11\\\/05\\\/petro-acusa-a-eeuu-del-fracaso-de-la-cumbre-de-americas\\\/#article\",\"isPartOf\":{\"@id\":\"https:\\\/\\\/naenpalabras.net\\\/wp\\\/2025\\\/11\\\/05\\\/petro-acusa-a-eeuu-del-fracaso-de-la-cumbre-de-americas\\\/\"},\"author\":{\"name\":\"naenp\",\"@id\":\"https:\\\/\\\/naenpalabras.net\\\/wp\\\/#\\\/schema\\\/person\\\/2b8dc3b44be009cae3c432096b2fad15\"},\"headline\":\"Petro acusa a EEUU del fracaso de la Cumbre de Am\u00e9ricas\",\"datePublished\":\"2025-11-05T17:13:29+00:00\",\"mainEntityOfPage\":{\"@id\":\"https:\\\/\\\/naenpalabras.net\\\/wp\\\/2025\\\/11\\\/05\\\/petro-acusa-a-eeuu-del-fracaso-de-la-cumbre-de-americas\\\/\"},\"wordCount\":348,\"commentCount\":0,\"image\":{\"@id\":\"https:\\\/\\\/naenpalabras.net\\\/wp\\\/2025\\\/11\\\/05\\\/petro-acusa-a-eeuu-del-fracaso-de-la-cumbre-de-americas\\\/#primaryimage\"},\"thumbnailUrl\":\"https:\\\/\\\/naenpalabras.net\\\/wp\\\/wp-content\\\/uploads\\\/2025\\\/11\\\/4-1.jpg\",\"keywords\":[\"Cumbre de Am\u00e9ricas\",\"EE.UU\",\"Petro\"],\"articleSection\":[\"Noticias\"],\"inLanguage\":\"es\",\"potentialAction\":[{\"@type\":\"CommentAction\",\"name\":\"Comment\",\"target\":[\"https:\\\/\\\/naenpalabras.net\\\/wp\\\/2025\\\/11\\\/05\\\/petro-acusa-a-eeuu-del-fracaso-de-la-cumbre-de-americas\\\/#respond\"]}]},{\"@type\":\"WebPage\",\"@id\":\"https:\\\/\\\/naenpalabras.net\\\/wp\\\/2025\\\/11\\\/05\\\/petro-acusa-a-eeuu-del-fracaso-de-la-cumbre-de-americas\\\/\",\"url\":\"https:\\\/\\\/naenpalabras.net\\\/wp\\\/2025\\\/11\\\/05\\\/petro-acusa-a-eeuu-del-fracaso-de-la-cumbre-de-americas\\\/\",\"name\":\"Petro acusa a EEUU del fracaso de la Cumbre de Am\u00e9ricas - Nuestra Am\u00e9rica En Palabras\",\"isPartOf\":{\"@id\":\"https:\\\/\\\/naenpalabras.net\\\/wp\\\/#website\"},\"primaryImageOfPage\":{\"@id\":\"https:\\\/\\\/naenpalabras.net\\\/wp\\\/2025\\\/11\\\/05\\\/petro-acusa-a-eeuu-del-fracaso-de-la-cumbre-de-americas\\\/#primaryimage\"},\"image\":{\"@id\":\"https:\\\/\\\/naenpalabras.net\\\/wp\\\/2025\\\/11\\\/05\\\/petro-acusa-a-eeuu-del-fracaso-de-la-cumbre-de-americas\\\/#primaryimage\"},\"thumbnailUrl\":\"https:\\\/\\\/naenpalabras.net\\\/wp\\\/wp-content\\\/uploads\\\/2025\\\/11\\\/4-1.jpg\",\"datePublished\":\"2025-11-05T17:13:29+00:00\",\"author\":{\"@id\":\"https:\\\/\\\/naenpalabras.net\\\/wp\\\/#\\\/schema\\\/person\\\/2b8dc3b44be009cae3c432096b2fad15\"},\"breadcrumb\":{\"@id\":\"https:\\\/\\\/naenpalabras.net\\\/wp\\\/2025\\\/11\\\/05\\\/petro-acusa-a-eeuu-del-fracaso-de-la-cumbre-de-americas\\\/#breadcrumb\"},\"inLanguage\":\"es\",\"potentialAction\":[{\"@type\":\"ReadAction\",\"target\":[\"https:\\\/\\\/naenpalabras.net\\\/wp\\\/2025\\\/11\\\/05\\\/petro-acusa-a-eeuu-del-fracaso-de-la-cumbre-de-americas\\\/\"]}]},{\"@type\":\"ImageObject\",\"inLanguage\":\"es\",\"@id\":\"https:\\\/\\\/naenpalabras.net\\\/wp\\\/2025\\\/11\\\/05\\\/petro-acusa-a-eeuu-del-fracaso-de-la-cumbre-de-americas\\\/#primaryimage\",\"url\":\"https:\\\/\\\/naenpalabras.net\\\/wp\\\/wp-content\\\/uploads\\\/2025\\\/11\\\/4-1.jpg\",\"contentUrl\":\"https:\\\/\\\/naenpalabras.net\\\/wp\\\/wp-content\\\/uploads\\\/2025\\\/11\\\/4-1.jpg\",\"width\":880,\"height\":495},{\"@type\":\"BreadcrumbList\",\"@id\":\"https:\\\/\\\/naenpalabras.net\\\/wp\\\/2025\\\/11\\\/05\\\/petro-acusa-a-eeuu-del-fracaso-de-la-cumbre-de-americas\\\/#breadcrumb\",\"itemListElement\":[{\"@type\":\"ListItem\",\"position\":1,\"name\":\"Portada\",\"item\":\"https:\\\/\\\/naenpalabras.net\\\/wp\\\/\"},{\"@type\":\"ListItem\",\"position\":2,\"name\":\"Petro acusa a EEUU del fracaso de la Cumbre de Am\u00e9ricas\"}]},{\"@type\":\"WebSite\",\"@id\":\"https:\\\/\\\/naenpalabras.net\\\/wp\\\/#website\",\"url\":\"https:\\\/\\\/naenpalabras.net\\\/wp\\\/\",\"name\":\"Nuestra Am\u00e9rica En Palabras\",\"description\":\"\",\"potentialAction\":[{\"@type\":\"SearchAction\",\"target\":{\"@type\":\"EntryPoint\",\"urlTemplate\":\"https:\\\/\\\/naenpalabras.net\\\/wp\\\/?s={search_term_string}\"},\"query-input\":{\"@type\":\"PropertyValueSpecification\",\"valueRequired\":true,\"valueName\":\"search_term_string\"}}],\"inLanguage\":\"es\"},{\"@type\":\"Person\",\"@id\":\"https:\\\/\\\/naenpalabras.net\\\/wp\\\/#\\\/schema\\\/person\\\/2b8dc3b44be009cae3c432096b2fad15\",\"name\":\"naenp\",\"image\":{\"@type\":\"ImageObject\",\"inLanguage\":\"es\",\"@id\":\"https:\\\/\\\/secure.gravatar.com\\\/avatar\\\/ebeb7cc417e6a6b9894cfaca0e864947ba305c2cd77c221b39b90345e02bc3bb?s=96&d=mm&r=g\",\"url\":\"https:\\\/\\\/secure.gravatar.com\\\/avatar\\\/ebeb7cc417e6a6b9894cfaca0e864947ba305c2cd77c221b39b90345e02bc3bb?s=96&d=mm&r=g\",\"contentUrl\":\"https:\\\/\\\/secure.gravatar.com\\\/avatar\\\/ebeb7cc417e6a6b9894cfaca0e864947ba305c2cd77c221b39b90345e02bc3bb?s=96&d=mm&r=g\",\"caption\":\"naenp\"},\"sameAs\":[\"https:\\\/\\\/naenpalabras.net\\\/wp\"],\"url\":\"https:\\\/\\\/naenpalabras.net\\\/wp\\\/author\\\/admin-2\\\/\"}]}<\/script>\n<!-- \/ Yoast SEO plugin. -->","yoast_head_json":{"title":"Petro acusa a EEUU del fracaso de la Cumbre de Am\u00e9ricas - Nuestra Am\u00e9rica En Palabras","robots":{"index":"index","follow":"follow","max-snippet":"max-snippet:-1","max-image-preview":"max-image-preview:large","max-video-preview":"max-video-preview:-1"},"canonical":"https:\/\/naenpalabras.net\/wp\/2025\/11\/05\/petro-acusa-a-eeuu-del-fracaso-de-la-cumbre-de-americas\/","og_locale":"es_ES","og_type":"article","og_title":"Petro acusa a EEUU del fracaso de la Cumbre de Am\u00e9ricas - Nuestra Am\u00e9rica En Palabras","og_description":"Colombia lamenta la postergaci\u00f3n de la Cumbre de las Am\u00e9ricas y dijo que se debe al intento de Estados Unidos de excluir a Cuba, Nicaragua y Venezuela del evento. \u201cHa fracasado una cumbre que, incluyendo a todas las rep\u00fablicas americanas y Canad\u00e1, debi\u00f3 ser el escenario de un di\u00e1logo sincero, [&hellip;]","og_url":"https:\/\/naenpalabras.net\/wp\/2025\/11\/05\/petro-acusa-a-eeuu-del-fracaso-de-la-cumbre-de-americas\/","og_site_name":"Nuestra Am\u00e9rica En Palabras","article_published_time":"2025-11-05T17:13:29+00:00","og_image":[{"width":880,"height":495,"url":"https:\/\/naenpalabras.net\/wp\/wp-content\/uploads\/2025\/11\/4-1.jpg","type":"image\/jpeg"}],"author":"naenp","twitter_card":"summary_large_image","twitter_misc":{"Escrito por":"naenp","Tiempo estimado de lectura":"2 minutos"},"schema":{"@context":"https:\/\/schema.org","@graph":[{"@type":"Article","@id":"https:\/\/naenpalabras.net\/wp\/2025\/11\/05\/petro-acusa-a-eeuu-del-fracaso-de-la-cumbre-de-americas\/#article","isPartOf":{"@id":"https:\/\/naenpalabras.net\/wp\/2025\/11\/05\/petro-acusa-a-eeuu-del-fracaso-de-la-cumbre-de-americas\/"},"author":{"name":"naenp","@id":"https:\/\/naenpalabras.net\/wp\/#\/schema\/person\/2b8dc3b44be009cae3c432096b2fad15"},"headline":"Petro acusa a EEUU del fracaso de la Cumbre de Am\u00e9ricas","datePublished":"2025-11-05T17:13:29+00:00","mainEntityOfPage":{"@id":"https:\/\/naenpalabras.net\/wp\/2025\/11\/05\/petro-acusa-a-eeuu-del-fracaso-de-la-cumbre-de-americas\/"},"wordCount":348,"commentCount":0,"image":{"@id":"https:\/\/naenpalabras.net\/wp\/2025\/11\/05\/petro-acusa-a-eeuu-del-fracaso-de-la-cumbre-de-americas\/#primaryimage"},"thumbnailUrl":"https:\/\/naenpalabras.net\/wp\/wp-content\/uploads\/2025\/11\/4-1.jpg","keywords":["Cumbre de Am\u00e9ricas","EE.UU","Petro"],"articleSection":["Noticias"],"inLanguage":"es","potentialAction":[{"@type":"CommentAction","name":"Comment","target":["https:\/\/naenpalabras.net\/wp\/2025\/11\/05\/petro-acusa-a-eeuu-del-fracaso-de-la-cumbre-de-americas\/#respond"]}]},{"@type":"WebPage","@id":"https:\/\/naenpalabras.net\/wp\/2025\/11\/05\/petro-acusa-a-eeuu-del-fracaso-de-la-cumbre-de-americas\/","url":"https:\/\/naenpalabras.net\/wp\/2025\/11\/05\/petro-acusa-a-eeuu-del-fracaso-de-la-cumbre-de-americas\/","name":"Petro acusa a EEUU del fracaso de la Cumbre de Am\u00e9ricas - Nuestra Am\u00e9rica En Palabras","isPartOf":{"@id":"https:\/\/naenpalabras.net\/wp\/#website"},"primaryImageOfPage":{"@id":"https:\/\/naenpalabras.net\/wp\/2025\/11\/05\/petro-acusa-a-eeuu-del-fracaso-de-la-cumbre-de-americas\/#primaryimage"},"image":{"@id":"https:\/\/naenpalabras.net\/wp\/2025\/11\/05\/petro-acusa-a-eeuu-del-fracaso-de-la-cumbre-de-americas\/#primaryimage"},"thumbnailUrl":"https:\/\/naenpalabras.net\/wp\/wp-content\/uploads\/2025\/11\/4-1.jpg","datePublished":"2025-11-05T17:13:29+00:00","author":{"@id":"https:\/\/naenpalabras.net\/wp\/#\/schema\/person\/2b8dc3b44be009cae3c432096b2fad15"},"breadcrumb":{"@id":"https:\/\/naenpalabras.net\/wp\/2025\/11\/05\/petro-acusa-a-eeuu-del-fracaso-de-la-cumbre-de-americas\/#breadcrumb"},"inLanguage":"es","potentialAction":[{"@type":"ReadAction","target":["https:\/\/naenpalabras.net\/wp\/2025\/11\/05\/petro-acusa-a-eeuu-del-fracaso-de-la-cumbre-de-americas\/"]}]},{"@type":"ImageObject","inLanguage":"es","@id":"https:\/\/naenpalabras.net\/wp\/2025\/11\/05\/petro-acusa-a-eeuu-del-fracaso-de-la-cumbre-de-americas\/#primaryimage","url":"https:\/\/naenpalabras.net\/wp\/wp-content\/uploads\/2025\/11\/4-1.jpg","contentUrl":"https:\/\/naenpalabras.net\/wp\/wp-content\/uploads\/2025\/11\/4-1.jpg","width":880,"height":495},{"@type":"BreadcrumbList","@id":"https:\/\/naenpalabras.net\/wp\/2025\/11\/05\/petro-acusa-a-eeuu-del-fracaso-de-la-cumbre-de-americas\/#breadcrumb","itemListElement":[{"@type":"ListItem","position":1,"name":"Portada","item":"https:\/\/naenpalabras.net\/wp\/"},{"@type":"ListItem","position":2,"name":"Petro acusa a EEUU del fracaso de la Cumbre de Am\u00e9ricas"}]},{"@type":"WebSite","@id":"https:\/\/naenpalabras.net\/wp\/#website","url":"https:\/\/naenpalabras.net\/wp\/","name":"Nuestra Am\u00e9rica En Palabras","description":"","potentialAction":[{"@type":"SearchAction","target":{"@type":"EntryPoint","urlTemplate":"https:\/\/naenpalabras.net\/wp\/?s={search_term_string}"},"query-input":{"@type":"PropertyValueSpecification","valueRequired":true,"valueName":"search_term_string"}}],"inLanguage":"es"},{"@type":"Person","@id":"https:\/\/naenpalabras.net\/wp\/#\/schema\/person\/2b8dc3b44be009cae3c432096b2fad15","name":"naenp","image":{"@type":"ImageObject","inLanguage":"es","@id":"https:\/\/secure.gravatar.com\/avatar\/ebeb7cc417e6a6b9894cfaca0e864947ba305c2cd77c221b39b90345e02bc3bb?s=96&d=mm&r=g","url":"https:\/\/secure.gravatar.com\/avatar\/ebeb7cc417e6a6b9894cfaca0e864947ba305c2cd77c221b39b90345e02bc3bb?s=96&d=mm&r=g","contentUrl":"https:\/\/secure.gravatar.com\/avatar\/ebeb7cc417e6a6b9894cfaca0e864947ba305c2cd77c221b39b90345e02bc3bb?s=96&d=mm&r=g","caption":"naenp"},"sameAs":["https:\/\/naenpalabras.net\/wp"],"url":"https:\/\/naenpalabras.net\/wp\/author\/admin-2\/"}]}},"_links":{"self":[{"href":"https:\/\/naenpalabras.net\/wp\/wp-json\/wp\/v2\/posts\/4550","targetHints":{"allow":["GET"]}}],"collection":[{"href":"https:\/\/naenpalabras.net\/wp\/wp-json\/wp\/v2\/posts"}],"about":[{"href":"https:\/\/naenpalabras.net\/wp\/wp-json\/wp\/v2\/types\/post"}],"author":[{"embeddable":true,"href":"https:\/\/naenpalabras.net\/wp\/wp-json\/wp\/v2\/users\/2"}],"replies":[{"embeddable":true,"href":"https:\/\/naenpalabras.net\/wp\/wp-json\/wp\/v2\/comments?post=4550"}],"version-history":[{"count":1,"href":"https:\/\/naenpalabras.net\/wp\/wp-json\/wp\/v2\/posts\/4550\/revisions"}],"predecessor-version":[{"id":4552,"href":"https:\/\/naenpalabras.net\/wp\/wp-json\/wp\/v2\/posts\/4550\/revisions\/4552"}],"wp:featuredmedia":[{"embeddable":true,"href":"https:\/\/naenpalabras.net\/wp\/wp-json\/wp\/v2\/media\/4551"}],"wp:attachment":[{"href":"https:\/\/naenpalabras.net\/wp\/wp-json\/wp\/v2\/media?parent=4550"}],"wp:term":[{"taxonomy":"category","embeddable":true,"href":"https:\/\/naenpalabras.net\/wp\/wp-json\/wp\/v2\/categories?post=4550"},{"taxonomy":"post_tag","embeddable":true,"href":"https:\/\/naenpalabras.net\/wp\/wp-json\/wp\/v2\/tags?post=4550"}],"curies":[{"name":"wp","href":"https:\/\/api.w.org\/{rel}","templated":true}]}}