{"id":435,"date":"2024-04-29T12:34:17","date_gmt":"2024-04-29T16:34:17","guid":{"rendered":"https:\/\/naenpalabras.net\/wp\/?p=435"},"modified":"2024-04-29T12:34:17","modified_gmt":"2024-04-29T16:34:17","slug":"pedro-sanchez-anuncia-que-se-queda-al-frente-del-gobierno-de-espana","status":"publish","type":"post","link":"https:\/\/naenpalabras.net\/wp\/2024\/04\/29\/pedro-sanchez-anuncia-que-se-queda-al-frente-del-gobierno-de-espana\/","title":{"rendered":"Pedro S\u00e1nchez anuncia que se queda al frente del Gobierno de Espa\u00f1a."},"content":{"rendered":"<p><em>Tras cinco d\u00edas de reflexi\u00f3n, el socialista Pedro S\u00e1nchez ha anunciado este lunes su decisi\u00f3n de continuar como presidente del Gobierno en Espa\u00f1a.<\/em><\/p>\n<p>\u201c<strong>He decidido seguir. Esta decisi\u00f3n no supone un punto y seguido, es un punto y aparte. Asumo la decisi\u00f3n de continuar con m\u00e1s fuerza si cabe al frente del Gobierno de Espa\u00f1a<\/strong>\u201d, ha enfatizado en su mensaje al pa\u00eds desde el palacio de la Moncloa, tras regresar del Palacio de la Zarzuela, donde hab\u00eda comunicado al rey su decisi\u00f3n.<\/p>\n<p>De esta forma, el l\u00edder del Partido Socialista Obrero Espa\u00f1ol (PSOE) ha puesto punto final a la incertidumbre que se abri\u00f3 el mi\u00e9rcoles cuando anunci\u00f3 que se daba unos d\u00edas para meditar su renuncia, tras considerar que su familia sufr\u00eda el \u201cacoso y derribo\u201d de la derecha y la ultraderecha, despu\u00e9s de que se conociera la apertura de una investigaci\u00f3n judicial a su esposa, Bego\u00f1a G\u00f3mez, por presunto tr\u00e1fico de influencias.<\/p>\n<p>Seg\u00fan ha manifestado S\u00e1nchez, \u201cla movilizaci\u00f3n social\u201d ha influido positivamente en que permanezca al frente del Ejecutivo y ha agradecido las muestras de apoyo, principalmente, a su formaci\u00f3n pol\u00edtica, el PSOE.<\/p>\n<p>En efecto, tras emitir su carta sobre su posible renuncia, S\u00e1nchez ha recibido apoyo multitudinario de la militancia, presidentes auton\u00f3micos, l\u00edderes internacionales y personalidades de la sociedad. El domingo, varios miles de personas se manifestaron por las calles de Madrid y hasta el Congreso de los Diputados \u201cpor amor a la democracia\u201d, como rezaba el lema de la convocatoria. En particular, para pedir a S\u00e1nchez que no se rinda y contin\u00fae como presidente.<\/p>\n<p>\u201cLlevamos demasiado tiempo dejando que el fango colonice impunemente la vida pol\u00edtica, la vida p\u00fablica, de pr\u00e1cticas t\u00f3xicas inimaginables hace apenas unos a\u00f1os. Apelo, en consecuencia, a la conciencia colectiva de la sociedad espa\u00f1ola\u201d, ha expresado el mandatario.<\/p>\n<p>Asimismo, ha dicho que la \u201ccampa\u00f1a de descr\u00e9dito no parar\u00e1\u201d, en referencia a las acusaciones contra \u00e9l y su esposa, quien tiene una carpeta de investigaci\u00f3n abierta desde el mi\u00e9rcoles en el Juzgado de Instrucci\u00f3n N\u00famero 41 de Madrid por presuntos delitos de tr\u00e1fico de influencias y corrupci\u00f3n en los negocios a ra\u00edz de una denuncia del sindicato Manos Limpias.<\/p>\n<p>&nbsp;<\/p>\n<p><a href=\"https:\/\/www.resumenlatinoamericano.org\/2024\/04\/29\/pedro-sanchez-anuncia-que-se-queda-al-frente-del-gobierno-de-espana\/\"><strong>Fuente: Resumen Latinoamericano\u00a0<\/strong><\/a><\/p>\n","protected":false},"excerpt":{"rendered":"<p>Tras cinco d\u00edas de reflexi\u00f3n, el socialista Pedro S\u00e1nchez ha anunciado este lunes su decisi\u00f3n de continuar como presidente del Gobierno en Espa\u00f1a. \u201cHe decidido seguir. Esta decisi\u00f3n no supone un punto y seguido, es un punto y aparte. Asumo la decisi\u00f3n de continuar con m\u00e1s fuerza si cabe al [&hellip;]<\/p>\n","protected":false},"author":2,"featured_media":436,"comment_status":"open","ping_status":"closed","sticky":false,"template":"","format":"standard","meta":{"footnotes":""},"categories":[4],"tags":[169,170],"class_list":["post-435","post","type-post","status-publish","format-standard","has-post-thumbnail","hentry","category-noticias","tag-espana","tag-psoe"],"yoast_head":"<!-- This site is optimized with the Yoast SEO plugin v27.5 - https:\/\/yoast.com\/product\/yoast-seo-wordpress\/ -->\n<title>Pedro S\u00e1nchez anuncia que se queda al frente del Gobierno de Espa\u00f1a. - Nuestra Am\u00e9rica En Palabras<\/title>\n<meta name=\"robots\" content=\"index, follow, max-snippet:-1, max-image-preview:large, max-video-preview:-1\" \/>\n<link rel=\"canonical\" href=\"https:\/\/naenpalabras.net\/wp\/2024\/04\/29\/pedro-sanchez-anuncia-que-se-queda-al-frente-del-gobierno-de-espana\/\" \/>\n<meta property=\"og:locale\" content=\"es_ES\" \/>\n<meta property=\"og:type\" content=\"article\" \/>\n<meta property=\"og:title\" content=\"Pedro S\u00e1nchez anuncia que se queda al frente del Gobierno de Espa\u00f1a. - Nuestra Am\u00e9rica En Palabras\" \/>\n<meta property=\"og:description\" content=\"Tras cinco d\u00edas de reflexi\u00f3n, el socialista Pedro S\u00e1nchez ha anunciado este lunes su decisi\u00f3n de continuar como presidente del Gobierno en Espa\u00f1a. \u201cHe decidido seguir. Esta decisi\u00f3n no supone un punto y seguido, es un punto y aparte. Asumo la decisi\u00f3n de continuar con m\u00e1s fuerza si cabe al [&hellip;]\" \/>\n<meta property=\"og:url\" content=\"https:\/\/naenpalabras.net\/wp\/2024\/04\/29\/pedro-sanchez-anuncia-que-se-queda-al-frente-del-gobierno-de-espana\/\" \/>\n<meta property=\"og:site_name\" content=\"Nuestra Am\u00e9rica En Palabras\" \/>\n<meta property=\"article:published_time\" content=\"2024-04-29T16:34:17+00:00\" \/>\n<meta property=\"og:image\" content=\"https:\/\/naenpalabras.net\/wp\/wp-content\/uploads\/2024\/04\/2-9.jpg\" \/>\n\t<meta property=\"og:image:width\" content=\"880\" \/>\n\t<meta property=\"og:image:height\" content=\"495\" \/>\n\t<meta property=\"og:image:type\" content=\"image\/jpeg\" \/>\n<meta name=\"author\" content=\"naenp\" \/>\n<meta name=\"twitter:card\" content=\"summary_large_image\" \/>\n<meta name=\"twitter:label1\" content=\"Escrito por\" \/>\n\t<meta name=\"twitter:data1\" content=\"naenp\" \/>\n\t<meta name=\"twitter:label2\" content=\"Tiempo estimado de lectura\" \/>\n\t<meta name=\"twitter:data2\" content=\"2 minutos\" \/>\n<script type=\"application\/ld+json\" class=\"yoast-schema-graph\">{\"@context\":\"https:\\\/\\\/schema.org\",\"@graph\":[{\"@type\":\"Article\",\"@id\":\"https:\\\/\\\/naenpalabras.net\\\/wp\\\/2024\\\/04\\\/29\\\/pedro-sanchez-anuncia-que-se-queda-al-frente-del-gobierno-de-espana\\\/#article\",\"isPartOf\":{\"@id\":\"https:\\\/\\\/naenpalabras.net\\\/wp\\\/2024\\\/04\\\/29\\\/pedro-sanchez-anuncia-que-se-queda-al-frente-del-gobierno-de-espana\\\/\"},\"author\":{\"name\":\"naenp\",\"@id\":\"https:\\\/\\\/naenpalabras.net\\\/wp\\\/#\\\/schema\\\/person\\\/2b8dc3b44be009cae3c432096b2fad15\"},\"headline\":\"Pedro S\u00e1nchez anuncia que se queda al frente del Gobierno de Espa\u00f1a.\",\"datePublished\":\"2024-04-29T16:34:17+00:00\",\"mainEntityOfPage\":{\"@id\":\"https:\\\/\\\/naenpalabras.net\\\/wp\\\/2024\\\/04\\\/29\\\/pedro-sanchez-anuncia-que-se-queda-al-frente-del-gobierno-de-espana\\\/\"},\"wordCount\":419,\"commentCount\":0,\"image\":{\"@id\":\"https:\\\/\\\/naenpalabras.net\\\/wp\\\/2024\\\/04\\\/29\\\/pedro-sanchez-anuncia-que-se-queda-al-frente-del-gobierno-de-espana\\\/#primaryimage\"},\"thumbnailUrl\":\"https:\\\/\\\/naenpalabras.net\\\/wp\\\/wp-content\\\/uploads\\\/2024\\\/04\\\/2-9.jpg\",\"keywords\":[\"Espa\u00f1a\",\"PSOE\"],\"articleSection\":[\"Noticias\"],\"inLanguage\":\"es\",\"potentialAction\":[{\"@type\":\"CommentAction\",\"name\":\"Comment\",\"target\":[\"https:\\\/\\\/naenpalabras.net\\\/wp\\\/2024\\\/04\\\/29\\\/pedro-sanchez-anuncia-que-se-queda-al-frente-del-gobierno-de-espana\\\/#respond\"]}]},{\"@type\":\"WebPage\",\"@id\":\"https:\\\/\\\/naenpalabras.net\\\/wp\\\/2024\\\/04\\\/29\\\/pedro-sanchez-anuncia-que-se-queda-al-frente-del-gobierno-de-espana\\\/\",\"url\":\"https:\\\/\\\/naenpalabras.net\\\/wp\\\/2024\\\/04\\\/29\\\/pedro-sanchez-anuncia-que-se-queda-al-frente-del-gobierno-de-espana\\\/\",\"name\":\"Pedro S\u00e1nchez anuncia que se queda al frente del Gobierno de Espa\u00f1a. - Nuestra Am\u00e9rica En Palabras\",\"isPartOf\":{\"@id\":\"https:\\\/\\\/naenpalabras.net\\\/wp\\\/#website\"},\"primaryImageOfPage\":{\"@id\":\"https:\\\/\\\/naenpalabras.net\\\/wp\\\/2024\\\/04\\\/29\\\/pedro-sanchez-anuncia-que-se-queda-al-frente-del-gobierno-de-espana\\\/#primaryimage\"},\"image\":{\"@id\":\"https:\\\/\\\/naenpalabras.net\\\/wp\\\/2024\\\/04\\\/29\\\/pedro-sanchez-anuncia-que-se-queda-al-frente-del-gobierno-de-espana\\\/#primaryimage\"},\"thumbnailUrl\":\"https:\\\/\\\/naenpalabras.net\\\/wp\\\/wp-content\\\/uploads\\\/2024\\\/04\\\/2-9.jpg\",\"datePublished\":\"2024-04-29T16:34:17+00:00\",\"author\":{\"@id\":\"https:\\\/\\\/naenpalabras.net\\\/wp\\\/#\\\/schema\\\/person\\\/2b8dc3b44be009cae3c432096b2fad15\"},\"breadcrumb\":{\"@id\":\"https:\\\/\\\/naenpalabras.net\\\/wp\\\/2024\\\/04\\\/29\\\/pedro-sanchez-anuncia-que-se-queda-al-frente-del-gobierno-de-espana\\\/#breadcrumb\"},\"inLanguage\":\"es\",\"potentialAction\":[{\"@type\":\"ReadAction\",\"target\":[\"https:\\\/\\\/naenpalabras.net\\\/wp\\\/2024\\\/04\\\/29\\\/pedro-sanchez-anuncia-que-se-queda-al-frente-del-gobierno-de-espana\\\/\"]}]},{\"@type\":\"ImageObject\",\"inLanguage\":\"es\",\"@id\":\"https:\\\/\\\/naenpalabras.net\\\/wp\\\/2024\\\/04\\\/29\\\/pedro-sanchez-anuncia-que-se-queda-al-frente-del-gobierno-de-espana\\\/#primaryimage\",\"url\":\"https:\\\/\\\/naenpalabras.net\\\/wp\\\/wp-content\\\/uploads\\\/2024\\\/04\\\/2-9.jpg\",\"contentUrl\":\"https:\\\/\\\/naenpalabras.net\\\/wp\\\/wp-content\\\/uploads\\\/2024\\\/04\\\/2-9.jpg\",\"width\":880,\"height\":495},{\"@type\":\"BreadcrumbList\",\"@id\":\"https:\\\/\\\/naenpalabras.net\\\/wp\\\/2024\\\/04\\\/29\\\/pedro-sanchez-anuncia-que-se-queda-al-frente-del-gobierno-de-espana\\\/#breadcrumb\",\"itemListElement\":[{\"@type\":\"ListItem\",\"position\":1,\"name\":\"Portada\",\"item\":\"https:\\\/\\\/naenpalabras.net\\\/wp\\\/\"},{\"@type\":\"ListItem\",\"position\":2,\"name\":\"Pedro S\u00e1nchez anuncia que se queda al frente del Gobierno de Espa\u00f1a.\"}]},{\"@type\":\"WebSite\",\"@id\":\"https:\\\/\\\/naenpalabras.net\\\/wp\\\/#website\",\"url\":\"https:\\\/\\\/naenpalabras.net\\\/wp\\\/\",\"name\":\"Nuestra Am\u00e9rica En Palabras\",\"description\":\"\",\"potentialAction\":[{\"@type\":\"SearchAction\",\"target\":{\"@type\":\"EntryPoint\",\"urlTemplate\":\"https:\\\/\\\/naenpalabras.net\\\/wp\\\/?s={search_term_string}\"},\"query-input\":{\"@type\":\"PropertyValueSpecification\",\"valueRequired\":true,\"valueName\":\"search_term_string\"}}],\"inLanguage\":\"es\"},{\"@type\":\"Person\",\"@id\":\"https:\\\/\\\/naenpalabras.net\\\/wp\\\/#\\\/schema\\\/person\\\/2b8dc3b44be009cae3c432096b2fad15\",\"name\":\"naenp\",\"image\":{\"@type\":\"ImageObject\",\"inLanguage\":\"es\",\"@id\":\"https:\\\/\\\/secure.gravatar.com\\\/avatar\\\/ebeb7cc417e6a6b9894cfaca0e864947ba305c2cd77c221b39b90345e02bc3bb?s=96&d=mm&r=g\",\"url\":\"https:\\\/\\\/secure.gravatar.com\\\/avatar\\\/ebeb7cc417e6a6b9894cfaca0e864947ba305c2cd77c221b39b90345e02bc3bb?s=96&d=mm&r=g\",\"contentUrl\":\"https:\\\/\\\/secure.gravatar.com\\\/avatar\\\/ebeb7cc417e6a6b9894cfaca0e864947ba305c2cd77c221b39b90345e02bc3bb?s=96&d=mm&r=g\",\"caption\":\"naenp\"},\"sameAs\":[\"https:\\\/\\\/naenpalabras.net\\\/wp\"],\"url\":\"https:\\\/\\\/naenpalabras.net\\\/wp\\\/author\\\/admin-2\\\/\"}]}<\/script>\n<!-- \/ Yoast SEO plugin. -->","yoast_head_json":{"title":"Pedro S\u00e1nchez anuncia que se queda al frente del Gobierno de Espa\u00f1a. - Nuestra Am\u00e9rica En Palabras","robots":{"index":"index","follow":"follow","max-snippet":"max-snippet:-1","max-image-preview":"max-image-preview:large","max-video-preview":"max-video-preview:-1"},"canonical":"https:\/\/naenpalabras.net\/wp\/2024\/04\/29\/pedro-sanchez-anuncia-que-se-queda-al-frente-del-gobierno-de-espana\/","og_locale":"es_ES","og_type":"article","og_title":"Pedro S\u00e1nchez anuncia que se queda al frente del Gobierno de Espa\u00f1a. - Nuestra Am\u00e9rica En Palabras","og_description":"Tras cinco d\u00edas de reflexi\u00f3n, el socialista Pedro S\u00e1nchez ha anunciado este lunes su decisi\u00f3n de continuar como presidente del Gobierno en Espa\u00f1a. \u201cHe decidido seguir. Esta decisi\u00f3n no supone un punto y seguido, es un punto y aparte. Asumo la decisi\u00f3n de continuar con m\u00e1s fuerza si cabe al [&hellip;]","og_url":"https:\/\/naenpalabras.net\/wp\/2024\/04\/29\/pedro-sanchez-anuncia-que-se-queda-al-frente-del-gobierno-de-espana\/","og_site_name":"Nuestra Am\u00e9rica En Palabras","article_published_time":"2024-04-29T16:34:17+00:00","og_image":[{"width":880,"height":495,"url":"https:\/\/naenpalabras.net\/wp\/wp-content\/uploads\/2024\/04\/2-9.jpg","type":"image\/jpeg"}],"author":"naenp","twitter_card":"summary_large_image","twitter_misc":{"Escrito por":"naenp","Tiempo estimado de lectura":"2 minutos"},"schema":{"@context":"https:\/\/schema.org","@graph":[{"@type":"Article","@id":"https:\/\/naenpalabras.net\/wp\/2024\/04\/29\/pedro-sanchez-anuncia-que-se-queda-al-frente-del-gobierno-de-espana\/#article","isPartOf":{"@id":"https:\/\/naenpalabras.net\/wp\/2024\/04\/29\/pedro-sanchez-anuncia-que-se-queda-al-frente-del-gobierno-de-espana\/"},"author":{"name":"naenp","@id":"https:\/\/naenpalabras.net\/wp\/#\/schema\/person\/2b8dc3b44be009cae3c432096b2fad15"},"headline":"Pedro S\u00e1nchez anuncia que se queda al frente del Gobierno de Espa\u00f1a.","datePublished":"2024-04-29T16:34:17+00:00","mainEntityOfPage":{"@id":"https:\/\/naenpalabras.net\/wp\/2024\/04\/29\/pedro-sanchez-anuncia-que-se-queda-al-frente-del-gobierno-de-espana\/"},"wordCount":419,"commentCount":0,"image":{"@id":"https:\/\/naenpalabras.net\/wp\/2024\/04\/29\/pedro-sanchez-anuncia-que-se-queda-al-frente-del-gobierno-de-espana\/#primaryimage"},"thumbnailUrl":"https:\/\/naenpalabras.net\/wp\/wp-content\/uploads\/2024\/04\/2-9.jpg","keywords":["Espa\u00f1a","PSOE"],"articleSection":["Noticias"],"inLanguage":"es","potentialAction":[{"@type":"CommentAction","name":"Comment","target":["https:\/\/naenpalabras.net\/wp\/2024\/04\/29\/pedro-sanchez-anuncia-que-se-queda-al-frente-del-gobierno-de-espana\/#respond"]}]},{"@type":"WebPage","@id":"https:\/\/naenpalabras.net\/wp\/2024\/04\/29\/pedro-sanchez-anuncia-que-se-queda-al-frente-del-gobierno-de-espana\/","url":"https:\/\/naenpalabras.net\/wp\/2024\/04\/29\/pedro-sanchez-anuncia-que-se-queda-al-frente-del-gobierno-de-espana\/","name":"Pedro S\u00e1nchez anuncia que se queda al frente del Gobierno de Espa\u00f1a. - Nuestra Am\u00e9rica En Palabras","isPartOf":{"@id":"https:\/\/naenpalabras.net\/wp\/#website"},"primaryImageOfPage":{"@id":"https:\/\/naenpalabras.net\/wp\/2024\/04\/29\/pedro-sanchez-anuncia-que-se-queda-al-frente-del-gobierno-de-espana\/#primaryimage"},"image":{"@id":"https:\/\/naenpalabras.net\/wp\/2024\/04\/29\/pedro-sanchez-anuncia-que-se-queda-al-frente-del-gobierno-de-espana\/#primaryimage"},"thumbnailUrl":"https:\/\/naenpalabras.net\/wp\/wp-content\/uploads\/2024\/04\/2-9.jpg","datePublished":"2024-04-29T16:34:17+00:00","author":{"@id":"https:\/\/naenpalabras.net\/wp\/#\/schema\/person\/2b8dc3b44be009cae3c432096b2fad15"},"breadcrumb":{"@id":"https:\/\/naenpalabras.net\/wp\/2024\/04\/29\/pedro-sanchez-anuncia-que-se-queda-al-frente-del-gobierno-de-espana\/#breadcrumb"},"inLanguage":"es","potentialAction":[{"@type":"ReadAction","target":["https:\/\/naenpalabras.net\/wp\/2024\/04\/29\/pedro-sanchez-anuncia-que-se-queda-al-frente-del-gobierno-de-espana\/"]}]},{"@type":"ImageObject","inLanguage":"es","@id":"https:\/\/naenpalabras.net\/wp\/2024\/04\/29\/pedro-sanchez-anuncia-que-se-queda-al-frente-del-gobierno-de-espana\/#primaryimage","url":"https:\/\/naenpalabras.net\/wp\/wp-content\/uploads\/2024\/04\/2-9.jpg","contentUrl":"https:\/\/naenpalabras.net\/wp\/wp-content\/uploads\/2024\/04\/2-9.jpg","width":880,"height":495},{"@type":"BreadcrumbList","@id":"https:\/\/naenpalabras.net\/wp\/2024\/04\/29\/pedro-sanchez-anuncia-que-se-queda-al-frente-del-gobierno-de-espana\/#breadcrumb","itemListElement":[{"@type":"ListItem","position":1,"name":"Portada","item":"https:\/\/naenpalabras.net\/wp\/"},{"@type":"ListItem","position":2,"name":"Pedro S\u00e1nchez anuncia que se queda al frente del Gobierno de Espa\u00f1a."}]},{"@type":"WebSite","@id":"https:\/\/naenpalabras.net\/wp\/#website","url":"https:\/\/naenpalabras.net\/wp\/","name":"Nuestra Am\u00e9rica En Palabras","description":"","potentialAction":[{"@type":"SearchAction","target":{"@type":"EntryPoint","urlTemplate":"https:\/\/naenpalabras.net\/wp\/?s={search_term_string}"},"query-input":{"@type":"PropertyValueSpecification","valueRequired":true,"valueName":"search_term_string"}}],"inLanguage":"es"},{"@type":"Person","@id":"https:\/\/naenpalabras.net\/wp\/#\/schema\/person\/2b8dc3b44be009cae3c432096b2fad15","name":"naenp","image":{"@type":"ImageObject","inLanguage":"es","@id":"https:\/\/secure.gravatar.com\/avatar\/ebeb7cc417e6a6b9894cfaca0e864947ba305c2cd77c221b39b90345e02bc3bb?s=96&d=mm&r=g","url":"https:\/\/secure.gravatar.com\/avatar\/ebeb7cc417e6a6b9894cfaca0e864947ba305c2cd77c221b39b90345e02bc3bb?s=96&d=mm&r=g","contentUrl":"https:\/\/secure.gravatar.com\/avatar\/ebeb7cc417e6a6b9894cfaca0e864947ba305c2cd77c221b39b90345e02bc3bb?s=96&d=mm&r=g","caption":"naenp"},"sameAs":["https:\/\/naenpalabras.net\/wp"],"url":"https:\/\/naenpalabras.net\/wp\/author\/admin-2\/"}]}},"_links":{"self":[{"href":"https:\/\/naenpalabras.net\/wp\/wp-json\/wp\/v2\/posts\/435","targetHints":{"allow":["GET"]}}],"collection":[{"href":"https:\/\/naenpalabras.net\/wp\/wp-json\/wp\/v2\/posts"}],"about":[{"href":"https:\/\/naenpalabras.net\/wp\/wp-json\/wp\/v2\/types\/post"}],"author":[{"embeddable":true,"href":"https:\/\/naenpalabras.net\/wp\/wp-json\/wp\/v2\/users\/2"}],"replies":[{"embeddable":true,"href":"https:\/\/naenpalabras.net\/wp\/wp-json\/wp\/v2\/comments?post=435"}],"version-history":[{"count":1,"href":"https:\/\/naenpalabras.net\/wp\/wp-json\/wp\/v2\/posts\/435\/revisions"}],"predecessor-version":[{"id":437,"href":"https:\/\/naenpalabras.net\/wp\/wp-json\/wp\/v2\/posts\/435\/revisions\/437"}],"wp:featuredmedia":[{"embeddable":true,"href":"https:\/\/naenpalabras.net\/wp\/wp-json\/wp\/v2\/media\/436"}],"wp:attachment":[{"href":"https:\/\/naenpalabras.net\/wp\/wp-json\/wp\/v2\/media?parent=435"}],"wp:term":[{"taxonomy":"category","embeddable":true,"href":"https:\/\/naenpalabras.net\/wp\/wp-json\/wp\/v2\/categories?post=435"},{"taxonomy":"post_tag","embeddable":true,"href":"https:\/\/naenpalabras.net\/wp\/wp-json\/wp\/v2\/tags?post=435"}],"curies":[{"name":"wp","href":"https:\/\/api.w.org\/{rel}","templated":true}]}}