{"id":4226,"date":"2025-10-01T00:10:27","date_gmt":"2025-10-01T04:10:27","guid":{"rendered":"https:\/\/naenpalabras.net\/wp\/?p=4226"},"modified":"2025-10-01T00:10:27","modified_gmt":"2025-10-01T04:10:27","slug":"colombia-pide-a-la-onu-buscar-sede-en-pais-totalmente-neutral","status":"publish","type":"post","link":"https:\/\/naenpalabras.net\/wp\/2025\/10\/01\/colombia-pide-a-la-onu-buscar-sede-en-pais-totalmente-neutral\/","title":{"rendered":"Colombia pide a la ONU buscar sede en pa\u00eds \u201ctotalmente neutral\u201d"},"content":{"rendered":"<p class=\"introtext\">La Canciller\u00eda colombiana rechaza la revocaci\u00f3n de la visa del presidente Petro por EE.UU. y propone a ONU considerar mudar su sede a un pa\u00eds \u201ccompletamente neutral\u201d.<\/p>\n<div>\n<p>Las Naciones Unidas, con sede en Nueva York, es un \u201cescenario que otorga el derecho a los representantes de los pa\u00edses miembros a valerse del Gobierno de otro pa\u00eds miembro-interlocutor para la solicitud y aprobaci\u00f3n de una visa oficial [\u2026] garantizando la libertad de palabra y la completa independencia en el desempe\u00f1o de sus funciones, as\u00ed como la inmunidad de procedimiento judicial, respecto a expresiones orales o escritas\u201d,\u00a0<a href=\"https:\/\/www.cancilleria.gov.co\/newsroom\/news\/comunicado-revocacion-visa-estados-unidos-presidente-colombia\">reza la declaraci\u00f3n del Ministerio de Relaciones Exteriores de Colombia al expresar el s\u00e1bado su rechazo a la\u00a0decisi\u00f3n\u00a0de Estados Unidos de revocar la visa del presidente Gustavo Petro<\/a>.<\/p>\n<p><strong>En su comunicado, la Canciller\u00eda colombiana record\u00f3 que la Organizaci\u00f3n de las Naciones Unidas (ONU) funciona, bajo el acuerdo de sede, que obliga al pa\u00eds anfitri\u00f3n, en este caso EE.UU., a\u00a0garantizar el acceso de los representantes de los Estados miembros.<\/strong><\/p>\n<ul>\n<li><a href=\"https:\/\/www.hispantv.com\/noticias\/colombia\/632108\/petro-eeuu-promete-movilizar-colombianos-liberar-palestina\"><strong>Petro en EEUU promete movilizar a colombianos para liberar a Palestina<\/strong><\/a><\/li>\n<\/ul>\n<p>\u201cEn consecuencia,\u00a0negar o revocar una visa \u2014como arma diplom\u00e1tica\u2014 atenta al esp\u00edritu de la Carta de 1945\u00a0de una participaci\u00f3n \u2018in situ\u2019 con promoci\u00f3n y protecci\u00f3n del derecho a la libertad de opini\u00f3n y de expresi\u00f3n sin consideraci\u00f3n de fronteras\u201d,\u00a0argumenta el referido Ministerio, que sugiera la posibilidad de\u00a0considerar el traslado de la sede de la ONU.<\/p>\n<p><strong>\u201cEn caso contrario, ser\u00eda imprescindible la b\u00fasqueda de un\u00a0pa\u00eds sede completamente neutral\u00a0que permita, independientemente de sus relaciones bilaterales y de posiciones pol\u00edticas e ideolog\u00edas, que fuera la propia Organizaci\u00f3n que expidiera una autorizaci\u00f3n para ingresar al territorio de ese nuevo Estado-sede\u201d,\u00a0reza el comunicado. \u00a0<\/strong><\/p>\n<p>Igualmente, el documento destaca que \u201cColombia continuar\u00e1 participando activamente en los escenarios multilaterales, en particular en Naciones Unidas, reafirmando que el Acuerdo de Sede de 1947 obliga a Estados Unidos a garantizar la entrada de las delegaciones estatales a dichas instancias\u201d.<\/p>\n<p>La posici\u00f3n de la Canciller\u00eda va en l\u00ednea con la del presidente Petro, quien el s\u00e1bado dijo que la revocatoria de su visa viola el derecho internacional y las normas de inmunidad diplom\u00e1tica, y por eso considera que la sede de la ONU no puede seguir en Nueva York.<\/p>\n<p><strong>\u201cLo que hace el Gobierno de EE.UU. conmigo, rompe todas las normas de inmunidad en que se basa el funcionamiento de las Naciones Unidas y su Asamblea General. Hay total inmunidad para los presidentes que asisten a la Asamblea y el Gobierno de EE.UU. no puede condicionar la opini\u00f3n de los EE.UU.\u201d, escribi\u00f3 Petro en su cuenta de la red social X.<\/strong><\/p>\n<div data-oembed-url=\"https:\/\/twitter.com\/petrogustavo\/status\/1971856370681934076\">\n<blockquote class=\"twitter-tweet\" data-twitter-extracted-i1759291658207557666=\"true\">\n<p dir=\"ltr\" lang=\"es\">Llegu\u00e9 a Bogot\u00e1 y me encuentro que ya no tengo Visaa EEUU. Para ir a Ibagu\u00e9 a la gran conventraci\u00f3n tolimense por la democracia no necesito Visa.<\/p>\n<p>Separar a EEUU de Colombia es lo que necesitan las mafias.<\/p>\n<p>Lo que hace el gobierno de EEUU conmigo, rompe todas las normas de\u2026<\/p>\n<p>\u2014 Gustavo Petro (@petrogustavo)\u00a0<a href=\"https:\/\/twitter.com\/petrogustavo\/status\/1971856370681934076?ref_src=twsrc%5Etfw\">September 27, 2025<\/a><\/p><\/blockquote>\n<\/div>\n<p><strong>La Canciller\u00eda vincul\u00f3 la retirada de la visa con\u00a0la postura de Petro sobre la Franja de Gaza, resaltando que \u201calzar la voz para denunciar hechos que afectan a la poblaci\u00f3n palestina no puede ser interpretado como un acto contrario al derecho, sino como una\u00a0obligaci\u00f3n moral\u00a0y pol\u00edtica frente a posibles violaciones graves del Derecho Internacional Humanitario y de los derechos humanos de esa poblaci\u00f3n\u201d.<\/strong><\/p>\n<p>El presidente colombiano es un defensor de la causa palestina y en su discurso del pasado martes en la ONU denunci\u00f3 una vez m\u00e1s el \u201cgenocidio\u201d del r\u00e9gimen de Israel en la Franja de Gaza y llam\u00f3 a \u201cunir ej\u00e9rcitos y armas\u201d para \u201cliberar a Palestina\u201d.<\/p>\n<p>El Departamento de Estado de EE.UU. dijo el viernes que le retirar\u00e1 la visa a Petro por instar a soldados de ese pa\u00eds \u201ca desobedecer \u00f3rdenes e incitar a la violencia\u201d, durante una manifestaci\u00f3n propalestina en Nueva York, despu\u00e9s de participar a lo largo de la semana en diversas actividades de la Asamblea General de la ONU.<\/p>\n<ul>\n<li><a href=\"https:\/\/www.hispantv.com\/noticias\/colombia\/632162\/petro-eeuu-revocacion-visa\"><strong>\u201cNo me importa\u201d: Petro reta a EEUU tras revocaci\u00f3n de su visado<\/strong><\/a><\/li>\n<\/ul>\n<\/div>\n<p>&nbsp;<\/p>\n<p><a href=\"https:\/\/www.hispantv.com\/noticias\/colombia\/632242\/colombia-pide-onu-buscar-sede-pais-totalmente-neutral\"><strong>Fuente: Hispantv<\/strong><\/a><\/p>\n","protected":false},"excerpt":{"rendered":"<p>La Canciller\u00eda colombiana rechaza la revocaci\u00f3n de la visa del presidente Petro por EE.UU. y propone a ONU considerar mudar su sede a un pa\u00eds \u201ccompletamente neutral\u201d. Las Naciones Unidas, con sede en Nueva York, es un \u201cescenario que otorga el derecho a los representantes de los pa\u00edses miembros a [&hellip;]<\/p>\n","protected":false},"author":2,"featured_media":4227,"comment_status":"open","ping_status":"closed","sticky":false,"template":"","format":"standard","meta":{"footnotes":""},"categories":[4],"tags":[17,27,323],"class_list":["post-4226","post","type-post","status-publish","format-standard","has-post-thumbnail","hentry","category-noticias","tag-colombia","tag-onu","tag-petro"],"yoast_head":"<!-- This site is optimized with the Yoast SEO plugin v27.5 - https:\/\/yoast.com\/product\/yoast-seo-wordpress\/ -->\n<title>Colombia pide a la ONU buscar sede en pa\u00eds \u201ctotalmente neutral\u201d - Nuestra Am\u00e9rica En Palabras<\/title>\n<meta name=\"robots\" content=\"index, follow, max-snippet:-1, max-image-preview:large, max-video-preview:-1\" \/>\n<link rel=\"canonical\" href=\"https:\/\/naenpalabras.net\/wp\/2025\/10\/01\/colombia-pide-a-la-onu-buscar-sede-en-pais-totalmente-neutral\/\" \/>\n<meta property=\"og:locale\" content=\"es_ES\" \/>\n<meta property=\"og:type\" content=\"article\" \/>\n<meta property=\"og:title\" content=\"Colombia pide a la ONU buscar sede en pa\u00eds \u201ctotalmente neutral\u201d - Nuestra Am\u00e9rica En Palabras\" \/>\n<meta property=\"og:description\" content=\"La Canciller\u00eda colombiana rechaza la revocaci\u00f3n de la visa del presidente Petro por EE.UU. y propone a ONU considerar mudar su sede a un pa\u00eds \u201ccompletamente neutral\u201d. Las Naciones Unidas, con sede en Nueva York, es un \u201cescenario que otorga el derecho a los representantes de los pa\u00edses miembros a [&hellip;]\" \/>\n<meta property=\"og:url\" content=\"https:\/\/naenpalabras.net\/wp\/2025\/10\/01\/colombia-pide-a-la-onu-buscar-sede-en-pais-totalmente-neutral\/\" \/>\n<meta property=\"og:site_name\" content=\"Nuestra Am\u00e9rica En Palabras\" \/>\n<meta property=\"article:published_time\" content=\"2025-10-01T04:10:27+00:00\" \/>\n<meta property=\"og:image\" content=\"https:\/\/naenpalabras.net\/wp\/wp-content\/uploads\/2025\/10\/6.jpg\" \/>\n\t<meta property=\"og:image:width\" content=\"880\" \/>\n\t<meta property=\"og:image:height\" content=\"495\" \/>\n\t<meta property=\"og:image:type\" content=\"image\/jpeg\" \/>\n<meta name=\"author\" content=\"naenp\" \/>\n<meta name=\"twitter:card\" content=\"summary_large_image\" \/>\n<meta name=\"twitter:label1\" content=\"Escrito por\" \/>\n\t<meta name=\"twitter:data1\" content=\"naenp\" \/>\n\t<meta name=\"twitter:label2\" content=\"Tiempo estimado de lectura\" \/>\n\t<meta name=\"twitter:data2\" content=\"4 minutos\" \/>\n<script type=\"application\/ld+json\" class=\"yoast-schema-graph\">{\"@context\":\"https:\\\/\\\/schema.org\",\"@graph\":[{\"@type\":\"Article\",\"@id\":\"https:\\\/\\\/naenpalabras.net\\\/wp\\\/2025\\\/10\\\/01\\\/colombia-pide-a-la-onu-buscar-sede-en-pais-totalmente-neutral\\\/#article\",\"isPartOf\":{\"@id\":\"https:\\\/\\\/naenpalabras.net\\\/wp\\\/2025\\\/10\\\/01\\\/colombia-pide-a-la-onu-buscar-sede-en-pais-totalmente-neutral\\\/\"},\"author\":{\"name\":\"naenp\",\"@id\":\"https:\\\/\\\/naenpalabras.net\\\/wp\\\/#\\\/schema\\\/person\\\/2b8dc3b44be009cae3c432096b2fad15\"},\"headline\":\"Colombia pide a la ONU buscar sede en pa\u00eds \u201ctotalmente neutral\u201d\",\"datePublished\":\"2025-10-01T04:10:27+00:00\",\"mainEntityOfPage\":{\"@id\":\"https:\\\/\\\/naenpalabras.net\\\/wp\\\/2025\\\/10\\\/01\\\/colombia-pide-a-la-onu-buscar-sede-en-pais-totalmente-neutral\\\/\"},\"wordCount\":736,\"commentCount\":0,\"image\":{\"@id\":\"https:\\\/\\\/naenpalabras.net\\\/wp\\\/2025\\\/10\\\/01\\\/colombia-pide-a-la-onu-buscar-sede-en-pais-totalmente-neutral\\\/#primaryimage\"},\"thumbnailUrl\":\"https:\\\/\\\/naenpalabras.net\\\/wp\\\/wp-content\\\/uploads\\\/2025\\\/10\\\/6.jpg\",\"keywords\":[\"Colombia\",\"ONU\",\"Petro\"],\"articleSection\":[\"Noticias\"],\"inLanguage\":\"es\",\"potentialAction\":[{\"@type\":\"CommentAction\",\"name\":\"Comment\",\"target\":[\"https:\\\/\\\/naenpalabras.net\\\/wp\\\/2025\\\/10\\\/01\\\/colombia-pide-a-la-onu-buscar-sede-en-pais-totalmente-neutral\\\/#respond\"]}]},{\"@type\":\"WebPage\",\"@id\":\"https:\\\/\\\/naenpalabras.net\\\/wp\\\/2025\\\/10\\\/01\\\/colombia-pide-a-la-onu-buscar-sede-en-pais-totalmente-neutral\\\/\",\"url\":\"https:\\\/\\\/naenpalabras.net\\\/wp\\\/2025\\\/10\\\/01\\\/colombia-pide-a-la-onu-buscar-sede-en-pais-totalmente-neutral\\\/\",\"name\":\"Colombia pide a la ONU buscar sede en pa\u00eds \u201ctotalmente neutral\u201d - Nuestra Am\u00e9rica En Palabras\",\"isPartOf\":{\"@id\":\"https:\\\/\\\/naenpalabras.net\\\/wp\\\/#website\"},\"primaryImageOfPage\":{\"@id\":\"https:\\\/\\\/naenpalabras.net\\\/wp\\\/2025\\\/10\\\/01\\\/colombia-pide-a-la-onu-buscar-sede-en-pais-totalmente-neutral\\\/#primaryimage\"},\"image\":{\"@id\":\"https:\\\/\\\/naenpalabras.net\\\/wp\\\/2025\\\/10\\\/01\\\/colombia-pide-a-la-onu-buscar-sede-en-pais-totalmente-neutral\\\/#primaryimage\"},\"thumbnailUrl\":\"https:\\\/\\\/naenpalabras.net\\\/wp\\\/wp-content\\\/uploads\\\/2025\\\/10\\\/6.jpg\",\"datePublished\":\"2025-10-01T04:10:27+00:00\",\"author\":{\"@id\":\"https:\\\/\\\/naenpalabras.net\\\/wp\\\/#\\\/schema\\\/person\\\/2b8dc3b44be009cae3c432096b2fad15\"},\"breadcrumb\":{\"@id\":\"https:\\\/\\\/naenpalabras.net\\\/wp\\\/2025\\\/10\\\/01\\\/colombia-pide-a-la-onu-buscar-sede-en-pais-totalmente-neutral\\\/#breadcrumb\"},\"inLanguage\":\"es\",\"potentialAction\":[{\"@type\":\"ReadAction\",\"target\":[\"https:\\\/\\\/naenpalabras.net\\\/wp\\\/2025\\\/10\\\/01\\\/colombia-pide-a-la-onu-buscar-sede-en-pais-totalmente-neutral\\\/\"]}]},{\"@type\":\"ImageObject\",\"inLanguage\":\"es\",\"@id\":\"https:\\\/\\\/naenpalabras.net\\\/wp\\\/2025\\\/10\\\/01\\\/colombia-pide-a-la-onu-buscar-sede-en-pais-totalmente-neutral\\\/#primaryimage\",\"url\":\"https:\\\/\\\/naenpalabras.net\\\/wp\\\/wp-content\\\/uploads\\\/2025\\\/10\\\/6.jpg\",\"contentUrl\":\"https:\\\/\\\/naenpalabras.net\\\/wp\\\/wp-content\\\/uploads\\\/2025\\\/10\\\/6.jpg\",\"width\":880,\"height\":495},{\"@type\":\"BreadcrumbList\",\"@id\":\"https:\\\/\\\/naenpalabras.net\\\/wp\\\/2025\\\/10\\\/01\\\/colombia-pide-a-la-onu-buscar-sede-en-pais-totalmente-neutral\\\/#breadcrumb\",\"itemListElement\":[{\"@type\":\"ListItem\",\"position\":1,\"name\":\"Portada\",\"item\":\"https:\\\/\\\/naenpalabras.net\\\/wp\\\/\"},{\"@type\":\"ListItem\",\"position\":2,\"name\":\"Colombia pide a la ONU buscar sede en pa\u00eds \u201ctotalmente neutral\u201d\"}]},{\"@type\":\"WebSite\",\"@id\":\"https:\\\/\\\/naenpalabras.net\\\/wp\\\/#website\",\"url\":\"https:\\\/\\\/naenpalabras.net\\\/wp\\\/\",\"name\":\"Nuestra Am\u00e9rica En Palabras\",\"description\":\"\",\"potentialAction\":[{\"@type\":\"SearchAction\",\"target\":{\"@type\":\"EntryPoint\",\"urlTemplate\":\"https:\\\/\\\/naenpalabras.net\\\/wp\\\/?s={search_term_string}\"},\"query-input\":{\"@type\":\"PropertyValueSpecification\",\"valueRequired\":true,\"valueName\":\"search_term_string\"}}],\"inLanguage\":\"es\"},{\"@type\":\"Person\",\"@id\":\"https:\\\/\\\/naenpalabras.net\\\/wp\\\/#\\\/schema\\\/person\\\/2b8dc3b44be009cae3c432096b2fad15\",\"name\":\"naenp\",\"image\":{\"@type\":\"ImageObject\",\"inLanguage\":\"es\",\"@id\":\"https:\\\/\\\/secure.gravatar.com\\\/avatar\\\/ebeb7cc417e6a6b9894cfaca0e864947ba305c2cd77c221b39b90345e02bc3bb?s=96&d=mm&r=g\",\"url\":\"https:\\\/\\\/secure.gravatar.com\\\/avatar\\\/ebeb7cc417e6a6b9894cfaca0e864947ba305c2cd77c221b39b90345e02bc3bb?s=96&d=mm&r=g\",\"contentUrl\":\"https:\\\/\\\/secure.gravatar.com\\\/avatar\\\/ebeb7cc417e6a6b9894cfaca0e864947ba305c2cd77c221b39b90345e02bc3bb?s=96&d=mm&r=g\",\"caption\":\"naenp\"},\"sameAs\":[\"https:\\\/\\\/naenpalabras.net\\\/wp\"],\"url\":\"https:\\\/\\\/naenpalabras.net\\\/wp\\\/author\\\/admin-2\\\/\"}]}<\/script>\n<!-- \/ Yoast SEO plugin. -->","yoast_head_json":{"title":"Colombia pide a la ONU buscar sede en pa\u00eds \u201ctotalmente neutral\u201d - Nuestra Am\u00e9rica En Palabras","robots":{"index":"index","follow":"follow","max-snippet":"max-snippet:-1","max-image-preview":"max-image-preview:large","max-video-preview":"max-video-preview:-1"},"canonical":"https:\/\/naenpalabras.net\/wp\/2025\/10\/01\/colombia-pide-a-la-onu-buscar-sede-en-pais-totalmente-neutral\/","og_locale":"es_ES","og_type":"article","og_title":"Colombia pide a la ONU buscar sede en pa\u00eds \u201ctotalmente neutral\u201d - Nuestra Am\u00e9rica En Palabras","og_description":"La Canciller\u00eda colombiana rechaza la revocaci\u00f3n de la visa del presidente Petro por EE.UU. y propone a ONU considerar mudar su sede a un pa\u00eds \u201ccompletamente neutral\u201d. Las Naciones Unidas, con sede en Nueva York, es un \u201cescenario que otorga el derecho a los representantes de los pa\u00edses miembros a [&hellip;]","og_url":"https:\/\/naenpalabras.net\/wp\/2025\/10\/01\/colombia-pide-a-la-onu-buscar-sede-en-pais-totalmente-neutral\/","og_site_name":"Nuestra Am\u00e9rica En Palabras","article_published_time":"2025-10-01T04:10:27+00:00","og_image":[{"width":880,"height":495,"url":"https:\/\/naenpalabras.net\/wp\/wp-content\/uploads\/2025\/10\/6.jpg","type":"image\/jpeg"}],"author":"naenp","twitter_card":"summary_large_image","twitter_misc":{"Escrito por":"naenp","Tiempo estimado de lectura":"4 minutos"},"schema":{"@context":"https:\/\/schema.org","@graph":[{"@type":"Article","@id":"https:\/\/naenpalabras.net\/wp\/2025\/10\/01\/colombia-pide-a-la-onu-buscar-sede-en-pais-totalmente-neutral\/#article","isPartOf":{"@id":"https:\/\/naenpalabras.net\/wp\/2025\/10\/01\/colombia-pide-a-la-onu-buscar-sede-en-pais-totalmente-neutral\/"},"author":{"name":"naenp","@id":"https:\/\/naenpalabras.net\/wp\/#\/schema\/person\/2b8dc3b44be009cae3c432096b2fad15"},"headline":"Colombia pide a la ONU buscar sede en pa\u00eds \u201ctotalmente neutral\u201d","datePublished":"2025-10-01T04:10:27+00:00","mainEntityOfPage":{"@id":"https:\/\/naenpalabras.net\/wp\/2025\/10\/01\/colombia-pide-a-la-onu-buscar-sede-en-pais-totalmente-neutral\/"},"wordCount":736,"commentCount":0,"image":{"@id":"https:\/\/naenpalabras.net\/wp\/2025\/10\/01\/colombia-pide-a-la-onu-buscar-sede-en-pais-totalmente-neutral\/#primaryimage"},"thumbnailUrl":"https:\/\/naenpalabras.net\/wp\/wp-content\/uploads\/2025\/10\/6.jpg","keywords":["Colombia","ONU","Petro"],"articleSection":["Noticias"],"inLanguage":"es","potentialAction":[{"@type":"CommentAction","name":"Comment","target":["https:\/\/naenpalabras.net\/wp\/2025\/10\/01\/colombia-pide-a-la-onu-buscar-sede-en-pais-totalmente-neutral\/#respond"]}]},{"@type":"WebPage","@id":"https:\/\/naenpalabras.net\/wp\/2025\/10\/01\/colombia-pide-a-la-onu-buscar-sede-en-pais-totalmente-neutral\/","url":"https:\/\/naenpalabras.net\/wp\/2025\/10\/01\/colombia-pide-a-la-onu-buscar-sede-en-pais-totalmente-neutral\/","name":"Colombia pide a la ONU buscar sede en pa\u00eds \u201ctotalmente neutral\u201d - Nuestra Am\u00e9rica En Palabras","isPartOf":{"@id":"https:\/\/naenpalabras.net\/wp\/#website"},"primaryImageOfPage":{"@id":"https:\/\/naenpalabras.net\/wp\/2025\/10\/01\/colombia-pide-a-la-onu-buscar-sede-en-pais-totalmente-neutral\/#primaryimage"},"image":{"@id":"https:\/\/naenpalabras.net\/wp\/2025\/10\/01\/colombia-pide-a-la-onu-buscar-sede-en-pais-totalmente-neutral\/#primaryimage"},"thumbnailUrl":"https:\/\/naenpalabras.net\/wp\/wp-content\/uploads\/2025\/10\/6.jpg","datePublished":"2025-10-01T04:10:27+00:00","author":{"@id":"https:\/\/naenpalabras.net\/wp\/#\/schema\/person\/2b8dc3b44be009cae3c432096b2fad15"},"breadcrumb":{"@id":"https:\/\/naenpalabras.net\/wp\/2025\/10\/01\/colombia-pide-a-la-onu-buscar-sede-en-pais-totalmente-neutral\/#breadcrumb"},"inLanguage":"es","potentialAction":[{"@type":"ReadAction","target":["https:\/\/naenpalabras.net\/wp\/2025\/10\/01\/colombia-pide-a-la-onu-buscar-sede-en-pais-totalmente-neutral\/"]}]},{"@type":"ImageObject","inLanguage":"es","@id":"https:\/\/naenpalabras.net\/wp\/2025\/10\/01\/colombia-pide-a-la-onu-buscar-sede-en-pais-totalmente-neutral\/#primaryimage","url":"https:\/\/naenpalabras.net\/wp\/wp-content\/uploads\/2025\/10\/6.jpg","contentUrl":"https:\/\/naenpalabras.net\/wp\/wp-content\/uploads\/2025\/10\/6.jpg","width":880,"height":495},{"@type":"BreadcrumbList","@id":"https:\/\/naenpalabras.net\/wp\/2025\/10\/01\/colombia-pide-a-la-onu-buscar-sede-en-pais-totalmente-neutral\/#breadcrumb","itemListElement":[{"@type":"ListItem","position":1,"name":"Portada","item":"https:\/\/naenpalabras.net\/wp\/"},{"@type":"ListItem","position":2,"name":"Colombia pide a la ONU buscar sede en pa\u00eds \u201ctotalmente neutral\u201d"}]},{"@type":"WebSite","@id":"https:\/\/naenpalabras.net\/wp\/#website","url":"https:\/\/naenpalabras.net\/wp\/","name":"Nuestra Am\u00e9rica En Palabras","description":"","potentialAction":[{"@type":"SearchAction","target":{"@type":"EntryPoint","urlTemplate":"https:\/\/naenpalabras.net\/wp\/?s={search_term_string}"},"query-input":{"@type":"PropertyValueSpecification","valueRequired":true,"valueName":"search_term_string"}}],"inLanguage":"es"},{"@type":"Person","@id":"https:\/\/naenpalabras.net\/wp\/#\/schema\/person\/2b8dc3b44be009cae3c432096b2fad15","name":"naenp","image":{"@type":"ImageObject","inLanguage":"es","@id":"https:\/\/secure.gravatar.com\/avatar\/ebeb7cc417e6a6b9894cfaca0e864947ba305c2cd77c221b39b90345e02bc3bb?s=96&d=mm&r=g","url":"https:\/\/secure.gravatar.com\/avatar\/ebeb7cc417e6a6b9894cfaca0e864947ba305c2cd77c221b39b90345e02bc3bb?s=96&d=mm&r=g","contentUrl":"https:\/\/secure.gravatar.com\/avatar\/ebeb7cc417e6a6b9894cfaca0e864947ba305c2cd77c221b39b90345e02bc3bb?s=96&d=mm&r=g","caption":"naenp"},"sameAs":["https:\/\/naenpalabras.net\/wp"],"url":"https:\/\/naenpalabras.net\/wp\/author\/admin-2\/"}]}},"_links":{"self":[{"href":"https:\/\/naenpalabras.net\/wp\/wp-json\/wp\/v2\/posts\/4226","targetHints":{"allow":["GET"]}}],"collection":[{"href":"https:\/\/naenpalabras.net\/wp\/wp-json\/wp\/v2\/posts"}],"about":[{"href":"https:\/\/naenpalabras.net\/wp\/wp-json\/wp\/v2\/types\/post"}],"author":[{"embeddable":true,"href":"https:\/\/naenpalabras.net\/wp\/wp-json\/wp\/v2\/users\/2"}],"replies":[{"embeddable":true,"href":"https:\/\/naenpalabras.net\/wp\/wp-json\/wp\/v2\/comments?post=4226"}],"version-history":[{"count":1,"href":"https:\/\/naenpalabras.net\/wp\/wp-json\/wp\/v2\/posts\/4226\/revisions"}],"predecessor-version":[{"id":4228,"href":"https:\/\/naenpalabras.net\/wp\/wp-json\/wp\/v2\/posts\/4226\/revisions\/4228"}],"wp:featuredmedia":[{"embeddable":true,"href":"https:\/\/naenpalabras.net\/wp\/wp-json\/wp\/v2\/media\/4227"}],"wp:attachment":[{"href":"https:\/\/naenpalabras.net\/wp\/wp-json\/wp\/v2\/media?parent=4226"}],"wp:term":[{"taxonomy":"category","embeddable":true,"href":"https:\/\/naenpalabras.net\/wp\/wp-json\/wp\/v2\/categories?post=4226"},{"taxonomy":"post_tag","embeddable":true,"href":"https:\/\/naenpalabras.net\/wp\/wp-json\/wp\/v2\/tags?post=4226"}],"curies":[{"name":"wp","href":"https:\/\/api.w.org\/{rel}","templated":true}]}}