{"id":3882,"date":"2025-08-19T13:39:00","date_gmt":"2025-08-19T17:39:00","guid":{"rendered":"https:\/\/naenpalabras.net\/wp\/?p=3882"},"modified":"2025-08-19T13:39:00","modified_gmt":"2025-08-19T17:39:00","slug":"venezuela-denuncia-guerra-hibrida-de-eeuu-contra-el-pais","status":"publish","type":"post","link":"https:\/\/naenpalabras.net\/wp\/2025\/08\/19\/venezuela-denuncia-guerra-hibrida-de-eeuu-contra-el-pais\/","title":{"rendered":"Venezuela denuncia guerra h\u00edbrida de EEUU contra el pa\u00eds"},"content":{"rendered":"<p class=\"introtext\">Venezuela firm\u00f3 un comunicado en repudio a los ataques contra el presidente Nicol\u00e1s Maduro, con la coartada de una hip\u00f3crita lucha contra el narcotr\u00e1fico.<\/p>\n<div>\n<p>A trav\u00e9s de un comunicado firmado el lunes, el Consejo Moral Republicano precedido por\u00a0el fiscal general de la Rep\u00fablica Bolivariana de Venezuela, Tarek William Saab, como presidente del Consejo Moral Republicano (\u00f3rgano del Poder Ciudadano), repudi\u00f3 el anuncio de la Administraci\u00f3n estadounidense de elevar a 50 millones de d\u00f3lares la recompensa por la captura de Maduro.<\/p>\n<p>La nota se\u00f1al\u00f3 que dicha medida constituye una violaci\u00f3n flagrante al derecho internacional, un atentado contra la soberan\u00eda nacional y una grosera intromisi\u00f3n en los asuntos internos del Estado venezolano.<\/p>\n<p>Saab detall\u00f3 que la guerra h\u00edbrida est\u00e1 el uso de redes, de televisi\u00f3n, de radio, de prensa para lavar cerebros y justificar lo malo y \u201cse enga\u00f1a al mundo con el tema de los derechos humanos\u201d.<\/p>\n<ul>\n<li><a href=\"https:\/\/www.hispantv.com\/noticias\/venezuela\/619709\/eeuu-mayor-amenaza-mundial\"><strong>Venezuela califica a EEUU como la mayor amenaza mundial<\/strong><\/a><\/li>\n<\/ul>\n<div data-oembed-url=\"https:\/\/www.hispantv.com\/noticias\/venezuela\/619826\/eeuu-imponer-narrativa-narcotrafico-padrino-lopez\"><\/div>\n<p>\u201cEso no se hab\u00eda visto nunca, pero son las excusas que utiliza el Imperio, la Uni\u00f3n Europea (UE) para asediar naciones que no forman parte de su geopol\u00edtica, de ser sat\u00e9lites o pa\u00edses lacayos de su acci\u00f3n criminal, que buscan aplastar a los pueblos para robarse toda la riqueza, en el caso venezolano, petr\u00f3leo, gas, colt\u00e1n, agua, carb\u00f3n, hierro, oro. Ese es el fin \u00faltimo\u201d, explic\u00f3.<\/p>\n<p>Saab denunci\u00f3 que el imperio estadounidense ha intentado utilizar la farsa nefasta totalmente hip\u00f3crita de la lucha contra el narcotr\u00e1fico para colocar una recompensa que no tiene tampoco antecedentes en el mundo.<\/p>\n<p>\u201cEE.UU. insiste en incurrir en pr\u00e1cticas propias de reg\u00edmenes coloniales, universalmente rechazados, utilizando su aparato judicial como instrumento de persecuci\u00f3n pol\u00edtica global. Esta acci\u00f3n forma parte de la guerra h\u00edbrida contra Venezuela y est\u00e1 dise\u00f1ada para complacer a factores extremistas de la ultraderecha venezolana que apuesta por la violencia tras ser derrotados en el terreno democr\u00e1tico\u201d, se\u00f1al\u00f3 Saab durante la lectura del documento.<\/p>\n<ul>\n<li><a href=\"https:\/\/www.hispantv.com\/noticias\/venezuela\/619606\/trump-recompensa-maduro\">Trump y la recompensa de $50 millones por Maduro, \u00bfqu\u00e9 se cuece?<\/a><\/li>\n<\/ul>\n<\/div>\n<p>&nbsp;<\/p>\n<p><a href=\"https:\/\/www.hispantv.com\/noticias\/venezuela\/619934\/rechaza-guerra-hibrida-lanzada-eeuu-contra\"><strong>Fuente: Hispantv\u00a0<\/strong><\/a><\/p>\n","protected":false},"excerpt":{"rendered":"<p>Venezuela firm\u00f3 un comunicado en repudio a los ataques contra el presidente Nicol\u00e1s Maduro, con la coartada de una hip\u00f3crita lucha contra el narcotr\u00e1fico. A trav\u00e9s de un comunicado firmado el lunes, el Consejo Moral Republicano precedido por\u00a0el fiscal general de la Rep\u00fablica Bolivariana de Venezuela, Tarek William Saab, como [&hellip;]<\/p>\n","protected":false},"author":2,"featured_media":3883,"comment_status":"open","ping_status":"closed","sticky":false,"template":"","format":"standard","meta":{"footnotes":""},"categories":[4],"tags":[31,1144,44],"class_list":["post-3882","post","type-post","status-publish","format-standard","has-post-thumbnail","hentry","category-noticias","tag-ee-uu","tag-guerra-hibrida","tag-venezuela"],"yoast_head":"<!-- This site is optimized with the Yoast SEO plugin v27.5 - https:\/\/yoast.com\/product\/yoast-seo-wordpress\/ -->\n<title>Venezuela denuncia guerra h\u00edbrida de EEUU contra el pa\u00eds - Nuestra Am\u00e9rica En Palabras<\/title>\n<meta name=\"robots\" content=\"index, follow, max-snippet:-1, max-image-preview:large, max-video-preview:-1\" \/>\n<link rel=\"canonical\" href=\"https:\/\/naenpalabras.net\/wp\/2025\/08\/19\/venezuela-denuncia-guerra-hibrida-de-eeuu-contra-el-pais\/\" \/>\n<meta property=\"og:locale\" content=\"es_ES\" \/>\n<meta property=\"og:type\" content=\"article\" \/>\n<meta property=\"og:title\" content=\"Venezuela denuncia guerra h\u00edbrida de EEUU contra el pa\u00eds - Nuestra Am\u00e9rica En Palabras\" \/>\n<meta property=\"og:description\" content=\"Venezuela firm\u00f3 un comunicado en repudio a los ataques contra el presidente Nicol\u00e1s Maduro, con la coartada de una hip\u00f3crita lucha contra el narcotr\u00e1fico. A trav\u00e9s de un comunicado firmado el lunes, el Consejo Moral Republicano precedido por\u00a0el fiscal general de la Rep\u00fablica Bolivariana de Venezuela, Tarek William Saab, como [&hellip;]\" \/>\n<meta property=\"og:url\" content=\"https:\/\/naenpalabras.net\/wp\/2025\/08\/19\/venezuela-denuncia-guerra-hibrida-de-eeuu-contra-el-pais\/\" \/>\n<meta property=\"og:site_name\" content=\"Nuestra Am\u00e9rica En Palabras\" \/>\n<meta property=\"article:published_time\" content=\"2025-08-19T17:39:00+00:00\" \/>\n<meta property=\"og:image\" content=\"https:\/\/naenpalabras.net\/wp\/wp-content\/uploads\/2025\/08\/3-2.jpg\" \/>\n\t<meta property=\"og:image:width\" content=\"880\" \/>\n\t<meta property=\"og:image:height\" content=\"495\" \/>\n\t<meta property=\"og:image:type\" content=\"image\/jpeg\" \/>\n<meta name=\"author\" content=\"naenp\" \/>\n<meta name=\"twitter:card\" content=\"summary_large_image\" \/>\n<meta name=\"twitter:label1\" content=\"Escrito por\" \/>\n\t<meta name=\"twitter:data1\" content=\"naenp\" \/>\n\t<meta name=\"twitter:label2\" content=\"Tiempo estimado de lectura\" \/>\n\t<meta name=\"twitter:data2\" content=\"2 minutos\" \/>\n<script type=\"application\/ld+json\" class=\"yoast-schema-graph\">{\"@context\":\"https:\\\/\\\/schema.org\",\"@graph\":[{\"@type\":\"Article\",\"@id\":\"https:\\\/\\\/naenpalabras.net\\\/wp\\\/2025\\\/08\\\/19\\\/venezuela-denuncia-guerra-hibrida-de-eeuu-contra-el-pais\\\/#article\",\"isPartOf\":{\"@id\":\"https:\\\/\\\/naenpalabras.net\\\/wp\\\/2025\\\/08\\\/19\\\/venezuela-denuncia-guerra-hibrida-de-eeuu-contra-el-pais\\\/\"},\"author\":{\"name\":\"naenp\",\"@id\":\"https:\\\/\\\/naenpalabras.net\\\/wp\\\/#\\\/schema\\\/person\\\/2b8dc3b44be009cae3c432096b2fad15\"},\"headline\":\"Venezuela denuncia guerra h\u00edbrida de EEUU contra el pa\u00eds\",\"datePublished\":\"2025-08-19T17:39:00+00:00\",\"mainEntityOfPage\":{\"@id\":\"https:\\\/\\\/naenpalabras.net\\\/wp\\\/2025\\\/08\\\/19\\\/venezuela-denuncia-guerra-hibrida-de-eeuu-contra-el-pais\\\/\"},\"wordCount\":376,\"commentCount\":0,\"image\":{\"@id\":\"https:\\\/\\\/naenpalabras.net\\\/wp\\\/2025\\\/08\\\/19\\\/venezuela-denuncia-guerra-hibrida-de-eeuu-contra-el-pais\\\/#primaryimage\"},\"thumbnailUrl\":\"https:\\\/\\\/naenpalabras.net\\\/wp\\\/wp-content\\\/uploads\\\/2025\\\/08\\\/3-2.jpg\",\"keywords\":[\"EE.UU\",\"guerra h\u00edbrida\",\"Venezuela\"],\"articleSection\":[\"Noticias\"],\"inLanguage\":\"es\",\"potentialAction\":[{\"@type\":\"CommentAction\",\"name\":\"Comment\",\"target\":[\"https:\\\/\\\/naenpalabras.net\\\/wp\\\/2025\\\/08\\\/19\\\/venezuela-denuncia-guerra-hibrida-de-eeuu-contra-el-pais\\\/#respond\"]}]},{\"@type\":\"WebPage\",\"@id\":\"https:\\\/\\\/naenpalabras.net\\\/wp\\\/2025\\\/08\\\/19\\\/venezuela-denuncia-guerra-hibrida-de-eeuu-contra-el-pais\\\/\",\"url\":\"https:\\\/\\\/naenpalabras.net\\\/wp\\\/2025\\\/08\\\/19\\\/venezuela-denuncia-guerra-hibrida-de-eeuu-contra-el-pais\\\/\",\"name\":\"Venezuela denuncia guerra h\u00edbrida de EEUU contra el pa\u00eds - Nuestra Am\u00e9rica En Palabras\",\"isPartOf\":{\"@id\":\"https:\\\/\\\/naenpalabras.net\\\/wp\\\/#website\"},\"primaryImageOfPage\":{\"@id\":\"https:\\\/\\\/naenpalabras.net\\\/wp\\\/2025\\\/08\\\/19\\\/venezuela-denuncia-guerra-hibrida-de-eeuu-contra-el-pais\\\/#primaryimage\"},\"image\":{\"@id\":\"https:\\\/\\\/naenpalabras.net\\\/wp\\\/2025\\\/08\\\/19\\\/venezuela-denuncia-guerra-hibrida-de-eeuu-contra-el-pais\\\/#primaryimage\"},\"thumbnailUrl\":\"https:\\\/\\\/naenpalabras.net\\\/wp\\\/wp-content\\\/uploads\\\/2025\\\/08\\\/3-2.jpg\",\"datePublished\":\"2025-08-19T17:39:00+00:00\",\"author\":{\"@id\":\"https:\\\/\\\/naenpalabras.net\\\/wp\\\/#\\\/schema\\\/person\\\/2b8dc3b44be009cae3c432096b2fad15\"},\"breadcrumb\":{\"@id\":\"https:\\\/\\\/naenpalabras.net\\\/wp\\\/2025\\\/08\\\/19\\\/venezuela-denuncia-guerra-hibrida-de-eeuu-contra-el-pais\\\/#breadcrumb\"},\"inLanguage\":\"es\",\"potentialAction\":[{\"@type\":\"ReadAction\",\"target\":[\"https:\\\/\\\/naenpalabras.net\\\/wp\\\/2025\\\/08\\\/19\\\/venezuela-denuncia-guerra-hibrida-de-eeuu-contra-el-pais\\\/\"]}]},{\"@type\":\"ImageObject\",\"inLanguage\":\"es\",\"@id\":\"https:\\\/\\\/naenpalabras.net\\\/wp\\\/2025\\\/08\\\/19\\\/venezuela-denuncia-guerra-hibrida-de-eeuu-contra-el-pais\\\/#primaryimage\",\"url\":\"https:\\\/\\\/naenpalabras.net\\\/wp\\\/wp-content\\\/uploads\\\/2025\\\/08\\\/3-2.jpg\",\"contentUrl\":\"https:\\\/\\\/naenpalabras.net\\\/wp\\\/wp-content\\\/uploads\\\/2025\\\/08\\\/3-2.jpg\",\"width\":880,\"height\":495},{\"@type\":\"BreadcrumbList\",\"@id\":\"https:\\\/\\\/naenpalabras.net\\\/wp\\\/2025\\\/08\\\/19\\\/venezuela-denuncia-guerra-hibrida-de-eeuu-contra-el-pais\\\/#breadcrumb\",\"itemListElement\":[{\"@type\":\"ListItem\",\"position\":1,\"name\":\"Portada\",\"item\":\"https:\\\/\\\/naenpalabras.net\\\/wp\\\/\"},{\"@type\":\"ListItem\",\"position\":2,\"name\":\"Venezuela denuncia guerra h\u00edbrida de EEUU contra el pa\u00eds\"}]},{\"@type\":\"WebSite\",\"@id\":\"https:\\\/\\\/naenpalabras.net\\\/wp\\\/#website\",\"url\":\"https:\\\/\\\/naenpalabras.net\\\/wp\\\/\",\"name\":\"Nuestra Am\u00e9rica En Palabras\",\"description\":\"\",\"potentialAction\":[{\"@type\":\"SearchAction\",\"target\":{\"@type\":\"EntryPoint\",\"urlTemplate\":\"https:\\\/\\\/naenpalabras.net\\\/wp\\\/?s={search_term_string}\"},\"query-input\":{\"@type\":\"PropertyValueSpecification\",\"valueRequired\":true,\"valueName\":\"search_term_string\"}}],\"inLanguage\":\"es\"},{\"@type\":\"Person\",\"@id\":\"https:\\\/\\\/naenpalabras.net\\\/wp\\\/#\\\/schema\\\/person\\\/2b8dc3b44be009cae3c432096b2fad15\",\"name\":\"naenp\",\"image\":{\"@type\":\"ImageObject\",\"inLanguage\":\"es\",\"@id\":\"https:\\\/\\\/secure.gravatar.com\\\/avatar\\\/ebeb7cc417e6a6b9894cfaca0e864947ba305c2cd77c221b39b90345e02bc3bb?s=96&d=mm&r=g\",\"url\":\"https:\\\/\\\/secure.gravatar.com\\\/avatar\\\/ebeb7cc417e6a6b9894cfaca0e864947ba305c2cd77c221b39b90345e02bc3bb?s=96&d=mm&r=g\",\"contentUrl\":\"https:\\\/\\\/secure.gravatar.com\\\/avatar\\\/ebeb7cc417e6a6b9894cfaca0e864947ba305c2cd77c221b39b90345e02bc3bb?s=96&d=mm&r=g\",\"caption\":\"naenp\"},\"sameAs\":[\"https:\\\/\\\/naenpalabras.net\\\/wp\"],\"url\":\"https:\\\/\\\/naenpalabras.net\\\/wp\\\/author\\\/admin-2\\\/\"}]}<\/script>\n<!-- \/ Yoast SEO plugin. -->","yoast_head_json":{"title":"Venezuela denuncia guerra h\u00edbrida de EEUU contra el pa\u00eds - Nuestra Am\u00e9rica En Palabras","robots":{"index":"index","follow":"follow","max-snippet":"max-snippet:-1","max-image-preview":"max-image-preview:large","max-video-preview":"max-video-preview:-1"},"canonical":"https:\/\/naenpalabras.net\/wp\/2025\/08\/19\/venezuela-denuncia-guerra-hibrida-de-eeuu-contra-el-pais\/","og_locale":"es_ES","og_type":"article","og_title":"Venezuela denuncia guerra h\u00edbrida de EEUU contra el pa\u00eds - Nuestra Am\u00e9rica En Palabras","og_description":"Venezuela firm\u00f3 un comunicado en repudio a los ataques contra el presidente Nicol\u00e1s Maduro, con la coartada de una hip\u00f3crita lucha contra el narcotr\u00e1fico. A trav\u00e9s de un comunicado firmado el lunes, el Consejo Moral Republicano precedido por\u00a0el fiscal general de la Rep\u00fablica Bolivariana de Venezuela, Tarek William Saab, como [&hellip;]","og_url":"https:\/\/naenpalabras.net\/wp\/2025\/08\/19\/venezuela-denuncia-guerra-hibrida-de-eeuu-contra-el-pais\/","og_site_name":"Nuestra Am\u00e9rica En Palabras","article_published_time":"2025-08-19T17:39:00+00:00","og_image":[{"width":880,"height":495,"url":"https:\/\/naenpalabras.net\/wp\/wp-content\/uploads\/2025\/08\/3-2.jpg","type":"image\/jpeg"}],"author":"naenp","twitter_card":"summary_large_image","twitter_misc":{"Escrito por":"naenp","Tiempo estimado de lectura":"2 minutos"},"schema":{"@context":"https:\/\/schema.org","@graph":[{"@type":"Article","@id":"https:\/\/naenpalabras.net\/wp\/2025\/08\/19\/venezuela-denuncia-guerra-hibrida-de-eeuu-contra-el-pais\/#article","isPartOf":{"@id":"https:\/\/naenpalabras.net\/wp\/2025\/08\/19\/venezuela-denuncia-guerra-hibrida-de-eeuu-contra-el-pais\/"},"author":{"name":"naenp","@id":"https:\/\/naenpalabras.net\/wp\/#\/schema\/person\/2b8dc3b44be009cae3c432096b2fad15"},"headline":"Venezuela denuncia guerra h\u00edbrida de EEUU contra el pa\u00eds","datePublished":"2025-08-19T17:39:00+00:00","mainEntityOfPage":{"@id":"https:\/\/naenpalabras.net\/wp\/2025\/08\/19\/venezuela-denuncia-guerra-hibrida-de-eeuu-contra-el-pais\/"},"wordCount":376,"commentCount":0,"image":{"@id":"https:\/\/naenpalabras.net\/wp\/2025\/08\/19\/venezuela-denuncia-guerra-hibrida-de-eeuu-contra-el-pais\/#primaryimage"},"thumbnailUrl":"https:\/\/naenpalabras.net\/wp\/wp-content\/uploads\/2025\/08\/3-2.jpg","keywords":["EE.UU","guerra h\u00edbrida","Venezuela"],"articleSection":["Noticias"],"inLanguage":"es","potentialAction":[{"@type":"CommentAction","name":"Comment","target":["https:\/\/naenpalabras.net\/wp\/2025\/08\/19\/venezuela-denuncia-guerra-hibrida-de-eeuu-contra-el-pais\/#respond"]}]},{"@type":"WebPage","@id":"https:\/\/naenpalabras.net\/wp\/2025\/08\/19\/venezuela-denuncia-guerra-hibrida-de-eeuu-contra-el-pais\/","url":"https:\/\/naenpalabras.net\/wp\/2025\/08\/19\/venezuela-denuncia-guerra-hibrida-de-eeuu-contra-el-pais\/","name":"Venezuela denuncia guerra h\u00edbrida de EEUU contra el pa\u00eds - Nuestra Am\u00e9rica En Palabras","isPartOf":{"@id":"https:\/\/naenpalabras.net\/wp\/#website"},"primaryImageOfPage":{"@id":"https:\/\/naenpalabras.net\/wp\/2025\/08\/19\/venezuela-denuncia-guerra-hibrida-de-eeuu-contra-el-pais\/#primaryimage"},"image":{"@id":"https:\/\/naenpalabras.net\/wp\/2025\/08\/19\/venezuela-denuncia-guerra-hibrida-de-eeuu-contra-el-pais\/#primaryimage"},"thumbnailUrl":"https:\/\/naenpalabras.net\/wp\/wp-content\/uploads\/2025\/08\/3-2.jpg","datePublished":"2025-08-19T17:39:00+00:00","author":{"@id":"https:\/\/naenpalabras.net\/wp\/#\/schema\/person\/2b8dc3b44be009cae3c432096b2fad15"},"breadcrumb":{"@id":"https:\/\/naenpalabras.net\/wp\/2025\/08\/19\/venezuela-denuncia-guerra-hibrida-de-eeuu-contra-el-pais\/#breadcrumb"},"inLanguage":"es","potentialAction":[{"@type":"ReadAction","target":["https:\/\/naenpalabras.net\/wp\/2025\/08\/19\/venezuela-denuncia-guerra-hibrida-de-eeuu-contra-el-pais\/"]}]},{"@type":"ImageObject","inLanguage":"es","@id":"https:\/\/naenpalabras.net\/wp\/2025\/08\/19\/venezuela-denuncia-guerra-hibrida-de-eeuu-contra-el-pais\/#primaryimage","url":"https:\/\/naenpalabras.net\/wp\/wp-content\/uploads\/2025\/08\/3-2.jpg","contentUrl":"https:\/\/naenpalabras.net\/wp\/wp-content\/uploads\/2025\/08\/3-2.jpg","width":880,"height":495},{"@type":"BreadcrumbList","@id":"https:\/\/naenpalabras.net\/wp\/2025\/08\/19\/venezuela-denuncia-guerra-hibrida-de-eeuu-contra-el-pais\/#breadcrumb","itemListElement":[{"@type":"ListItem","position":1,"name":"Portada","item":"https:\/\/naenpalabras.net\/wp\/"},{"@type":"ListItem","position":2,"name":"Venezuela denuncia guerra h\u00edbrida de EEUU contra el pa\u00eds"}]},{"@type":"WebSite","@id":"https:\/\/naenpalabras.net\/wp\/#website","url":"https:\/\/naenpalabras.net\/wp\/","name":"Nuestra Am\u00e9rica En Palabras","description":"","potentialAction":[{"@type":"SearchAction","target":{"@type":"EntryPoint","urlTemplate":"https:\/\/naenpalabras.net\/wp\/?s={search_term_string}"},"query-input":{"@type":"PropertyValueSpecification","valueRequired":true,"valueName":"search_term_string"}}],"inLanguage":"es"},{"@type":"Person","@id":"https:\/\/naenpalabras.net\/wp\/#\/schema\/person\/2b8dc3b44be009cae3c432096b2fad15","name":"naenp","image":{"@type":"ImageObject","inLanguage":"es","@id":"https:\/\/secure.gravatar.com\/avatar\/ebeb7cc417e6a6b9894cfaca0e864947ba305c2cd77c221b39b90345e02bc3bb?s=96&d=mm&r=g","url":"https:\/\/secure.gravatar.com\/avatar\/ebeb7cc417e6a6b9894cfaca0e864947ba305c2cd77c221b39b90345e02bc3bb?s=96&d=mm&r=g","contentUrl":"https:\/\/secure.gravatar.com\/avatar\/ebeb7cc417e6a6b9894cfaca0e864947ba305c2cd77c221b39b90345e02bc3bb?s=96&d=mm&r=g","caption":"naenp"},"sameAs":["https:\/\/naenpalabras.net\/wp"],"url":"https:\/\/naenpalabras.net\/wp\/author\/admin-2\/"}]}},"_links":{"self":[{"href":"https:\/\/naenpalabras.net\/wp\/wp-json\/wp\/v2\/posts\/3882","targetHints":{"allow":["GET"]}}],"collection":[{"href":"https:\/\/naenpalabras.net\/wp\/wp-json\/wp\/v2\/posts"}],"about":[{"href":"https:\/\/naenpalabras.net\/wp\/wp-json\/wp\/v2\/types\/post"}],"author":[{"embeddable":true,"href":"https:\/\/naenpalabras.net\/wp\/wp-json\/wp\/v2\/users\/2"}],"replies":[{"embeddable":true,"href":"https:\/\/naenpalabras.net\/wp\/wp-json\/wp\/v2\/comments?post=3882"}],"version-history":[{"count":1,"href":"https:\/\/naenpalabras.net\/wp\/wp-json\/wp\/v2\/posts\/3882\/revisions"}],"predecessor-version":[{"id":3884,"href":"https:\/\/naenpalabras.net\/wp\/wp-json\/wp\/v2\/posts\/3882\/revisions\/3884"}],"wp:featuredmedia":[{"embeddable":true,"href":"https:\/\/naenpalabras.net\/wp\/wp-json\/wp\/v2\/media\/3883"}],"wp:attachment":[{"href":"https:\/\/naenpalabras.net\/wp\/wp-json\/wp\/v2\/media?parent=3882"}],"wp:term":[{"taxonomy":"category","embeddable":true,"href":"https:\/\/naenpalabras.net\/wp\/wp-json\/wp\/v2\/categories?post=3882"},{"taxonomy":"post_tag","embeddable":true,"href":"https:\/\/naenpalabras.net\/wp\/wp-json\/wp\/v2\/tags?post=3882"}],"curies":[{"name":"wp","href":"https:\/\/api.w.org\/{rel}","templated":true}]}}