{"id":3866,"date":"2025-08-16T16:46:09","date_gmt":"2025-08-16T20:46:09","guid":{"rendered":"https:\/\/naenpalabras.net\/wp\/?p=3866"},"modified":"2025-08-16T16:46:09","modified_gmt":"2025-08-16T20:46:09","slug":"uruguay-congela-acuerdo-con-israel-judios-piden-romper-relaciones","status":"publish","type":"post","link":"https:\/\/naenpalabras.net\/wp\/2025\/08\/16\/uruguay-congela-acuerdo-con-israel-judios-piden-romper-relaciones\/","title":{"rendered":"Uruguay congela acuerdo con Israel; jud\u00edos piden romper relaciones"},"content":{"rendered":"<p class=\"introtext\">Uruguay suspende un acuerdo con Israel, mientras aumentan las voces, incluidas de jud\u00edos, exigiendo al Gobierno de Orsi romper relaciones con la entidad sionista.<\/p>\n<div>\n<p>El Gobierno de Uruguay encabezado por Yamand\u00fa Orsi, determin\u00f3 \u201cponer en pausa\u201d la implementaci\u00f3n del acuerdo entre la Agencia Nacional de Investigaci\u00f3n e Innovaci\u00f3n (ANII) y la Universidad Hebrea de Jerusal\u00e9n\u00a0(HUJI, por sus siglas en ingl\u00e9s), que contemplaba el establecimiento de una oficina del organismo uruguayo en los territorios palestinos ocupados por\u00a0Israel, y apunt\u00f3 como argumento a la delicada situaci\u00f3n que atraviesa el conflicto en la zona de Asia Occidental.<\/p>\n<p>El acuerdo de cooperaci\u00f3n para el desarrollo de ciencia, tecnolog\u00eda e innovaci\u00f3n, fue pactado en diciembre pasado, bajo la gesti\u00f3n del derechista gobierno uruguayo presidido por Luis Lacalle Pou.<\/p>\n<p>Sobre la reciente medida, el canciller uruguayo, Mario Lubetkin dijo que la suspensi\u00f3n del acuerdo se fundamenta en el conflicto en\u00a0Gaza, aunque no fue muy expl\u00edcito. \u201cEs un tema que ANII tiene que resolver, pero por lo que tengo entendido, creo que hay un momento de impasse en la firma del acuerdo, por la situaci\u00f3n que se est\u00e1 dando en Medio Oriente\u201d, sostuvo.<\/p>\n<p>El Gobierno de Orsi, si bien no califica de genocidio las acciones de Israel en Gaza \u2014como s\u00ed lo han hecho otros pa\u00edses\u2014 en los \u00faltimos d\u00edas, desaprob\u00f3 una serie de medidas resueltas por el r\u00e9gimen de Netanyahu.<\/p>\n<ul>\n<li><a href=\"https:\/\/www.hispantv.com\/noticias\/sudamerica\/616314\/uruguay-yamandu-orsi-enviar-alimentos-gaza-hambruna\"><strong>Uruguay tacha de \u201cinaceptable\u201d situaci\u00f3n de Gaza; enviar\u00eda alimentos<\/strong><\/a><\/li>\n<\/ul>\n<p>El 8 de agosto, la Canciller\u00eda uruguaya emiti\u00f3 un comunicado en el que se\u00f1al\u00f3 que la aprobaci\u00f3n del gabinete de seguridad de Israel de \u201cla ocupaci\u00f3n de la ciudad de Gaza representa una grave violaci\u00f3n al Derecho Internacional\u201d y\u00a0\u201camenaza, a su vez, con profundizar a\u00fan m\u00e1s la\u00a0crisis humanitaria en la Franja de Gaza\u201d, por lo que expres\u00f3 \u201cla m\u00e1s en\u00e9rgica condena a estos acontecimientos\u201d.<\/p>\n<p>Meses atr\u00e1s, tanto el gobernante partido Frente Amplio\u00a0como el\u00a0Consejo Directivo Central\u00a0(CDC) de la\u00a0Universidad de la Rep\u00fablica\u00a0(Udelar) hab\u00eda\u00a0planteado\u00a0cerrar la oficina de innovaci\u00f3n\u00a0de Uruguay en Tel Aviv que\u00a0se acord\u00f3 en el anterior gobierno de Lacalle Pou.<\/p>\n<p>\u00abEsto naci\u00f3 \u2014y hay algunos pa\u00edses que siguen con el tema vivo\u2014 con la idea de\u00a0trasladar las embajadas para Jerusal\u00e9n. Yo en eso nunca estuve de acuerdo porque esa s\u00ed es una se\u00f1al muy fuerte\u00bb, record\u00f3 el presidente Orsi en abril.<\/p>\n<p>Asimismo, en la Conferencia de Alto Nivel de las Naciones Unidas convocada a fines de julio para encontrar una soluci\u00f3n al conflicto, la embajadora de Uruguay ante este organismo internacional, Laura Dupuy, subray\u00f3 que Montevideo \u201ccontinuar\u00e1 exigiendo el cumplimiento del derecho internacional, de los derechos humanos y el derecho internacional humanitario en Palestina\u201d.<\/p>\n<p><strong>\u201cDesobediencia uruguaya\u201d: 78 activistas jud\u00edos exigen romper con Israel<\/strong><\/p>\n<p>Mientras tanto, ante una crisis humanitaria que se agudiza en la Franja de Gaza, 78 jud\u00edos uruguayos emitieron el jueves una declaraci\u00f3n p\u00fablica en la que se desmarcan de \u201cla pol\u00edtica criminal de Israel\u201d, y en la que le reclaman al Gobierno de Uruguay \u201cacciones a la altura de las circunstancias\u201d.<\/p>\n<p>\u201cComo jud\u00edas\/os tenemos muy claro el significado de \u2018Nunca m\u00e1s\u2019: no queremos persecuci\u00f3n, sometimiento, matanza,\u00a0<em>apartheid,<\/em>\u00a0genocidio, holocausto contra ning\u00fan pueblo del mundo bajo ninguna circunstancia, y mucho menos en nuestro nombre\u201d, afirmaron.<\/p>\n<p>En ese sentido, rechazaron \u201cla pol\u00edtica genocida\u201d\u00a0de\u00a0Netanyahu contra el pueblo palestino, y exigieron al r\u00e9gimen de Israel detener \u201cde inmediato la masacre, el bloqueo y la violaci\u00f3n de todas las libertades y derechos humanos fundamentales de la poblaci\u00f3n de la Franja de Gaza y Cisjordania\u201d. Pidieron tambi\u00e9n que \u201clos colonos israel\u00edes se retiren de los territorios ocupados, regresando a las fronteras de 1967, y se respete el derecho del pueblo palestino a su autodeterminaci\u00f3n\u201d.<\/p>\n<p>Por \u00faltimo, los firmantes jud\u00edos le exigieron al Gobierno uruguayo que la ruptura \u201cinmediata\u201d de las relaciones diplom\u00e1ticas con Israel, \u201ccomo miembro de las Naciones Unidas y actuando en consecuencia con los fallos de la Corte Penal Internacional y de la Corte Internacional de Justicia\u201d.<\/p>\n<p>\u201cLa vida y los valores humanos deben estar por encima de los del mercado; no se puede dialogar, ni hacer negocios,\u00a0ni comprar armamento, ni ning\u00fan tipo de intercambio con quienes est\u00e1n bombardeando y disparando contra un pueblo entero, al que condenan a morir de hambre\u201d, fustigaron los denunciantes.<\/p>\n<ul>\n<li><a href=\"https:\/\/www.hispantv.com\/noticias\/palestina\/619769\/crisis-gaza-muertes-diarias-hambruna\"><strong>Crisis en Gaza: Habr\u00e1 500 muertes diarias si persiste la hambruna<\/strong><\/a><\/li>\n<\/ul>\n<p>La guerra genocida israel\u00ed contra Gaza, iniciada el 7 de octubre de 2023, ha dejado al menos 61 827 palestinos muertos \u2014en su mayor\u00eda mujeres y ni\u00f1os\u2014 y 155 275 heridos.<\/p>\n<\/div>\n<p><a href=\"https:\/\/www.hispantv.com\/noticias\/sudamerica\/619786\/uruguay-pausa-implementacion-pacto-innovacion-israel\"><strong>Fuente: Hispantv\u00a0<\/strong><\/a><\/p>\n","protected":false},"excerpt":{"rendered":"<p>Uruguay suspende un acuerdo con Israel, mientras aumentan las voces, incluidas de jud\u00edos, exigiendo al Gobierno de Orsi romper relaciones con la entidad sionista. El Gobierno de Uruguay encabezado por Yamand\u00fa Orsi, determin\u00f3 \u201cponer en pausa\u201d la implementaci\u00f3n del acuerdo entre la Agencia Nacional de Investigaci\u00f3n e Innovaci\u00f3n (ANII) y [&hellip;]<\/p>\n","protected":false},"author":2,"featured_media":3867,"comment_status":"open","ping_status":"closed","sticky":false,"template":"","format":"standard","meta":{"footnotes":""},"categories":[4],"tags":[30,471,317],"class_list":["post-3866","post","type-post","status-publish","format-standard","has-post-thumbnail","hentry","category-noticias","tag-israel","tag-relaciones","tag-uruguay"],"yoast_head":"<!-- This site is optimized with the Yoast SEO plugin v27.5 - https:\/\/yoast.com\/product\/yoast-seo-wordpress\/ -->\n<title>Uruguay congela acuerdo con Israel; jud\u00edos piden romper relaciones - Nuestra Am\u00e9rica En Palabras<\/title>\n<meta name=\"robots\" content=\"index, follow, max-snippet:-1, max-image-preview:large, max-video-preview:-1\" \/>\n<link rel=\"canonical\" href=\"https:\/\/naenpalabras.net\/wp\/2025\/08\/16\/uruguay-congela-acuerdo-con-israel-judios-piden-romper-relaciones\/\" \/>\n<meta property=\"og:locale\" content=\"es_ES\" \/>\n<meta property=\"og:type\" content=\"article\" \/>\n<meta property=\"og:title\" content=\"Uruguay congela acuerdo con Israel; jud\u00edos piden romper relaciones - Nuestra Am\u00e9rica En Palabras\" \/>\n<meta property=\"og:description\" content=\"Uruguay suspende un acuerdo con Israel, mientras aumentan las voces, incluidas de jud\u00edos, exigiendo al Gobierno de Orsi romper relaciones con la entidad sionista. El Gobierno de Uruguay encabezado por Yamand\u00fa Orsi, determin\u00f3 \u201cponer en pausa\u201d la implementaci\u00f3n del acuerdo entre la Agencia Nacional de Investigaci\u00f3n e Innovaci\u00f3n (ANII) y [&hellip;]\" \/>\n<meta property=\"og:url\" content=\"https:\/\/naenpalabras.net\/wp\/2025\/08\/16\/uruguay-congela-acuerdo-con-israel-judios-piden-romper-relaciones\/\" \/>\n<meta property=\"og:site_name\" content=\"Nuestra Am\u00e9rica En Palabras\" \/>\n<meta property=\"article:published_time\" content=\"2025-08-16T20:46:09+00:00\" \/>\n<meta property=\"og:image\" content=\"https:\/\/naenpalabras.net\/wp\/wp-content\/uploads\/2025\/08\/2.jpg\" \/>\n\t<meta property=\"og:image:width\" content=\"880\" \/>\n\t<meta property=\"og:image:height\" content=\"495\" \/>\n\t<meta property=\"og:image:type\" content=\"image\/jpeg\" \/>\n<meta name=\"author\" content=\"naenp\" \/>\n<meta name=\"twitter:card\" content=\"summary_large_image\" \/>\n<meta name=\"twitter:label1\" content=\"Escrito por\" \/>\n\t<meta name=\"twitter:data1\" content=\"naenp\" \/>\n\t<meta name=\"twitter:label2\" content=\"Tiempo estimado de lectura\" \/>\n\t<meta name=\"twitter:data2\" content=\"4 minutos\" \/>\n<script type=\"application\/ld+json\" class=\"yoast-schema-graph\">{\"@context\":\"https:\\\/\\\/schema.org\",\"@graph\":[{\"@type\":\"Article\",\"@id\":\"https:\\\/\\\/naenpalabras.net\\\/wp\\\/2025\\\/08\\\/16\\\/uruguay-congela-acuerdo-con-israel-judios-piden-romper-relaciones\\\/#article\",\"isPartOf\":{\"@id\":\"https:\\\/\\\/naenpalabras.net\\\/wp\\\/2025\\\/08\\\/16\\\/uruguay-congela-acuerdo-con-israel-judios-piden-romper-relaciones\\\/\"},\"author\":{\"name\":\"naenp\",\"@id\":\"https:\\\/\\\/naenpalabras.net\\\/wp\\\/#\\\/schema\\\/person\\\/2b8dc3b44be009cae3c432096b2fad15\"},\"headline\":\"Uruguay congela acuerdo con Israel; jud\u00edos piden romper relaciones\",\"datePublished\":\"2025-08-16T20:46:09+00:00\",\"mainEntityOfPage\":{\"@id\":\"https:\\\/\\\/naenpalabras.net\\\/wp\\\/2025\\\/08\\\/16\\\/uruguay-congela-acuerdo-con-israel-judios-piden-romper-relaciones\\\/\"},\"wordCount\":805,\"commentCount\":0,\"image\":{\"@id\":\"https:\\\/\\\/naenpalabras.net\\\/wp\\\/2025\\\/08\\\/16\\\/uruguay-congela-acuerdo-con-israel-judios-piden-romper-relaciones\\\/#primaryimage\"},\"thumbnailUrl\":\"https:\\\/\\\/naenpalabras.net\\\/wp\\\/wp-content\\\/uploads\\\/2025\\\/08\\\/2.jpg\",\"keywords\":[\"Israel\",\"Relaciones\",\"Uruguay\"],\"articleSection\":[\"Noticias\"],\"inLanguage\":\"es\",\"potentialAction\":[{\"@type\":\"CommentAction\",\"name\":\"Comment\",\"target\":[\"https:\\\/\\\/naenpalabras.net\\\/wp\\\/2025\\\/08\\\/16\\\/uruguay-congela-acuerdo-con-israel-judios-piden-romper-relaciones\\\/#respond\"]}]},{\"@type\":\"WebPage\",\"@id\":\"https:\\\/\\\/naenpalabras.net\\\/wp\\\/2025\\\/08\\\/16\\\/uruguay-congela-acuerdo-con-israel-judios-piden-romper-relaciones\\\/\",\"url\":\"https:\\\/\\\/naenpalabras.net\\\/wp\\\/2025\\\/08\\\/16\\\/uruguay-congela-acuerdo-con-israel-judios-piden-romper-relaciones\\\/\",\"name\":\"Uruguay congela acuerdo con Israel; jud\u00edos piden romper relaciones - Nuestra Am\u00e9rica En Palabras\",\"isPartOf\":{\"@id\":\"https:\\\/\\\/naenpalabras.net\\\/wp\\\/#website\"},\"primaryImageOfPage\":{\"@id\":\"https:\\\/\\\/naenpalabras.net\\\/wp\\\/2025\\\/08\\\/16\\\/uruguay-congela-acuerdo-con-israel-judios-piden-romper-relaciones\\\/#primaryimage\"},\"image\":{\"@id\":\"https:\\\/\\\/naenpalabras.net\\\/wp\\\/2025\\\/08\\\/16\\\/uruguay-congela-acuerdo-con-israel-judios-piden-romper-relaciones\\\/#primaryimage\"},\"thumbnailUrl\":\"https:\\\/\\\/naenpalabras.net\\\/wp\\\/wp-content\\\/uploads\\\/2025\\\/08\\\/2.jpg\",\"datePublished\":\"2025-08-16T20:46:09+00:00\",\"author\":{\"@id\":\"https:\\\/\\\/naenpalabras.net\\\/wp\\\/#\\\/schema\\\/person\\\/2b8dc3b44be009cae3c432096b2fad15\"},\"breadcrumb\":{\"@id\":\"https:\\\/\\\/naenpalabras.net\\\/wp\\\/2025\\\/08\\\/16\\\/uruguay-congela-acuerdo-con-israel-judios-piden-romper-relaciones\\\/#breadcrumb\"},\"inLanguage\":\"es\",\"potentialAction\":[{\"@type\":\"ReadAction\",\"target\":[\"https:\\\/\\\/naenpalabras.net\\\/wp\\\/2025\\\/08\\\/16\\\/uruguay-congela-acuerdo-con-israel-judios-piden-romper-relaciones\\\/\"]}]},{\"@type\":\"ImageObject\",\"inLanguage\":\"es\",\"@id\":\"https:\\\/\\\/naenpalabras.net\\\/wp\\\/2025\\\/08\\\/16\\\/uruguay-congela-acuerdo-con-israel-judios-piden-romper-relaciones\\\/#primaryimage\",\"url\":\"https:\\\/\\\/naenpalabras.net\\\/wp\\\/wp-content\\\/uploads\\\/2025\\\/08\\\/2.jpg\",\"contentUrl\":\"https:\\\/\\\/naenpalabras.net\\\/wp\\\/wp-content\\\/uploads\\\/2025\\\/08\\\/2.jpg\",\"width\":880,\"height\":495},{\"@type\":\"BreadcrumbList\",\"@id\":\"https:\\\/\\\/naenpalabras.net\\\/wp\\\/2025\\\/08\\\/16\\\/uruguay-congela-acuerdo-con-israel-judios-piden-romper-relaciones\\\/#breadcrumb\",\"itemListElement\":[{\"@type\":\"ListItem\",\"position\":1,\"name\":\"Portada\",\"item\":\"https:\\\/\\\/naenpalabras.net\\\/wp\\\/\"},{\"@type\":\"ListItem\",\"position\":2,\"name\":\"Uruguay congela acuerdo con Israel; jud\u00edos piden romper relaciones\"}]},{\"@type\":\"WebSite\",\"@id\":\"https:\\\/\\\/naenpalabras.net\\\/wp\\\/#website\",\"url\":\"https:\\\/\\\/naenpalabras.net\\\/wp\\\/\",\"name\":\"Nuestra Am\u00e9rica En Palabras\",\"description\":\"\",\"potentialAction\":[{\"@type\":\"SearchAction\",\"target\":{\"@type\":\"EntryPoint\",\"urlTemplate\":\"https:\\\/\\\/naenpalabras.net\\\/wp\\\/?s={search_term_string}\"},\"query-input\":{\"@type\":\"PropertyValueSpecification\",\"valueRequired\":true,\"valueName\":\"search_term_string\"}}],\"inLanguage\":\"es\"},{\"@type\":\"Person\",\"@id\":\"https:\\\/\\\/naenpalabras.net\\\/wp\\\/#\\\/schema\\\/person\\\/2b8dc3b44be009cae3c432096b2fad15\",\"name\":\"naenp\",\"image\":{\"@type\":\"ImageObject\",\"inLanguage\":\"es\",\"@id\":\"https:\\\/\\\/secure.gravatar.com\\\/avatar\\\/ebeb7cc417e6a6b9894cfaca0e864947ba305c2cd77c221b39b90345e02bc3bb?s=96&d=mm&r=g\",\"url\":\"https:\\\/\\\/secure.gravatar.com\\\/avatar\\\/ebeb7cc417e6a6b9894cfaca0e864947ba305c2cd77c221b39b90345e02bc3bb?s=96&d=mm&r=g\",\"contentUrl\":\"https:\\\/\\\/secure.gravatar.com\\\/avatar\\\/ebeb7cc417e6a6b9894cfaca0e864947ba305c2cd77c221b39b90345e02bc3bb?s=96&d=mm&r=g\",\"caption\":\"naenp\"},\"sameAs\":[\"https:\\\/\\\/naenpalabras.net\\\/wp\"],\"url\":\"https:\\\/\\\/naenpalabras.net\\\/wp\\\/author\\\/admin-2\\\/\"}]}<\/script>\n<!-- \/ Yoast SEO plugin. -->","yoast_head_json":{"title":"Uruguay congela acuerdo con Israel; jud\u00edos piden romper relaciones - Nuestra Am\u00e9rica En Palabras","robots":{"index":"index","follow":"follow","max-snippet":"max-snippet:-1","max-image-preview":"max-image-preview:large","max-video-preview":"max-video-preview:-1"},"canonical":"https:\/\/naenpalabras.net\/wp\/2025\/08\/16\/uruguay-congela-acuerdo-con-israel-judios-piden-romper-relaciones\/","og_locale":"es_ES","og_type":"article","og_title":"Uruguay congela acuerdo con Israel; jud\u00edos piden romper relaciones - Nuestra Am\u00e9rica En Palabras","og_description":"Uruguay suspende un acuerdo con Israel, mientras aumentan las voces, incluidas de jud\u00edos, exigiendo al Gobierno de Orsi romper relaciones con la entidad sionista. El Gobierno de Uruguay encabezado por Yamand\u00fa Orsi, determin\u00f3 \u201cponer en pausa\u201d la implementaci\u00f3n del acuerdo entre la Agencia Nacional de Investigaci\u00f3n e Innovaci\u00f3n (ANII) y [&hellip;]","og_url":"https:\/\/naenpalabras.net\/wp\/2025\/08\/16\/uruguay-congela-acuerdo-con-israel-judios-piden-romper-relaciones\/","og_site_name":"Nuestra Am\u00e9rica En Palabras","article_published_time":"2025-08-16T20:46:09+00:00","og_image":[{"width":880,"height":495,"url":"https:\/\/naenpalabras.net\/wp\/wp-content\/uploads\/2025\/08\/2.jpg","type":"image\/jpeg"}],"author":"naenp","twitter_card":"summary_large_image","twitter_misc":{"Escrito por":"naenp","Tiempo estimado de lectura":"4 minutos"},"schema":{"@context":"https:\/\/schema.org","@graph":[{"@type":"Article","@id":"https:\/\/naenpalabras.net\/wp\/2025\/08\/16\/uruguay-congela-acuerdo-con-israel-judios-piden-romper-relaciones\/#article","isPartOf":{"@id":"https:\/\/naenpalabras.net\/wp\/2025\/08\/16\/uruguay-congela-acuerdo-con-israel-judios-piden-romper-relaciones\/"},"author":{"name":"naenp","@id":"https:\/\/naenpalabras.net\/wp\/#\/schema\/person\/2b8dc3b44be009cae3c432096b2fad15"},"headline":"Uruguay congela acuerdo con Israel; jud\u00edos piden romper relaciones","datePublished":"2025-08-16T20:46:09+00:00","mainEntityOfPage":{"@id":"https:\/\/naenpalabras.net\/wp\/2025\/08\/16\/uruguay-congela-acuerdo-con-israel-judios-piden-romper-relaciones\/"},"wordCount":805,"commentCount":0,"image":{"@id":"https:\/\/naenpalabras.net\/wp\/2025\/08\/16\/uruguay-congela-acuerdo-con-israel-judios-piden-romper-relaciones\/#primaryimage"},"thumbnailUrl":"https:\/\/naenpalabras.net\/wp\/wp-content\/uploads\/2025\/08\/2.jpg","keywords":["Israel","Relaciones","Uruguay"],"articleSection":["Noticias"],"inLanguage":"es","potentialAction":[{"@type":"CommentAction","name":"Comment","target":["https:\/\/naenpalabras.net\/wp\/2025\/08\/16\/uruguay-congela-acuerdo-con-israel-judios-piden-romper-relaciones\/#respond"]}]},{"@type":"WebPage","@id":"https:\/\/naenpalabras.net\/wp\/2025\/08\/16\/uruguay-congela-acuerdo-con-israel-judios-piden-romper-relaciones\/","url":"https:\/\/naenpalabras.net\/wp\/2025\/08\/16\/uruguay-congela-acuerdo-con-israel-judios-piden-romper-relaciones\/","name":"Uruguay congela acuerdo con Israel; jud\u00edos piden romper relaciones - Nuestra Am\u00e9rica En Palabras","isPartOf":{"@id":"https:\/\/naenpalabras.net\/wp\/#website"},"primaryImageOfPage":{"@id":"https:\/\/naenpalabras.net\/wp\/2025\/08\/16\/uruguay-congela-acuerdo-con-israel-judios-piden-romper-relaciones\/#primaryimage"},"image":{"@id":"https:\/\/naenpalabras.net\/wp\/2025\/08\/16\/uruguay-congela-acuerdo-con-israel-judios-piden-romper-relaciones\/#primaryimage"},"thumbnailUrl":"https:\/\/naenpalabras.net\/wp\/wp-content\/uploads\/2025\/08\/2.jpg","datePublished":"2025-08-16T20:46:09+00:00","author":{"@id":"https:\/\/naenpalabras.net\/wp\/#\/schema\/person\/2b8dc3b44be009cae3c432096b2fad15"},"breadcrumb":{"@id":"https:\/\/naenpalabras.net\/wp\/2025\/08\/16\/uruguay-congela-acuerdo-con-israel-judios-piden-romper-relaciones\/#breadcrumb"},"inLanguage":"es","potentialAction":[{"@type":"ReadAction","target":["https:\/\/naenpalabras.net\/wp\/2025\/08\/16\/uruguay-congela-acuerdo-con-israel-judios-piden-romper-relaciones\/"]}]},{"@type":"ImageObject","inLanguage":"es","@id":"https:\/\/naenpalabras.net\/wp\/2025\/08\/16\/uruguay-congela-acuerdo-con-israel-judios-piden-romper-relaciones\/#primaryimage","url":"https:\/\/naenpalabras.net\/wp\/wp-content\/uploads\/2025\/08\/2.jpg","contentUrl":"https:\/\/naenpalabras.net\/wp\/wp-content\/uploads\/2025\/08\/2.jpg","width":880,"height":495},{"@type":"BreadcrumbList","@id":"https:\/\/naenpalabras.net\/wp\/2025\/08\/16\/uruguay-congela-acuerdo-con-israel-judios-piden-romper-relaciones\/#breadcrumb","itemListElement":[{"@type":"ListItem","position":1,"name":"Portada","item":"https:\/\/naenpalabras.net\/wp\/"},{"@type":"ListItem","position":2,"name":"Uruguay congela acuerdo con Israel; jud\u00edos piden romper relaciones"}]},{"@type":"WebSite","@id":"https:\/\/naenpalabras.net\/wp\/#website","url":"https:\/\/naenpalabras.net\/wp\/","name":"Nuestra Am\u00e9rica En Palabras","description":"","potentialAction":[{"@type":"SearchAction","target":{"@type":"EntryPoint","urlTemplate":"https:\/\/naenpalabras.net\/wp\/?s={search_term_string}"},"query-input":{"@type":"PropertyValueSpecification","valueRequired":true,"valueName":"search_term_string"}}],"inLanguage":"es"},{"@type":"Person","@id":"https:\/\/naenpalabras.net\/wp\/#\/schema\/person\/2b8dc3b44be009cae3c432096b2fad15","name":"naenp","image":{"@type":"ImageObject","inLanguage":"es","@id":"https:\/\/secure.gravatar.com\/avatar\/ebeb7cc417e6a6b9894cfaca0e864947ba305c2cd77c221b39b90345e02bc3bb?s=96&d=mm&r=g","url":"https:\/\/secure.gravatar.com\/avatar\/ebeb7cc417e6a6b9894cfaca0e864947ba305c2cd77c221b39b90345e02bc3bb?s=96&d=mm&r=g","contentUrl":"https:\/\/secure.gravatar.com\/avatar\/ebeb7cc417e6a6b9894cfaca0e864947ba305c2cd77c221b39b90345e02bc3bb?s=96&d=mm&r=g","caption":"naenp"},"sameAs":["https:\/\/naenpalabras.net\/wp"],"url":"https:\/\/naenpalabras.net\/wp\/author\/admin-2\/"}]}},"_links":{"self":[{"href":"https:\/\/naenpalabras.net\/wp\/wp-json\/wp\/v2\/posts\/3866","targetHints":{"allow":["GET"]}}],"collection":[{"href":"https:\/\/naenpalabras.net\/wp\/wp-json\/wp\/v2\/posts"}],"about":[{"href":"https:\/\/naenpalabras.net\/wp\/wp-json\/wp\/v2\/types\/post"}],"author":[{"embeddable":true,"href":"https:\/\/naenpalabras.net\/wp\/wp-json\/wp\/v2\/users\/2"}],"replies":[{"embeddable":true,"href":"https:\/\/naenpalabras.net\/wp\/wp-json\/wp\/v2\/comments?post=3866"}],"version-history":[{"count":1,"href":"https:\/\/naenpalabras.net\/wp\/wp-json\/wp\/v2\/posts\/3866\/revisions"}],"predecessor-version":[{"id":3868,"href":"https:\/\/naenpalabras.net\/wp\/wp-json\/wp\/v2\/posts\/3866\/revisions\/3868"}],"wp:featuredmedia":[{"embeddable":true,"href":"https:\/\/naenpalabras.net\/wp\/wp-json\/wp\/v2\/media\/3867"}],"wp:attachment":[{"href":"https:\/\/naenpalabras.net\/wp\/wp-json\/wp\/v2\/media?parent=3866"}],"wp:term":[{"taxonomy":"category","embeddable":true,"href":"https:\/\/naenpalabras.net\/wp\/wp-json\/wp\/v2\/categories?post=3866"},{"taxonomy":"post_tag","embeddable":true,"href":"https:\/\/naenpalabras.net\/wp\/wp-json\/wp\/v2\/tags?post=3866"}],"curies":[{"name":"wp","href":"https:\/\/api.w.org\/{rel}","templated":true}]}}