{"id":3724,"date":"2025-07-31T18:08:43","date_gmt":"2025-07-31T22:08:43","guid":{"rendered":"https:\/\/naenpalabras.net\/wp\/?p=3724"},"modified":"2025-07-31T18:08:43","modified_gmt":"2025-07-31T22:08:43","slug":"la-cooperacion-estrategica-entre-iran-y-venezuela-marcha-viento-en-popa","status":"publish","type":"post","link":"https:\/\/naenpalabras.net\/wp\/2025\/07\/31\/la-cooperacion-estrategica-entre-iran-y-venezuela-marcha-viento-en-popa\/","title":{"rendered":"La cooperaci\u00f3n estrat\u00e9gica entre Ir\u00e1n y Venezuela marcha viento en popa"},"content":{"rendered":"<p class=\"introtext\">Los presidentes de Ir\u00e1n y Venezuela abogan por fortalecer las relaciones de amistad y cooperaci\u00f3n estrat\u00e9gica entre ambos pueblos.<\/p>\n<div>\n<p>En una llamada telef\u00f3nica mantenida\u00a0el martes, el mandatario iran\u00ed, Masud Pezeshkian, y su hom\u00f3logo venezolano, Nicol\u00e1s Maduro, destacaron el excelente estado de las relaciones bilaterales entre sus pa\u00edses y coincidieron en que \u201cla cooperaci\u00f3n estrat\u00e9gica entre Ir\u00e1n y Venezuela marcha viento en popa\u201d.<\/p>\n<p>En este contexto, profundizaron sobre la colaboraci\u00f3n en sectores clave como energ\u00eda, ciencia, tecnolog\u00eda, salud, agricultura e industria.<\/p>\n<p>Asimismo, acordaron celebrar por todo lo alto, durante el mes de agosto, el 75\u00b0 aniversario del establecimiento de relaciones diplom\u00e1ticas entre Venezuela e Ir\u00e1n.<\/p>\n<p>A su vez, los dos gobernante reafirmaron el compromiso establecido en el marco del Acuerdo de Cooperaci\u00f3n Estrat\u00e9gica de 20 a\u00f1os, que fue suscrito en el a\u00f1o 2022.<\/p>\n<p>Entretanto, el presidente Pezeshkian agradeci\u00f3 al Gobierno Bolivariano de Venezuela por su firme solidaridad ante la reciente agresi\u00f3n sionista contra Ir\u00e1n.<\/p>\n<p>Tambi\u00e9n, expres\u00f3 su total respaldo a la propuesta venezolana de convocar una Cumbre Mundial por la Paz y contra la Guerra orientada a promover una soluci\u00f3n justa e integral a la crisis en Asia Occidental, con atenci\u00f3n prioritaria a la causa del pueblo palestino.<\/p>\n<ul>\n<li><a href=\"https:\/\/www.hispantv.com\/noticias\/politica\/616091\/qalibaf-estrategia-definitiva-iran%C2%A0lazos-venezuela\"><strong>\u201cEstrategia definitiva de Ir\u00e1n es cimentar lazos con Venezuela\u201d<\/strong><\/a><\/li>\n<li><strong><a href=\"https:\/\/www.hispantv.com\/noticias\/venezuela\/605020\/cooperacion-solida-iran-acuerdos\" target=\"_blank\" rel=\"noopener\">Venezuela elogia cooperaci\u00f3n s\u00f3lida con Ir\u00e1n con casi 300 acuerdos\u00a0<\/a><\/strong><\/li>\n<\/ul>\n<p>Por su parte, el presidente Maduro expres\u00f3 su confianza en que, a trav\u00e9s de la diplomacia, se logre consolidar el derecho del pueblo iran\u00ed a la paz y al desarrollo.<\/p>\n<p>Venezuela e Ir\u00e1n han firmado un acuerdo estrat\u00e9gico por 20 a\u00f1os para fortalecer su cooperaci\u00f3n en \u00e1reas clave como la agricultura, la industria petrolera, petroqu\u00edmica y gas. Este pacto busca mejorar la productividad agr\u00edcola y optimizar el intercambio de tecnolog\u00edas, adem\u00e1s de potenciar la infraestructura energ\u00e9tica de ambos pa\u00edses.<\/p>\n<ul>\n<li><a href=\"https:\/\/www.hispantv.com\/noticias\/politica\/601469\/caracas-fortalecer-relacion-coperacion\"><strong>Ir\u00e1n y Venezuela est\u00e1n comprometidos a seguir reforzando sus lazo<\/strong><\/a><\/li>\n<\/ul>\n<p>El acuerdo tambi\u00e9n incluye colaboraci\u00f3n cient\u00edfica, tecnol\u00f3gica, acad\u00e9mica y cultural, promoviendo el intercambio de conocimientos y el desarrollo de proyectos conjuntos. De esta manera, ambos pa\u00edses buscan diversificar su econom\u00eda y estrechar lazos m\u00e1s all\u00e1 de lo comercial, creando una red de apoyo mutuo en diversas \u00e1reas.<\/p>\n<\/div>\n<p><a href=\"https:\/\/www.hispantv.com\/noticias\/politica\/618869\/cooperacion-estrategica--avanza-adecuadamente\"><strong>Fuente: Hispantv\u00a0<\/strong><\/a><\/p>\n","protected":false},"excerpt":{"rendered":"<p>Los presidentes de Ir\u00e1n y Venezuela abogan por fortalecer las relaciones de amistad y cooperaci\u00f3n estrat\u00e9gica entre ambos pueblos. En una llamada telef\u00f3nica mantenida\u00a0el martes, el mandatario iran\u00ed, Masud Pezeshkian, y su hom\u00f3logo venezolano, Nicol\u00e1s Maduro, destacaron el excelente estado de las relaciones bilaterales entre sus pa\u00edses y coincidieron en [&hellip;]<\/p>\n","protected":false},"author":2,"featured_media":3725,"comment_status":"open","ping_status":"closed","sticky":false,"template":"","format":"standard","meta":{"footnotes":""},"categories":[4],"tags":[1099,26,44],"class_list":["post-3724","post","type-post","status-publish","format-standard","has-post-thumbnail","hentry","category-noticias","tag-cooperacion","tag-iran","tag-venezuela"],"yoast_head":"<!-- This site is optimized with the Yoast SEO plugin v27.5 - https:\/\/yoast.com\/product\/yoast-seo-wordpress\/ -->\n<title>La cooperaci\u00f3n estrat\u00e9gica entre Ir\u00e1n y Venezuela marcha viento en popa - Nuestra Am\u00e9rica En Palabras<\/title>\n<meta name=\"robots\" content=\"index, follow, max-snippet:-1, max-image-preview:large, max-video-preview:-1\" \/>\n<link rel=\"canonical\" href=\"https:\/\/naenpalabras.net\/wp\/2025\/07\/31\/la-cooperacion-estrategica-entre-iran-y-venezuela-marcha-viento-en-popa\/\" \/>\n<meta property=\"og:locale\" content=\"es_ES\" \/>\n<meta property=\"og:type\" content=\"article\" \/>\n<meta property=\"og:title\" content=\"La cooperaci\u00f3n estrat\u00e9gica entre Ir\u00e1n y Venezuela marcha viento en popa - Nuestra Am\u00e9rica En Palabras\" \/>\n<meta property=\"og:description\" content=\"Los presidentes de Ir\u00e1n y Venezuela abogan por fortalecer las relaciones de amistad y cooperaci\u00f3n estrat\u00e9gica entre ambos pueblos. En una llamada telef\u00f3nica mantenida\u00a0el martes, el mandatario iran\u00ed, Masud Pezeshkian, y su hom\u00f3logo venezolano, Nicol\u00e1s Maduro, destacaron el excelente estado de las relaciones bilaterales entre sus pa\u00edses y coincidieron en [&hellip;]\" \/>\n<meta property=\"og:url\" content=\"https:\/\/naenpalabras.net\/wp\/2025\/07\/31\/la-cooperacion-estrategica-entre-iran-y-venezuela-marcha-viento-en-popa\/\" \/>\n<meta property=\"og:site_name\" content=\"Nuestra Am\u00e9rica En Palabras\" \/>\n<meta property=\"article:published_time\" content=\"2025-07-31T22:08:43+00:00\" \/>\n<meta property=\"og:image\" content=\"https:\/\/naenpalabras.net\/wp\/wp-content\/uploads\/2025\/07\/4-11.jpg\" \/>\n\t<meta property=\"og:image:width\" content=\"880\" \/>\n\t<meta property=\"og:image:height\" content=\"495\" \/>\n\t<meta property=\"og:image:type\" content=\"image\/jpeg\" \/>\n<meta name=\"author\" content=\"naenp\" \/>\n<meta name=\"twitter:card\" content=\"summary_large_image\" \/>\n<meta name=\"twitter:label1\" content=\"Escrito por\" \/>\n\t<meta name=\"twitter:data1\" content=\"naenp\" \/>\n\t<meta name=\"twitter:label2\" content=\"Tiempo estimado de lectura\" \/>\n\t<meta name=\"twitter:data2\" content=\"2 minutos\" \/>\n<script type=\"application\/ld+json\" class=\"yoast-schema-graph\">{\"@context\":\"https:\\\/\\\/schema.org\",\"@graph\":[{\"@type\":\"Article\",\"@id\":\"https:\\\/\\\/naenpalabras.net\\\/wp\\\/2025\\\/07\\\/31\\\/la-cooperacion-estrategica-entre-iran-y-venezuela-marcha-viento-en-popa\\\/#article\",\"isPartOf\":{\"@id\":\"https:\\\/\\\/naenpalabras.net\\\/wp\\\/2025\\\/07\\\/31\\\/la-cooperacion-estrategica-entre-iran-y-venezuela-marcha-viento-en-popa\\\/\"},\"author\":{\"name\":\"naenp\",\"@id\":\"https:\\\/\\\/naenpalabras.net\\\/wp\\\/#\\\/schema\\\/person\\\/2b8dc3b44be009cae3c432096b2fad15\"},\"headline\":\"La cooperaci\u00f3n estrat\u00e9gica entre Ir\u00e1n y Venezuela marcha viento en popa\",\"datePublished\":\"2025-07-31T22:08:43+00:00\",\"mainEntityOfPage\":{\"@id\":\"https:\\\/\\\/naenpalabras.net\\\/wp\\\/2025\\\/07\\\/31\\\/la-cooperacion-estrategica-entre-iran-y-venezuela-marcha-viento-en-popa\\\/\"},\"wordCount\":413,\"commentCount\":0,\"image\":{\"@id\":\"https:\\\/\\\/naenpalabras.net\\\/wp\\\/2025\\\/07\\\/31\\\/la-cooperacion-estrategica-entre-iran-y-venezuela-marcha-viento-en-popa\\\/#primaryimage\"},\"thumbnailUrl\":\"https:\\\/\\\/naenpalabras.net\\\/wp\\\/wp-content\\\/uploads\\\/2025\\\/07\\\/4-11.jpg\",\"keywords\":[\"cooperaci\u00f3n\",\"Ir\u00e1n\",\"Venezuela\"],\"articleSection\":[\"Noticias\"],\"inLanguage\":\"es\",\"potentialAction\":[{\"@type\":\"CommentAction\",\"name\":\"Comment\",\"target\":[\"https:\\\/\\\/naenpalabras.net\\\/wp\\\/2025\\\/07\\\/31\\\/la-cooperacion-estrategica-entre-iran-y-venezuela-marcha-viento-en-popa\\\/#respond\"]}]},{\"@type\":\"WebPage\",\"@id\":\"https:\\\/\\\/naenpalabras.net\\\/wp\\\/2025\\\/07\\\/31\\\/la-cooperacion-estrategica-entre-iran-y-venezuela-marcha-viento-en-popa\\\/\",\"url\":\"https:\\\/\\\/naenpalabras.net\\\/wp\\\/2025\\\/07\\\/31\\\/la-cooperacion-estrategica-entre-iran-y-venezuela-marcha-viento-en-popa\\\/\",\"name\":\"La cooperaci\u00f3n estrat\u00e9gica entre Ir\u00e1n y Venezuela marcha viento en popa - Nuestra Am\u00e9rica En Palabras\",\"isPartOf\":{\"@id\":\"https:\\\/\\\/naenpalabras.net\\\/wp\\\/#website\"},\"primaryImageOfPage\":{\"@id\":\"https:\\\/\\\/naenpalabras.net\\\/wp\\\/2025\\\/07\\\/31\\\/la-cooperacion-estrategica-entre-iran-y-venezuela-marcha-viento-en-popa\\\/#primaryimage\"},\"image\":{\"@id\":\"https:\\\/\\\/naenpalabras.net\\\/wp\\\/2025\\\/07\\\/31\\\/la-cooperacion-estrategica-entre-iran-y-venezuela-marcha-viento-en-popa\\\/#primaryimage\"},\"thumbnailUrl\":\"https:\\\/\\\/naenpalabras.net\\\/wp\\\/wp-content\\\/uploads\\\/2025\\\/07\\\/4-11.jpg\",\"datePublished\":\"2025-07-31T22:08:43+00:00\",\"author\":{\"@id\":\"https:\\\/\\\/naenpalabras.net\\\/wp\\\/#\\\/schema\\\/person\\\/2b8dc3b44be009cae3c432096b2fad15\"},\"breadcrumb\":{\"@id\":\"https:\\\/\\\/naenpalabras.net\\\/wp\\\/2025\\\/07\\\/31\\\/la-cooperacion-estrategica-entre-iran-y-venezuela-marcha-viento-en-popa\\\/#breadcrumb\"},\"inLanguage\":\"es\",\"potentialAction\":[{\"@type\":\"ReadAction\",\"target\":[\"https:\\\/\\\/naenpalabras.net\\\/wp\\\/2025\\\/07\\\/31\\\/la-cooperacion-estrategica-entre-iran-y-venezuela-marcha-viento-en-popa\\\/\"]}]},{\"@type\":\"ImageObject\",\"inLanguage\":\"es\",\"@id\":\"https:\\\/\\\/naenpalabras.net\\\/wp\\\/2025\\\/07\\\/31\\\/la-cooperacion-estrategica-entre-iran-y-venezuela-marcha-viento-en-popa\\\/#primaryimage\",\"url\":\"https:\\\/\\\/naenpalabras.net\\\/wp\\\/wp-content\\\/uploads\\\/2025\\\/07\\\/4-11.jpg\",\"contentUrl\":\"https:\\\/\\\/naenpalabras.net\\\/wp\\\/wp-content\\\/uploads\\\/2025\\\/07\\\/4-11.jpg\",\"width\":880,\"height\":495},{\"@type\":\"BreadcrumbList\",\"@id\":\"https:\\\/\\\/naenpalabras.net\\\/wp\\\/2025\\\/07\\\/31\\\/la-cooperacion-estrategica-entre-iran-y-venezuela-marcha-viento-en-popa\\\/#breadcrumb\",\"itemListElement\":[{\"@type\":\"ListItem\",\"position\":1,\"name\":\"Portada\",\"item\":\"https:\\\/\\\/naenpalabras.net\\\/wp\\\/\"},{\"@type\":\"ListItem\",\"position\":2,\"name\":\"La cooperaci\u00f3n estrat\u00e9gica entre Ir\u00e1n y Venezuela marcha viento en popa\"}]},{\"@type\":\"WebSite\",\"@id\":\"https:\\\/\\\/naenpalabras.net\\\/wp\\\/#website\",\"url\":\"https:\\\/\\\/naenpalabras.net\\\/wp\\\/\",\"name\":\"Nuestra Am\u00e9rica En Palabras\",\"description\":\"\",\"potentialAction\":[{\"@type\":\"SearchAction\",\"target\":{\"@type\":\"EntryPoint\",\"urlTemplate\":\"https:\\\/\\\/naenpalabras.net\\\/wp\\\/?s={search_term_string}\"},\"query-input\":{\"@type\":\"PropertyValueSpecification\",\"valueRequired\":true,\"valueName\":\"search_term_string\"}}],\"inLanguage\":\"es\"},{\"@type\":\"Person\",\"@id\":\"https:\\\/\\\/naenpalabras.net\\\/wp\\\/#\\\/schema\\\/person\\\/2b8dc3b44be009cae3c432096b2fad15\",\"name\":\"naenp\",\"image\":{\"@type\":\"ImageObject\",\"inLanguage\":\"es\",\"@id\":\"https:\\\/\\\/secure.gravatar.com\\\/avatar\\\/ebeb7cc417e6a6b9894cfaca0e864947ba305c2cd77c221b39b90345e02bc3bb?s=96&d=mm&r=g\",\"url\":\"https:\\\/\\\/secure.gravatar.com\\\/avatar\\\/ebeb7cc417e6a6b9894cfaca0e864947ba305c2cd77c221b39b90345e02bc3bb?s=96&d=mm&r=g\",\"contentUrl\":\"https:\\\/\\\/secure.gravatar.com\\\/avatar\\\/ebeb7cc417e6a6b9894cfaca0e864947ba305c2cd77c221b39b90345e02bc3bb?s=96&d=mm&r=g\",\"caption\":\"naenp\"},\"sameAs\":[\"https:\\\/\\\/naenpalabras.net\\\/wp\"],\"url\":\"https:\\\/\\\/naenpalabras.net\\\/wp\\\/author\\\/admin-2\\\/\"}]}<\/script>\n<!-- \/ Yoast SEO plugin. -->","yoast_head_json":{"title":"La cooperaci\u00f3n estrat\u00e9gica entre Ir\u00e1n y Venezuela marcha viento en popa - Nuestra Am\u00e9rica En Palabras","robots":{"index":"index","follow":"follow","max-snippet":"max-snippet:-1","max-image-preview":"max-image-preview:large","max-video-preview":"max-video-preview:-1"},"canonical":"https:\/\/naenpalabras.net\/wp\/2025\/07\/31\/la-cooperacion-estrategica-entre-iran-y-venezuela-marcha-viento-en-popa\/","og_locale":"es_ES","og_type":"article","og_title":"La cooperaci\u00f3n estrat\u00e9gica entre Ir\u00e1n y Venezuela marcha viento en popa - Nuestra Am\u00e9rica En Palabras","og_description":"Los presidentes de Ir\u00e1n y Venezuela abogan por fortalecer las relaciones de amistad y cooperaci\u00f3n estrat\u00e9gica entre ambos pueblos. En una llamada telef\u00f3nica mantenida\u00a0el martes, el mandatario iran\u00ed, Masud Pezeshkian, y su hom\u00f3logo venezolano, Nicol\u00e1s Maduro, destacaron el excelente estado de las relaciones bilaterales entre sus pa\u00edses y coincidieron en [&hellip;]","og_url":"https:\/\/naenpalabras.net\/wp\/2025\/07\/31\/la-cooperacion-estrategica-entre-iran-y-venezuela-marcha-viento-en-popa\/","og_site_name":"Nuestra Am\u00e9rica En Palabras","article_published_time":"2025-07-31T22:08:43+00:00","og_image":[{"width":880,"height":495,"url":"https:\/\/naenpalabras.net\/wp\/wp-content\/uploads\/2025\/07\/4-11.jpg","type":"image\/jpeg"}],"author":"naenp","twitter_card":"summary_large_image","twitter_misc":{"Escrito por":"naenp","Tiempo estimado de lectura":"2 minutos"},"schema":{"@context":"https:\/\/schema.org","@graph":[{"@type":"Article","@id":"https:\/\/naenpalabras.net\/wp\/2025\/07\/31\/la-cooperacion-estrategica-entre-iran-y-venezuela-marcha-viento-en-popa\/#article","isPartOf":{"@id":"https:\/\/naenpalabras.net\/wp\/2025\/07\/31\/la-cooperacion-estrategica-entre-iran-y-venezuela-marcha-viento-en-popa\/"},"author":{"name":"naenp","@id":"https:\/\/naenpalabras.net\/wp\/#\/schema\/person\/2b8dc3b44be009cae3c432096b2fad15"},"headline":"La cooperaci\u00f3n estrat\u00e9gica entre Ir\u00e1n y Venezuela marcha viento en popa","datePublished":"2025-07-31T22:08:43+00:00","mainEntityOfPage":{"@id":"https:\/\/naenpalabras.net\/wp\/2025\/07\/31\/la-cooperacion-estrategica-entre-iran-y-venezuela-marcha-viento-en-popa\/"},"wordCount":413,"commentCount":0,"image":{"@id":"https:\/\/naenpalabras.net\/wp\/2025\/07\/31\/la-cooperacion-estrategica-entre-iran-y-venezuela-marcha-viento-en-popa\/#primaryimage"},"thumbnailUrl":"https:\/\/naenpalabras.net\/wp\/wp-content\/uploads\/2025\/07\/4-11.jpg","keywords":["cooperaci\u00f3n","Ir\u00e1n","Venezuela"],"articleSection":["Noticias"],"inLanguage":"es","potentialAction":[{"@type":"CommentAction","name":"Comment","target":["https:\/\/naenpalabras.net\/wp\/2025\/07\/31\/la-cooperacion-estrategica-entre-iran-y-venezuela-marcha-viento-en-popa\/#respond"]}]},{"@type":"WebPage","@id":"https:\/\/naenpalabras.net\/wp\/2025\/07\/31\/la-cooperacion-estrategica-entre-iran-y-venezuela-marcha-viento-en-popa\/","url":"https:\/\/naenpalabras.net\/wp\/2025\/07\/31\/la-cooperacion-estrategica-entre-iran-y-venezuela-marcha-viento-en-popa\/","name":"La cooperaci\u00f3n estrat\u00e9gica entre Ir\u00e1n y Venezuela marcha viento en popa - Nuestra Am\u00e9rica En Palabras","isPartOf":{"@id":"https:\/\/naenpalabras.net\/wp\/#website"},"primaryImageOfPage":{"@id":"https:\/\/naenpalabras.net\/wp\/2025\/07\/31\/la-cooperacion-estrategica-entre-iran-y-venezuela-marcha-viento-en-popa\/#primaryimage"},"image":{"@id":"https:\/\/naenpalabras.net\/wp\/2025\/07\/31\/la-cooperacion-estrategica-entre-iran-y-venezuela-marcha-viento-en-popa\/#primaryimage"},"thumbnailUrl":"https:\/\/naenpalabras.net\/wp\/wp-content\/uploads\/2025\/07\/4-11.jpg","datePublished":"2025-07-31T22:08:43+00:00","author":{"@id":"https:\/\/naenpalabras.net\/wp\/#\/schema\/person\/2b8dc3b44be009cae3c432096b2fad15"},"breadcrumb":{"@id":"https:\/\/naenpalabras.net\/wp\/2025\/07\/31\/la-cooperacion-estrategica-entre-iran-y-venezuela-marcha-viento-en-popa\/#breadcrumb"},"inLanguage":"es","potentialAction":[{"@type":"ReadAction","target":["https:\/\/naenpalabras.net\/wp\/2025\/07\/31\/la-cooperacion-estrategica-entre-iran-y-venezuela-marcha-viento-en-popa\/"]}]},{"@type":"ImageObject","inLanguage":"es","@id":"https:\/\/naenpalabras.net\/wp\/2025\/07\/31\/la-cooperacion-estrategica-entre-iran-y-venezuela-marcha-viento-en-popa\/#primaryimage","url":"https:\/\/naenpalabras.net\/wp\/wp-content\/uploads\/2025\/07\/4-11.jpg","contentUrl":"https:\/\/naenpalabras.net\/wp\/wp-content\/uploads\/2025\/07\/4-11.jpg","width":880,"height":495},{"@type":"BreadcrumbList","@id":"https:\/\/naenpalabras.net\/wp\/2025\/07\/31\/la-cooperacion-estrategica-entre-iran-y-venezuela-marcha-viento-en-popa\/#breadcrumb","itemListElement":[{"@type":"ListItem","position":1,"name":"Portada","item":"https:\/\/naenpalabras.net\/wp\/"},{"@type":"ListItem","position":2,"name":"La cooperaci\u00f3n estrat\u00e9gica entre Ir\u00e1n y Venezuela marcha viento en popa"}]},{"@type":"WebSite","@id":"https:\/\/naenpalabras.net\/wp\/#website","url":"https:\/\/naenpalabras.net\/wp\/","name":"Nuestra Am\u00e9rica En Palabras","description":"","potentialAction":[{"@type":"SearchAction","target":{"@type":"EntryPoint","urlTemplate":"https:\/\/naenpalabras.net\/wp\/?s={search_term_string}"},"query-input":{"@type":"PropertyValueSpecification","valueRequired":true,"valueName":"search_term_string"}}],"inLanguage":"es"},{"@type":"Person","@id":"https:\/\/naenpalabras.net\/wp\/#\/schema\/person\/2b8dc3b44be009cae3c432096b2fad15","name":"naenp","image":{"@type":"ImageObject","inLanguage":"es","@id":"https:\/\/secure.gravatar.com\/avatar\/ebeb7cc417e6a6b9894cfaca0e864947ba305c2cd77c221b39b90345e02bc3bb?s=96&d=mm&r=g","url":"https:\/\/secure.gravatar.com\/avatar\/ebeb7cc417e6a6b9894cfaca0e864947ba305c2cd77c221b39b90345e02bc3bb?s=96&d=mm&r=g","contentUrl":"https:\/\/secure.gravatar.com\/avatar\/ebeb7cc417e6a6b9894cfaca0e864947ba305c2cd77c221b39b90345e02bc3bb?s=96&d=mm&r=g","caption":"naenp"},"sameAs":["https:\/\/naenpalabras.net\/wp"],"url":"https:\/\/naenpalabras.net\/wp\/author\/admin-2\/"}]}},"_links":{"self":[{"href":"https:\/\/naenpalabras.net\/wp\/wp-json\/wp\/v2\/posts\/3724","targetHints":{"allow":["GET"]}}],"collection":[{"href":"https:\/\/naenpalabras.net\/wp\/wp-json\/wp\/v2\/posts"}],"about":[{"href":"https:\/\/naenpalabras.net\/wp\/wp-json\/wp\/v2\/types\/post"}],"author":[{"embeddable":true,"href":"https:\/\/naenpalabras.net\/wp\/wp-json\/wp\/v2\/users\/2"}],"replies":[{"embeddable":true,"href":"https:\/\/naenpalabras.net\/wp\/wp-json\/wp\/v2\/comments?post=3724"}],"version-history":[{"count":1,"href":"https:\/\/naenpalabras.net\/wp\/wp-json\/wp\/v2\/posts\/3724\/revisions"}],"predecessor-version":[{"id":3726,"href":"https:\/\/naenpalabras.net\/wp\/wp-json\/wp\/v2\/posts\/3724\/revisions\/3726"}],"wp:featuredmedia":[{"embeddable":true,"href":"https:\/\/naenpalabras.net\/wp\/wp-json\/wp\/v2\/media\/3725"}],"wp:attachment":[{"href":"https:\/\/naenpalabras.net\/wp\/wp-json\/wp\/v2\/media?parent=3724"}],"wp:term":[{"taxonomy":"category","embeddable":true,"href":"https:\/\/naenpalabras.net\/wp\/wp-json\/wp\/v2\/categories?post=3724"},{"taxonomy":"post_tag","embeddable":true,"href":"https:\/\/naenpalabras.net\/wp\/wp-json\/wp\/v2\/tags?post=3724"}],"curies":[{"name":"wp","href":"https:\/\/api.w.org\/{rel}","templated":true}]}}