{"id":3572,"date":"2025-07-15T10:42:39","date_gmt":"2025-07-15T14:42:39","guid":{"rendered":"https:\/\/naenpalabras.net\/wp\/?p=3572"},"modified":"2025-07-15T10:42:39","modified_gmt":"2025-07-15T14:42:39","slug":"accion-colectiva-en-defensa-de-palestina-se-celebrara-en-colombia","status":"publish","type":"post","link":"https:\/\/naenpalabras.net\/wp\/2025\/07\/15\/accion-colectiva-en-defensa-de-palestina-se-celebrara-en-colombia\/","title":{"rendered":"\u201cAcci\u00f3n Colectiva en defensa de Palestina\u201d se celebrar\u00e1 en Colombia"},"content":{"rendered":"<p class=\"introtext\">\u201cAcci\u00f3n Colectiva en defensa de Palestina\u201d se celebrar\u00e1 en Colombia, que ser\u00e1 sede de una reuni\u00f3n ministerial de emergencia del Grupo de La Haya sobre Palestina.<\/p>\n<div>\n<p>Seg\u00fan el Museo Nacional de Colombia, la oradora principal en la conferencia de \u201cAcci\u00f3n Colectiva en defensa de Palestina\u201d ser\u00e1 la relatora de la ONU para Palestina ocupada, Francesca Albanese, sancionada recientemente por EE.UU.<\/p>\n<p>Asimismo, participar\u00e1n en el evento Yannai Kadamani Fonrodona, ministra de las Culturas, las Artes y los Saberes de Colombia; Andr\u00e9s Mac\u00edas Goloso, miembro del Grupo de Trabajo sobre Mercenarios de las Naciones; Jeremy Corbyn, parlamentario del Reino Unido y luchador por la causa palestina; Rimma Hassan, eurodiputada, refugiada palestina; Gina Jaimes, equipa de paz y territorio.<\/p>\n<p>La conferencia de \u201cAcci\u00f3n Colectiva en defensa de Palestina\u201d tendr\u00e1 lugar el 15 de julio a las 17: 00 (hora local) en Bogot\u00e1, capital colombiana.<\/p>\n<p>El 15 y 16 de julio, Colombia ser\u00e1 sede de una reuni\u00f3n de emergencia del Grupo de La Haya, conformado por ocho pa\u00edses del sur global, que busca frenar lo que considera un genocidio en Gaza.<\/p>\n<ul>\n<li><a href=\"https:\/\/www.hispantv.com\/noticias\/palestina\/609276\/grupo-haya-detener-netanyahu-armas\"><strong>9 pa\u00edses prometen detener a Netanyahu y frenar venta de armas a Israel<\/strong><\/a><\/li>\n<\/ul>\n<p>La cumbre de cancilleres tendr\u00e1 lugar en Bogot\u00e1, y ser\u00e1 encabezada por la titular de Exteriores colombiana, Rosa Villavicencio.<\/p>\n<p>Los pa\u00edses miembros del grupo \u2014Bolivia, Cuba, Honduras, Senegal, Sud\u00e1frica, Malasia, Namibia y Colombia\u2014 se reunir\u00e1n por primera vez desde la fundaci\u00f3n del bloque el pasado 31 de enero en la ciudad holandesa de La Haya.<\/p>\n<p>Seg\u00fan explic\u00f3 el martes la Canciller\u00eda colombiana, la reuni\u00f3n es \u201cen respuesta a las violaciones continuas, y en escalada, del derecho internacional que Israel comete en el territorio palestino ocupado, incluido el delito de genocidio\u201d.<\/p>\n<p>El encuentro servir\u00e1 para anunciar medidas concretas que permitan una acci\u00f3n coordinada frente a la agresi\u00f3n israel\u00ed.<\/p>\n<p>El Grupo de La Haya surge como una respuesta articulada del sur global ante la impunidad del Estado israel\u00ed frente a denuncias de cr\u00edmenes de guerra y limpieza \u00e9tnica en Gaza.<\/p>\n<p>La semana pasada, EE.UU.\u00a0<a href=\"https:\/\/www.hispantv.com\/noticias\/ee-uu-\/617784\/sanciona-relatora-onu-genocidio-gaza\">sancion\u00f3\u00a0<\/a>a Albanese por denunciar el genocidio perpetrado por Israel en Gaza desde octubre de 2023.<\/p>\n<ul>\n<li><a href=\"https:\/\/www.hispantv.com\/noticias\/opinion\/609388\/formacion-grupo-la-haya-nuevo-desafio-impunidad-sionista\"><strong>Formaci\u00f3n del \u2018Grupo de La Haya\u2019: un nuevo desaf\u00edo a la impunidad sionista<\/strong><\/a><\/li>\n<\/ul>\n<p><a href=\"https:\/\/www.hispantv.com\/noticias\/colombia\/618000\/accion-colectiva-defensa-palestina-celebrara\"><strong>Fuente: Hispantv\u00a0<\/strong><\/a><\/p>\n<\/div>\n","protected":false},"excerpt":{"rendered":"<p>\u201cAcci\u00f3n Colectiva en defensa de Palestina\u201d se celebrar\u00e1 en Colombia, que ser\u00e1 sede de una reuni\u00f3n ministerial de emergencia del Grupo de La Haya sobre Palestina. Seg\u00fan el Museo Nacional de Colombia, la oradora principal en la conferencia de \u201cAcci\u00f3n Colectiva en defensa de Palestina\u201d ser\u00e1 la relatora de la [&hellip;]<\/p>\n","protected":false},"author":2,"featured_media":3573,"comment_status":"open","ping_status":"closed","sticky":false,"template":"","format":"standard","meta":{"footnotes":""},"categories":[4],"tags":[17,27,43],"class_list":["post-3572","post","type-post","status-publish","format-standard","has-post-thumbnail","hentry","category-noticias","tag-colombia","tag-onu","tag-palestina"],"yoast_head":"<!-- This site is optimized with the Yoast SEO plugin v27.5 - https:\/\/yoast.com\/product\/yoast-seo-wordpress\/ -->\n<title>\u201cAcci\u00f3n Colectiva en defensa de Palestina\u201d se celebrar\u00e1 en Colombia - Nuestra Am\u00e9rica En Palabras<\/title>\n<meta name=\"robots\" content=\"index, follow, max-snippet:-1, max-image-preview:large, max-video-preview:-1\" \/>\n<link rel=\"canonical\" href=\"https:\/\/naenpalabras.net\/wp\/2025\/07\/15\/accion-colectiva-en-defensa-de-palestina-se-celebrara-en-colombia\/\" \/>\n<meta property=\"og:locale\" content=\"es_ES\" \/>\n<meta property=\"og:type\" content=\"article\" \/>\n<meta property=\"og:title\" content=\"\u201cAcci\u00f3n Colectiva en defensa de Palestina\u201d se celebrar\u00e1 en Colombia - Nuestra Am\u00e9rica En Palabras\" \/>\n<meta property=\"og:description\" content=\"\u201cAcci\u00f3n Colectiva en defensa de Palestina\u201d se celebrar\u00e1 en Colombia, que ser\u00e1 sede de una reuni\u00f3n ministerial de emergencia del Grupo de La Haya sobre Palestina. Seg\u00fan el Museo Nacional de Colombia, la oradora principal en la conferencia de \u201cAcci\u00f3n Colectiva en defensa de Palestina\u201d ser\u00e1 la relatora de la [&hellip;]\" \/>\n<meta property=\"og:url\" content=\"https:\/\/naenpalabras.net\/wp\/2025\/07\/15\/accion-colectiva-en-defensa-de-palestina-se-celebrara-en-colombia\/\" \/>\n<meta property=\"og:site_name\" content=\"Nuestra Am\u00e9rica En Palabras\" \/>\n<meta property=\"article:published_time\" content=\"2025-07-15T14:42:39+00:00\" \/>\n<meta property=\"og:image\" content=\"https:\/\/naenpalabras.net\/wp\/wp-content\/uploads\/2025\/07\/5-6.jpg\" \/>\n\t<meta property=\"og:image:width\" content=\"880\" \/>\n\t<meta property=\"og:image:height\" content=\"495\" \/>\n\t<meta property=\"og:image:type\" content=\"image\/jpeg\" \/>\n<meta name=\"author\" content=\"naenp\" \/>\n<meta name=\"twitter:card\" content=\"summary_large_image\" \/>\n<meta name=\"twitter:label1\" content=\"Escrito por\" \/>\n\t<meta name=\"twitter:data1\" content=\"naenp\" \/>\n\t<meta name=\"twitter:label2\" content=\"Tiempo estimado de lectura\" \/>\n\t<meta name=\"twitter:data2\" content=\"2 minutos\" \/>\n<script type=\"application\/ld+json\" class=\"yoast-schema-graph\">{\"@context\":\"https:\\\/\\\/schema.org\",\"@graph\":[{\"@type\":\"Article\",\"@id\":\"https:\\\/\\\/naenpalabras.net\\\/wp\\\/2025\\\/07\\\/15\\\/accion-colectiva-en-defensa-de-palestina-se-celebrara-en-colombia\\\/#article\",\"isPartOf\":{\"@id\":\"https:\\\/\\\/naenpalabras.net\\\/wp\\\/2025\\\/07\\\/15\\\/accion-colectiva-en-defensa-de-palestina-se-celebrara-en-colombia\\\/\"},\"author\":{\"name\":\"naenp\",\"@id\":\"https:\\\/\\\/naenpalabras.net\\\/wp\\\/#\\\/schema\\\/person\\\/2b8dc3b44be009cae3c432096b2fad15\"},\"headline\":\"\u201cAcci\u00f3n Colectiva en defensa de Palestina\u201d se celebrar\u00e1 en Colombia\",\"datePublished\":\"2025-07-15T14:42:39+00:00\",\"mainEntityOfPage\":{\"@id\":\"https:\\\/\\\/naenpalabras.net\\\/wp\\\/2025\\\/07\\\/15\\\/accion-colectiva-en-defensa-de-palestina-se-celebrara-en-colombia\\\/\"},\"wordCount\":391,\"commentCount\":0,\"image\":{\"@id\":\"https:\\\/\\\/naenpalabras.net\\\/wp\\\/2025\\\/07\\\/15\\\/accion-colectiva-en-defensa-de-palestina-se-celebrara-en-colombia\\\/#primaryimage\"},\"thumbnailUrl\":\"https:\\\/\\\/naenpalabras.net\\\/wp\\\/wp-content\\\/uploads\\\/2025\\\/07\\\/5-6.jpg\",\"keywords\":[\"Colombia\",\"ONU\",\"Palestina\"],\"articleSection\":[\"Noticias\"],\"inLanguage\":\"es\",\"potentialAction\":[{\"@type\":\"CommentAction\",\"name\":\"Comment\",\"target\":[\"https:\\\/\\\/naenpalabras.net\\\/wp\\\/2025\\\/07\\\/15\\\/accion-colectiva-en-defensa-de-palestina-se-celebrara-en-colombia\\\/#respond\"]}]},{\"@type\":\"WebPage\",\"@id\":\"https:\\\/\\\/naenpalabras.net\\\/wp\\\/2025\\\/07\\\/15\\\/accion-colectiva-en-defensa-de-palestina-se-celebrara-en-colombia\\\/\",\"url\":\"https:\\\/\\\/naenpalabras.net\\\/wp\\\/2025\\\/07\\\/15\\\/accion-colectiva-en-defensa-de-palestina-se-celebrara-en-colombia\\\/\",\"name\":\"\u201cAcci\u00f3n Colectiva en defensa de Palestina\u201d se celebrar\u00e1 en Colombia - Nuestra Am\u00e9rica En Palabras\",\"isPartOf\":{\"@id\":\"https:\\\/\\\/naenpalabras.net\\\/wp\\\/#website\"},\"primaryImageOfPage\":{\"@id\":\"https:\\\/\\\/naenpalabras.net\\\/wp\\\/2025\\\/07\\\/15\\\/accion-colectiva-en-defensa-de-palestina-se-celebrara-en-colombia\\\/#primaryimage\"},\"image\":{\"@id\":\"https:\\\/\\\/naenpalabras.net\\\/wp\\\/2025\\\/07\\\/15\\\/accion-colectiva-en-defensa-de-palestina-se-celebrara-en-colombia\\\/#primaryimage\"},\"thumbnailUrl\":\"https:\\\/\\\/naenpalabras.net\\\/wp\\\/wp-content\\\/uploads\\\/2025\\\/07\\\/5-6.jpg\",\"datePublished\":\"2025-07-15T14:42:39+00:00\",\"author\":{\"@id\":\"https:\\\/\\\/naenpalabras.net\\\/wp\\\/#\\\/schema\\\/person\\\/2b8dc3b44be009cae3c432096b2fad15\"},\"breadcrumb\":{\"@id\":\"https:\\\/\\\/naenpalabras.net\\\/wp\\\/2025\\\/07\\\/15\\\/accion-colectiva-en-defensa-de-palestina-se-celebrara-en-colombia\\\/#breadcrumb\"},\"inLanguage\":\"es\",\"potentialAction\":[{\"@type\":\"ReadAction\",\"target\":[\"https:\\\/\\\/naenpalabras.net\\\/wp\\\/2025\\\/07\\\/15\\\/accion-colectiva-en-defensa-de-palestina-se-celebrara-en-colombia\\\/\"]}]},{\"@type\":\"ImageObject\",\"inLanguage\":\"es\",\"@id\":\"https:\\\/\\\/naenpalabras.net\\\/wp\\\/2025\\\/07\\\/15\\\/accion-colectiva-en-defensa-de-palestina-se-celebrara-en-colombia\\\/#primaryimage\",\"url\":\"https:\\\/\\\/naenpalabras.net\\\/wp\\\/wp-content\\\/uploads\\\/2025\\\/07\\\/5-6.jpg\",\"contentUrl\":\"https:\\\/\\\/naenpalabras.net\\\/wp\\\/wp-content\\\/uploads\\\/2025\\\/07\\\/5-6.jpg\",\"width\":880,\"height\":495},{\"@type\":\"BreadcrumbList\",\"@id\":\"https:\\\/\\\/naenpalabras.net\\\/wp\\\/2025\\\/07\\\/15\\\/accion-colectiva-en-defensa-de-palestina-se-celebrara-en-colombia\\\/#breadcrumb\",\"itemListElement\":[{\"@type\":\"ListItem\",\"position\":1,\"name\":\"Portada\",\"item\":\"https:\\\/\\\/naenpalabras.net\\\/wp\\\/\"},{\"@type\":\"ListItem\",\"position\":2,\"name\":\"\u201cAcci\u00f3n Colectiva en defensa de Palestina\u201d se celebrar\u00e1 en Colombia\"}]},{\"@type\":\"WebSite\",\"@id\":\"https:\\\/\\\/naenpalabras.net\\\/wp\\\/#website\",\"url\":\"https:\\\/\\\/naenpalabras.net\\\/wp\\\/\",\"name\":\"Nuestra Am\u00e9rica En Palabras\",\"description\":\"\",\"potentialAction\":[{\"@type\":\"SearchAction\",\"target\":{\"@type\":\"EntryPoint\",\"urlTemplate\":\"https:\\\/\\\/naenpalabras.net\\\/wp\\\/?s={search_term_string}\"},\"query-input\":{\"@type\":\"PropertyValueSpecification\",\"valueRequired\":true,\"valueName\":\"search_term_string\"}}],\"inLanguage\":\"es\"},{\"@type\":\"Person\",\"@id\":\"https:\\\/\\\/naenpalabras.net\\\/wp\\\/#\\\/schema\\\/person\\\/2b8dc3b44be009cae3c432096b2fad15\",\"name\":\"naenp\",\"image\":{\"@type\":\"ImageObject\",\"inLanguage\":\"es\",\"@id\":\"https:\\\/\\\/secure.gravatar.com\\\/avatar\\\/ebeb7cc417e6a6b9894cfaca0e864947ba305c2cd77c221b39b90345e02bc3bb?s=96&d=mm&r=g\",\"url\":\"https:\\\/\\\/secure.gravatar.com\\\/avatar\\\/ebeb7cc417e6a6b9894cfaca0e864947ba305c2cd77c221b39b90345e02bc3bb?s=96&d=mm&r=g\",\"contentUrl\":\"https:\\\/\\\/secure.gravatar.com\\\/avatar\\\/ebeb7cc417e6a6b9894cfaca0e864947ba305c2cd77c221b39b90345e02bc3bb?s=96&d=mm&r=g\",\"caption\":\"naenp\"},\"sameAs\":[\"https:\\\/\\\/naenpalabras.net\\\/wp\"],\"url\":\"https:\\\/\\\/naenpalabras.net\\\/wp\\\/author\\\/admin-2\\\/\"}]}<\/script>\n<!-- \/ Yoast SEO plugin. -->","yoast_head_json":{"title":"\u201cAcci\u00f3n Colectiva en defensa de Palestina\u201d se celebrar\u00e1 en Colombia - Nuestra Am\u00e9rica En Palabras","robots":{"index":"index","follow":"follow","max-snippet":"max-snippet:-1","max-image-preview":"max-image-preview:large","max-video-preview":"max-video-preview:-1"},"canonical":"https:\/\/naenpalabras.net\/wp\/2025\/07\/15\/accion-colectiva-en-defensa-de-palestina-se-celebrara-en-colombia\/","og_locale":"es_ES","og_type":"article","og_title":"\u201cAcci\u00f3n Colectiva en defensa de Palestina\u201d se celebrar\u00e1 en Colombia - Nuestra Am\u00e9rica En Palabras","og_description":"\u201cAcci\u00f3n Colectiva en defensa de Palestina\u201d se celebrar\u00e1 en Colombia, que ser\u00e1 sede de una reuni\u00f3n ministerial de emergencia del Grupo de La Haya sobre Palestina. Seg\u00fan el Museo Nacional de Colombia, la oradora principal en la conferencia de \u201cAcci\u00f3n Colectiva en defensa de Palestina\u201d ser\u00e1 la relatora de la [&hellip;]","og_url":"https:\/\/naenpalabras.net\/wp\/2025\/07\/15\/accion-colectiva-en-defensa-de-palestina-se-celebrara-en-colombia\/","og_site_name":"Nuestra Am\u00e9rica En Palabras","article_published_time":"2025-07-15T14:42:39+00:00","og_image":[{"width":880,"height":495,"url":"https:\/\/naenpalabras.net\/wp\/wp-content\/uploads\/2025\/07\/5-6.jpg","type":"image\/jpeg"}],"author":"naenp","twitter_card":"summary_large_image","twitter_misc":{"Escrito por":"naenp","Tiempo estimado de lectura":"2 minutos"},"schema":{"@context":"https:\/\/schema.org","@graph":[{"@type":"Article","@id":"https:\/\/naenpalabras.net\/wp\/2025\/07\/15\/accion-colectiva-en-defensa-de-palestina-se-celebrara-en-colombia\/#article","isPartOf":{"@id":"https:\/\/naenpalabras.net\/wp\/2025\/07\/15\/accion-colectiva-en-defensa-de-palestina-se-celebrara-en-colombia\/"},"author":{"name":"naenp","@id":"https:\/\/naenpalabras.net\/wp\/#\/schema\/person\/2b8dc3b44be009cae3c432096b2fad15"},"headline":"\u201cAcci\u00f3n Colectiva en defensa de Palestina\u201d se celebrar\u00e1 en Colombia","datePublished":"2025-07-15T14:42:39+00:00","mainEntityOfPage":{"@id":"https:\/\/naenpalabras.net\/wp\/2025\/07\/15\/accion-colectiva-en-defensa-de-palestina-se-celebrara-en-colombia\/"},"wordCount":391,"commentCount":0,"image":{"@id":"https:\/\/naenpalabras.net\/wp\/2025\/07\/15\/accion-colectiva-en-defensa-de-palestina-se-celebrara-en-colombia\/#primaryimage"},"thumbnailUrl":"https:\/\/naenpalabras.net\/wp\/wp-content\/uploads\/2025\/07\/5-6.jpg","keywords":["Colombia","ONU","Palestina"],"articleSection":["Noticias"],"inLanguage":"es","potentialAction":[{"@type":"CommentAction","name":"Comment","target":["https:\/\/naenpalabras.net\/wp\/2025\/07\/15\/accion-colectiva-en-defensa-de-palestina-se-celebrara-en-colombia\/#respond"]}]},{"@type":"WebPage","@id":"https:\/\/naenpalabras.net\/wp\/2025\/07\/15\/accion-colectiva-en-defensa-de-palestina-se-celebrara-en-colombia\/","url":"https:\/\/naenpalabras.net\/wp\/2025\/07\/15\/accion-colectiva-en-defensa-de-palestina-se-celebrara-en-colombia\/","name":"\u201cAcci\u00f3n Colectiva en defensa de Palestina\u201d se celebrar\u00e1 en Colombia - Nuestra Am\u00e9rica En Palabras","isPartOf":{"@id":"https:\/\/naenpalabras.net\/wp\/#website"},"primaryImageOfPage":{"@id":"https:\/\/naenpalabras.net\/wp\/2025\/07\/15\/accion-colectiva-en-defensa-de-palestina-se-celebrara-en-colombia\/#primaryimage"},"image":{"@id":"https:\/\/naenpalabras.net\/wp\/2025\/07\/15\/accion-colectiva-en-defensa-de-palestina-se-celebrara-en-colombia\/#primaryimage"},"thumbnailUrl":"https:\/\/naenpalabras.net\/wp\/wp-content\/uploads\/2025\/07\/5-6.jpg","datePublished":"2025-07-15T14:42:39+00:00","author":{"@id":"https:\/\/naenpalabras.net\/wp\/#\/schema\/person\/2b8dc3b44be009cae3c432096b2fad15"},"breadcrumb":{"@id":"https:\/\/naenpalabras.net\/wp\/2025\/07\/15\/accion-colectiva-en-defensa-de-palestina-se-celebrara-en-colombia\/#breadcrumb"},"inLanguage":"es","potentialAction":[{"@type":"ReadAction","target":["https:\/\/naenpalabras.net\/wp\/2025\/07\/15\/accion-colectiva-en-defensa-de-palestina-se-celebrara-en-colombia\/"]}]},{"@type":"ImageObject","inLanguage":"es","@id":"https:\/\/naenpalabras.net\/wp\/2025\/07\/15\/accion-colectiva-en-defensa-de-palestina-se-celebrara-en-colombia\/#primaryimage","url":"https:\/\/naenpalabras.net\/wp\/wp-content\/uploads\/2025\/07\/5-6.jpg","contentUrl":"https:\/\/naenpalabras.net\/wp\/wp-content\/uploads\/2025\/07\/5-6.jpg","width":880,"height":495},{"@type":"BreadcrumbList","@id":"https:\/\/naenpalabras.net\/wp\/2025\/07\/15\/accion-colectiva-en-defensa-de-palestina-se-celebrara-en-colombia\/#breadcrumb","itemListElement":[{"@type":"ListItem","position":1,"name":"Portada","item":"https:\/\/naenpalabras.net\/wp\/"},{"@type":"ListItem","position":2,"name":"\u201cAcci\u00f3n Colectiva en defensa de Palestina\u201d se celebrar\u00e1 en Colombia"}]},{"@type":"WebSite","@id":"https:\/\/naenpalabras.net\/wp\/#website","url":"https:\/\/naenpalabras.net\/wp\/","name":"Nuestra Am\u00e9rica En Palabras","description":"","potentialAction":[{"@type":"SearchAction","target":{"@type":"EntryPoint","urlTemplate":"https:\/\/naenpalabras.net\/wp\/?s={search_term_string}"},"query-input":{"@type":"PropertyValueSpecification","valueRequired":true,"valueName":"search_term_string"}}],"inLanguage":"es"},{"@type":"Person","@id":"https:\/\/naenpalabras.net\/wp\/#\/schema\/person\/2b8dc3b44be009cae3c432096b2fad15","name":"naenp","image":{"@type":"ImageObject","inLanguage":"es","@id":"https:\/\/secure.gravatar.com\/avatar\/ebeb7cc417e6a6b9894cfaca0e864947ba305c2cd77c221b39b90345e02bc3bb?s=96&d=mm&r=g","url":"https:\/\/secure.gravatar.com\/avatar\/ebeb7cc417e6a6b9894cfaca0e864947ba305c2cd77c221b39b90345e02bc3bb?s=96&d=mm&r=g","contentUrl":"https:\/\/secure.gravatar.com\/avatar\/ebeb7cc417e6a6b9894cfaca0e864947ba305c2cd77c221b39b90345e02bc3bb?s=96&d=mm&r=g","caption":"naenp"},"sameAs":["https:\/\/naenpalabras.net\/wp"],"url":"https:\/\/naenpalabras.net\/wp\/author\/admin-2\/"}]}},"_links":{"self":[{"href":"https:\/\/naenpalabras.net\/wp\/wp-json\/wp\/v2\/posts\/3572","targetHints":{"allow":["GET"]}}],"collection":[{"href":"https:\/\/naenpalabras.net\/wp\/wp-json\/wp\/v2\/posts"}],"about":[{"href":"https:\/\/naenpalabras.net\/wp\/wp-json\/wp\/v2\/types\/post"}],"author":[{"embeddable":true,"href":"https:\/\/naenpalabras.net\/wp\/wp-json\/wp\/v2\/users\/2"}],"replies":[{"embeddable":true,"href":"https:\/\/naenpalabras.net\/wp\/wp-json\/wp\/v2\/comments?post=3572"}],"version-history":[{"count":1,"href":"https:\/\/naenpalabras.net\/wp\/wp-json\/wp\/v2\/posts\/3572\/revisions"}],"predecessor-version":[{"id":3574,"href":"https:\/\/naenpalabras.net\/wp\/wp-json\/wp\/v2\/posts\/3572\/revisions\/3574"}],"wp:featuredmedia":[{"embeddable":true,"href":"https:\/\/naenpalabras.net\/wp\/wp-json\/wp\/v2\/media\/3573"}],"wp:attachment":[{"href":"https:\/\/naenpalabras.net\/wp\/wp-json\/wp\/v2\/media?parent=3572"}],"wp:term":[{"taxonomy":"category","embeddable":true,"href":"https:\/\/naenpalabras.net\/wp\/wp-json\/wp\/v2\/categories?post=3572"},{"taxonomy":"post_tag","embeddable":true,"href":"https:\/\/naenpalabras.net\/wp\/wp-json\/wp\/v2\/tags?post=3572"}],"curies":[{"name":"wp","href":"https:\/\/api.w.org\/{rel}","templated":true}]}}