{"id":3276,"date":"2025-06-13T16:53:40","date_gmt":"2025-06-13T20:53:40","guid":{"rendered":"https:\/\/naenpalabras.net\/wp\/?p=3276"},"modified":"2025-06-13T16:53:40","modified_gmt":"2025-06-13T20:53:40","slug":"venezuela-cuba-y-nicaragua-condenan-agresion-criminal-de-israel-a-iran","status":"publish","type":"post","link":"https:\/\/naenpalabras.net\/wp\/2025\/06\/13\/venezuela-cuba-y-nicaragua-condenan-agresion-criminal-de-israel-a-iran\/","title":{"rendered":"Venezuela, Cuba y Nicaragua condenan agresi\u00f3n criminal de Israel a Ir\u00e1n"},"content":{"rendered":"<p class=\"introtext\">Venezuela, Cuba y Nicaragua condenan de manera categ\u00f3rica la violaci\u00f3n del Derecho Internacional perpetrada por Israel en su agresi\u00f3n contra Ir\u00e1n.<\/p>\n<div>\n<p>La Rep\u00fablica Bolivariana de Venezuela ha condenado en\u00e9rgicamente el ataque israel\u00ed a Ir\u00e1n, consider\u00e1ndolo una agresi\u00f3n militar ileg\u00edtima, injustificada y una flagrante violaci\u00f3n del Derecho Internacional.<\/p>\n<p>En un comunicado, el canciller venezolano, Yv\u00e1n Gil, ha expresado un apoyo firme a Ir\u00e1n, exigiendo\u00a0el cese inmediato de todas las hostilidades por parte de Israel. \u201cEste ataque se suma a la larga lista de cr\u00edmenes por parte del Gobierno de Netanyahu\u201d, manifiesta el comunicado.<\/p>\n<p>Entretanto, el presidente cubano, Miguel D\u00edaz-Canel, tambi\u00e9n ha condenado en los \u201ct\u00e9rminos m\u00e1s en\u00e9rgicos\u201d los ataques de Israel a Ir\u00e1n al considerar que elevan la tensi\u00f3n en Asia Occidental de manera irresponsable y ponen en peligro la paz y la seguridad internacional y regional con consecuencias imprevisibles.<\/p>\n<p>Asimismo, ha enfatizado que Cuba es un estrecho aliado pol\u00edtico de Ir\u00e1n, anunciado que insta un llamado a detener la barbarie y al respeto al Derecho Internacional.<\/p>\n<p>Por su parte, el Gobierno de Reconciliaci\u00f3n y Unidad Nacional de Nicaragua, por medio de un comunicado, ha calificiado la agresi\u00f3n de Israel de una \u201ctemeraria\u201d y \u201ccobarde\u201d acci\u00f3n que violenta normas internacionales y pone en grave riesgo la estabilidad mundial.<\/p>\n<p>\u201cNuestras voces desde esta Am\u00e9rica Latina caribe\u00f1a se alzan en repudio, rechazo y categ\u00f3rica repulsa\u201d, indica el texto, haciendo un llamado a la comunidad internacional a actuar frente a lo que consideraron una violaci\u00f3n flagrante de los principios de convivencia y tratados internacionales.<\/p>\n<p><a href=\"https:\/\/www.hispantv.com\/noticias\/venezuela\/616736\/cuba-venezuela-nicaragua-ataque-israel-iran\"><strong>Fuente: Hispantv\u00a0<\/strong><\/a><\/p>\n<\/div>\n","protected":false},"excerpt":{"rendered":"<p>Venezuela, Cuba y Nicaragua condenan de manera categ\u00f3rica la violaci\u00f3n del Derecho Internacional perpetrada por Israel en su agresi\u00f3n contra Ir\u00e1n. La Rep\u00fablica Bolivariana de Venezuela ha condenado en\u00e9rgicamente el ataque israel\u00ed a Ir\u00e1n, consider\u00e1ndolo una agresi\u00f3n militar ileg\u00edtima, injustificada y una flagrante violaci\u00f3n del Derecho Internacional. En un comunicado, [&hellip;]<\/p>\n","protected":false},"author":2,"featured_media":3277,"comment_status":"open","ping_status":"closed","sticky":false,"template":"","format":"standard","meta":{"footnotes":""},"categories":[4],"tags":[25,94,44],"class_list":["post-3276","post","type-post","status-publish","format-standard","has-post-thumbnail","hentry","category-noticias","tag-cuba","tag-nicaragua","tag-venezuela"],"yoast_head":"<!-- This site is optimized with the Yoast SEO plugin v27.5 - https:\/\/yoast.com\/product\/yoast-seo-wordpress\/ -->\n<title>Venezuela, Cuba y Nicaragua condenan agresi\u00f3n criminal de Israel a Ir\u00e1n - Nuestra Am\u00e9rica En Palabras<\/title>\n<meta name=\"robots\" content=\"index, follow, max-snippet:-1, max-image-preview:large, max-video-preview:-1\" \/>\n<link rel=\"canonical\" href=\"https:\/\/naenpalabras.net\/wp\/2025\/06\/13\/venezuela-cuba-y-nicaragua-condenan-agresion-criminal-de-israel-a-iran\/\" \/>\n<meta property=\"og:locale\" content=\"es_ES\" \/>\n<meta property=\"og:type\" content=\"article\" \/>\n<meta property=\"og:title\" content=\"Venezuela, Cuba y Nicaragua condenan agresi\u00f3n criminal de Israel a Ir\u00e1n - Nuestra Am\u00e9rica En Palabras\" \/>\n<meta property=\"og:description\" content=\"Venezuela, Cuba y Nicaragua condenan de manera categ\u00f3rica la violaci\u00f3n del Derecho Internacional perpetrada por Israel en su agresi\u00f3n contra Ir\u00e1n. La Rep\u00fablica Bolivariana de Venezuela ha condenado en\u00e9rgicamente el ataque israel\u00ed a Ir\u00e1n, consider\u00e1ndolo una agresi\u00f3n militar ileg\u00edtima, injustificada y una flagrante violaci\u00f3n del Derecho Internacional. En un comunicado, [&hellip;]\" \/>\n<meta property=\"og:url\" content=\"https:\/\/naenpalabras.net\/wp\/2025\/06\/13\/venezuela-cuba-y-nicaragua-condenan-agresion-criminal-de-israel-a-iran\/\" \/>\n<meta property=\"og:site_name\" content=\"Nuestra Am\u00e9rica En Palabras\" \/>\n<meta property=\"article:published_time\" content=\"2025-06-13T20:53:40+00:00\" \/>\n<meta property=\"og:image\" content=\"https:\/\/naenpalabras.net\/wp\/wp-content\/uploads\/2025\/06\/6-3.jpg\" \/>\n\t<meta property=\"og:image:width\" content=\"880\" \/>\n\t<meta property=\"og:image:height\" content=\"495\" \/>\n\t<meta property=\"og:image:type\" content=\"image\/jpeg\" \/>\n<meta name=\"author\" content=\"naenp\" \/>\n<meta name=\"twitter:card\" content=\"summary_large_image\" \/>\n<meta name=\"twitter:label1\" content=\"Escrito por\" \/>\n\t<meta name=\"twitter:data1\" content=\"naenp\" \/>\n\t<meta name=\"twitter:label2\" content=\"Tiempo estimado de lectura\" \/>\n\t<meta name=\"twitter:data2\" content=\"2 minutos\" \/>\n<script type=\"application\/ld+json\" class=\"yoast-schema-graph\">{\"@context\":\"https:\\\/\\\/schema.org\",\"@graph\":[{\"@type\":\"Article\",\"@id\":\"https:\\\/\\\/naenpalabras.net\\\/wp\\\/2025\\\/06\\\/13\\\/venezuela-cuba-y-nicaragua-condenan-agresion-criminal-de-israel-a-iran\\\/#article\",\"isPartOf\":{\"@id\":\"https:\\\/\\\/naenpalabras.net\\\/wp\\\/2025\\\/06\\\/13\\\/venezuela-cuba-y-nicaragua-condenan-agresion-criminal-de-israel-a-iran\\\/\"},\"author\":{\"name\":\"naenp\",\"@id\":\"https:\\\/\\\/naenpalabras.net\\\/wp\\\/#\\\/schema\\\/person\\\/2b8dc3b44be009cae3c432096b2fad15\"},\"headline\":\"Venezuela, Cuba y Nicaragua condenan agresi\u00f3n criminal de Israel a Ir\u00e1n\",\"datePublished\":\"2025-06-13T20:53:40+00:00\",\"mainEntityOfPage\":{\"@id\":\"https:\\\/\\\/naenpalabras.net\\\/wp\\\/2025\\\/06\\\/13\\\/venezuela-cuba-y-nicaragua-condenan-agresion-criminal-de-israel-a-iran\\\/\"},\"wordCount\":296,\"commentCount\":0,\"image\":{\"@id\":\"https:\\\/\\\/naenpalabras.net\\\/wp\\\/2025\\\/06\\\/13\\\/venezuela-cuba-y-nicaragua-condenan-agresion-criminal-de-israel-a-iran\\\/#primaryimage\"},\"thumbnailUrl\":\"https:\\\/\\\/naenpalabras.net\\\/wp\\\/wp-content\\\/uploads\\\/2025\\\/06\\\/6-3.jpg\",\"keywords\":[\"Cuba\",\"Nicaragua\",\"Venezuela\"],\"articleSection\":[\"Noticias\"],\"inLanguage\":\"es\",\"potentialAction\":[{\"@type\":\"CommentAction\",\"name\":\"Comment\",\"target\":[\"https:\\\/\\\/naenpalabras.net\\\/wp\\\/2025\\\/06\\\/13\\\/venezuela-cuba-y-nicaragua-condenan-agresion-criminal-de-israel-a-iran\\\/#respond\"]}]},{\"@type\":\"WebPage\",\"@id\":\"https:\\\/\\\/naenpalabras.net\\\/wp\\\/2025\\\/06\\\/13\\\/venezuela-cuba-y-nicaragua-condenan-agresion-criminal-de-israel-a-iran\\\/\",\"url\":\"https:\\\/\\\/naenpalabras.net\\\/wp\\\/2025\\\/06\\\/13\\\/venezuela-cuba-y-nicaragua-condenan-agresion-criminal-de-israel-a-iran\\\/\",\"name\":\"Venezuela, Cuba y Nicaragua condenan agresi\u00f3n criminal de Israel a Ir\u00e1n - Nuestra Am\u00e9rica En Palabras\",\"isPartOf\":{\"@id\":\"https:\\\/\\\/naenpalabras.net\\\/wp\\\/#website\"},\"primaryImageOfPage\":{\"@id\":\"https:\\\/\\\/naenpalabras.net\\\/wp\\\/2025\\\/06\\\/13\\\/venezuela-cuba-y-nicaragua-condenan-agresion-criminal-de-israel-a-iran\\\/#primaryimage\"},\"image\":{\"@id\":\"https:\\\/\\\/naenpalabras.net\\\/wp\\\/2025\\\/06\\\/13\\\/venezuela-cuba-y-nicaragua-condenan-agresion-criminal-de-israel-a-iran\\\/#primaryimage\"},\"thumbnailUrl\":\"https:\\\/\\\/naenpalabras.net\\\/wp\\\/wp-content\\\/uploads\\\/2025\\\/06\\\/6-3.jpg\",\"datePublished\":\"2025-06-13T20:53:40+00:00\",\"author\":{\"@id\":\"https:\\\/\\\/naenpalabras.net\\\/wp\\\/#\\\/schema\\\/person\\\/2b8dc3b44be009cae3c432096b2fad15\"},\"breadcrumb\":{\"@id\":\"https:\\\/\\\/naenpalabras.net\\\/wp\\\/2025\\\/06\\\/13\\\/venezuela-cuba-y-nicaragua-condenan-agresion-criminal-de-israel-a-iran\\\/#breadcrumb\"},\"inLanguage\":\"es\",\"potentialAction\":[{\"@type\":\"ReadAction\",\"target\":[\"https:\\\/\\\/naenpalabras.net\\\/wp\\\/2025\\\/06\\\/13\\\/venezuela-cuba-y-nicaragua-condenan-agresion-criminal-de-israel-a-iran\\\/\"]}]},{\"@type\":\"ImageObject\",\"inLanguage\":\"es\",\"@id\":\"https:\\\/\\\/naenpalabras.net\\\/wp\\\/2025\\\/06\\\/13\\\/venezuela-cuba-y-nicaragua-condenan-agresion-criminal-de-israel-a-iran\\\/#primaryimage\",\"url\":\"https:\\\/\\\/naenpalabras.net\\\/wp\\\/wp-content\\\/uploads\\\/2025\\\/06\\\/6-3.jpg\",\"contentUrl\":\"https:\\\/\\\/naenpalabras.net\\\/wp\\\/wp-content\\\/uploads\\\/2025\\\/06\\\/6-3.jpg\",\"width\":880,\"height\":495},{\"@type\":\"BreadcrumbList\",\"@id\":\"https:\\\/\\\/naenpalabras.net\\\/wp\\\/2025\\\/06\\\/13\\\/venezuela-cuba-y-nicaragua-condenan-agresion-criminal-de-israel-a-iran\\\/#breadcrumb\",\"itemListElement\":[{\"@type\":\"ListItem\",\"position\":1,\"name\":\"Portada\",\"item\":\"https:\\\/\\\/naenpalabras.net\\\/wp\\\/\"},{\"@type\":\"ListItem\",\"position\":2,\"name\":\"Venezuela, Cuba y Nicaragua condenan agresi\u00f3n criminal de Israel a Ir\u00e1n\"}]},{\"@type\":\"WebSite\",\"@id\":\"https:\\\/\\\/naenpalabras.net\\\/wp\\\/#website\",\"url\":\"https:\\\/\\\/naenpalabras.net\\\/wp\\\/\",\"name\":\"Nuestra Am\u00e9rica En Palabras\",\"description\":\"\",\"potentialAction\":[{\"@type\":\"SearchAction\",\"target\":{\"@type\":\"EntryPoint\",\"urlTemplate\":\"https:\\\/\\\/naenpalabras.net\\\/wp\\\/?s={search_term_string}\"},\"query-input\":{\"@type\":\"PropertyValueSpecification\",\"valueRequired\":true,\"valueName\":\"search_term_string\"}}],\"inLanguage\":\"es\"},{\"@type\":\"Person\",\"@id\":\"https:\\\/\\\/naenpalabras.net\\\/wp\\\/#\\\/schema\\\/person\\\/2b8dc3b44be009cae3c432096b2fad15\",\"name\":\"naenp\",\"image\":{\"@type\":\"ImageObject\",\"inLanguage\":\"es\",\"@id\":\"https:\\\/\\\/secure.gravatar.com\\\/avatar\\\/ebeb7cc417e6a6b9894cfaca0e864947ba305c2cd77c221b39b90345e02bc3bb?s=96&d=mm&r=g\",\"url\":\"https:\\\/\\\/secure.gravatar.com\\\/avatar\\\/ebeb7cc417e6a6b9894cfaca0e864947ba305c2cd77c221b39b90345e02bc3bb?s=96&d=mm&r=g\",\"contentUrl\":\"https:\\\/\\\/secure.gravatar.com\\\/avatar\\\/ebeb7cc417e6a6b9894cfaca0e864947ba305c2cd77c221b39b90345e02bc3bb?s=96&d=mm&r=g\",\"caption\":\"naenp\"},\"sameAs\":[\"https:\\\/\\\/naenpalabras.net\\\/wp\"],\"url\":\"https:\\\/\\\/naenpalabras.net\\\/wp\\\/author\\\/admin-2\\\/\"}]}<\/script>\n<!-- \/ Yoast SEO plugin. -->","yoast_head_json":{"title":"Venezuela, Cuba y Nicaragua condenan agresi\u00f3n criminal de Israel a Ir\u00e1n - Nuestra Am\u00e9rica En Palabras","robots":{"index":"index","follow":"follow","max-snippet":"max-snippet:-1","max-image-preview":"max-image-preview:large","max-video-preview":"max-video-preview:-1"},"canonical":"https:\/\/naenpalabras.net\/wp\/2025\/06\/13\/venezuela-cuba-y-nicaragua-condenan-agresion-criminal-de-israel-a-iran\/","og_locale":"es_ES","og_type":"article","og_title":"Venezuela, Cuba y Nicaragua condenan agresi\u00f3n criminal de Israel a Ir\u00e1n - Nuestra Am\u00e9rica En Palabras","og_description":"Venezuela, Cuba y Nicaragua condenan de manera categ\u00f3rica la violaci\u00f3n del Derecho Internacional perpetrada por Israel en su agresi\u00f3n contra Ir\u00e1n. La Rep\u00fablica Bolivariana de Venezuela ha condenado en\u00e9rgicamente el ataque israel\u00ed a Ir\u00e1n, consider\u00e1ndolo una agresi\u00f3n militar ileg\u00edtima, injustificada y una flagrante violaci\u00f3n del Derecho Internacional. En un comunicado, [&hellip;]","og_url":"https:\/\/naenpalabras.net\/wp\/2025\/06\/13\/venezuela-cuba-y-nicaragua-condenan-agresion-criminal-de-israel-a-iran\/","og_site_name":"Nuestra Am\u00e9rica En Palabras","article_published_time":"2025-06-13T20:53:40+00:00","og_image":[{"width":880,"height":495,"url":"https:\/\/naenpalabras.net\/wp\/wp-content\/uploads\/2025\/06\/6-3.jpg","type":"image\/jpeg"}],"author":"naenp","twitter_card":"summary_large_image","twitter_misc":{"Escrito por":"naenp","Tiempo estimado de lectura":"2 minutos"},"schema":{"@context":"https:\/\/schema.org","@graph":[{"@type":"Article","@id":"https:\/\/naenpalabras.net\/wp\/2025\/06\/13\/venezuela-cuba-y-nicaragua-condenan-agresion-criminal-de-israel-a-iran\/#article","isPartOf":{"@id":"https:\/\/naenpalabras.net\/wp\/2025\/06\/13\/venezuela-cuba-y-nicaragua-condenan-agresion-criminal-de-israel-a-iran\/"},"author":{"name":"naenp","@id":"https:\/\/naenpalabras.net\/wp\/#\/schema\/person\/2b8dc3b44be009cae3c432096b2fad15"},"headline":"Venezuela, Cuba y Nicaragua condenan agresi\u00f3n criminal de Israel a Ir\u00e1n","datePublished":"2025-06-13T20:53:40+00:00","mainEntityOfPage":{"@id":"https:\/\/naenpalabras.net\/wp\/2025\/06\/13\/venezuela-cuba-y-nicaragua-condenan-agresion-criminal-de-israel-a-iran\/"},"wordCount":296,"commentCount":0,"image":{"@id":"https:\/\/naenpalabras.net\/wp\/2025\/06\/13\/venezuela-cuba-y-nicaragua-condenan-agresion-criminal-de-israel-a-iran\/#primaryimage"},"thumbnailUrl":"https:\/\/naenpalabras.net\/wp\/wp-content\/uploads\/2025\/06\/6-3.jpg","keywords":["Cuba","Nicaragua","Venezuela"],"articleSection":["Noticias"],"inLanguage":"es","potentialAction":[{"@type":"CommentAction","name":"Comment","target":["https:\/\/naenpalabras.net\/wp\/2025\/06\/13\/venezuela-cuba-y-nicaragua-condenan-agresion-criminal-de-israel-a-iran\/#respond"]}]},{"@type":"WebPage","@id":"https:\/\/naenpalabras.net\/wp\/2025\/06\/13\/venezuela-cuba-y-nicaragua-condenan-agresion-criminal-de-israel-a-iran\/","url":"https:\/\/naenpalabras.net\/wp\/2025\/06\/13\/venezuela-cuba-y-nicaragua-condenan-agresion-criminal-de-israel-a-iran\/","name":"Venezuela, Cuba y Nicaragua condenan agresi\u00f3n criminal de Israel a Ir\u00e1n - Nuestra Am\u00e9rica En Palabras","isPartOf":{"@id":"https:\/\/naenpalabras.net\/wp\/#website"},"primaryImageOfPage":{"@id":"https:\/\/naenpalabras.net\/wp\/2025\/06\/13\/venezuela-cuba-y-nicaragua-condenan-agresion-criminal-de-israel-a-iran\/#primaryimage"},"image":{"@id":"https:\/\/naenpalabras.net\/wp\/2025\/06\/13\/venezuela-cuba-y-nicaragua-condenan-agresion-criminal-de-israel-a-iran\/#primaryimage"},"thumbnailUrl":"https:\/\/naenpalabras.net\/wp\/wp-content\/uploads\/2025\/06\/6-3.jpg","datePublished":"2025-06-13T20:53:40+00:00","author":{"@id":"https:\/\/naenpalabras.net\/wp\/#\/schema\/person\/2b8dc3b44be009cae3c432096b2fad15"},"breadcrumb":{"@id":"https:\/\/naenpalabras.net\/wp\/2025\/06\/13\/venezuela-cuba-y-nicaragua-condenan-agresion-criminal-de-israel-a-iran\/#breadcrumb"},"inLanguage":"es","potentialAction":[{"@type":"ReadAction","target":["https:\/\/naenpalabras.net\/wp\/2025\/06\/13\/venezuela-cuba-y-nicaragua-condenan-agresion-criminal-de-israel-a-iran\/"]}]},{"@type":"ImageObject","inLanguage":"es","@id":"https:\/\/naenpalabras.net\/wp\/2025\/06\/13\/venezuela-cuba-y-nicaragua-condenan-agresion-criminal-de-israel-a-iran\/#primaryimage","url":"https:\/\/naenpalabras.net\/wp\/wp-content\/uploads\/2025\/06\/6-3.jpg","contentUrl":"https:\/\/naenpalabras.net\/wp\/wp-content\/uploads\/2025\/06\/6-3.jpg","width":880,"height":495},{"@type":"BreadcrumbList","@id":"https:\/\/naenpalabras.net\/wp\/2025\/06\/13\/venezuela-cuba-y-nicaragua-condenan-agresion-criminal-de-israel-a-iran\/#breadcrumb","itemListElement":[{"@type":"ListItem","position":1,"name":"Portada","item":"https:\/\/naenpalabras.net\/wp\/"},{"@type":"ListItem","position":2,"name":"Venezuela, Cuba y Nicaragua condenan agresi\u00f3n criminal de Israel a Ir\u00e1n"}]},{"@type":"WebSite","@id":"https:\/\/naenpalabras.net\/wp\/#website","url":"https:\/\/naenpalabras.net\/wp\/","name":"Nuestra Am\u00e9rica En Palabras","description":"","potentialAction":[{"@type":"SearchAction","target":{"@type":"EntryPoint","urlTemplate":"https:\/\/naenpalabras.net\/wp\/?s={search_term_string}"},"query-input":{"@type":"PropertyValueSpecification","valueRequired":true,"valueName":"search_term_string"}}],"inLanguage":"es"},{"@type":"Person","@id":"https:\/\/naenpalabras.net\/wp\/#\/schema\/person\/2b8dc3b44be009cae3c432096b2fad15","name":"naenp","image":{"@type":"ImageObject","inLanguage":"es","@id":"https:\/\/secure.gravatar.com\/avatar\/ebeb7cc417e6a6b9894cfaca0e864947ba305c2cd77c221b39b90345e02bc3bb?s=96&d=mm&r=g","url":"https:\/\/secure.gravatar.com\/avatar\/ebeb7cc417e6a6b9894cfaca0e864947ba305c2cd77c221b39b90345e02bc3bb?s=96&d=mm&r=g","contentUrl":"https:\/\/secure.gravatar.com\/avatar\/ebeb7cc417e6a6b9894cfaca0e864947ba305c2cd77c221b39b90345e02bc3bb?s=96&d=mm&r=g","caption":"naenp"},"sameAs":["https:\/\/naenpalabras.net\/wp"],"url":"https:\/\/naenpalabras.net\/wp\/author\/admin-2\/"}]}},"_links":{"self":[{"href":"https:\/\/naenpalabras.net\/wp\/wp-json\/wp\/v2\/posts\/3276","targetHints":{"allow":["GET"]}}],"collection":[{"href":"https:\/\/naenpalabras.net\/wp\/wp-json\/wp\/v2\/posts"}],"about":[{"href":"https:\/\/naenpalabras.net\/wp\/wp-json\/wp\/v2\/types\/post"}],"author":[{"embeddable":true,"href":"https:\/\/naenpalabras.net\/wp\/wp-json\/wp\/v2\/users\/2"}],"replies":[{"embeddable":true,"href":"https:\/\/naenpalabras.net\/wp\/wp-json\/wp\/v2\/comments?post=3276"}],"version-history":[{"count":1,"href":"https:\/\/naenpalabras.net\/wp\/wp-json\/wp\/v2\/posts\/3276\/revisions"}],"predecessor-version":[{"id":3278,"href":"https:\/\/naenpalabras.net\/wp\/wp-json\/wp\/v2\/posts\/3276\/revisions\/3278"}],"wp:featuredmedia":[{"embeddable":true,"href":"https:\/\/naenpalabras.net\/wp\/wp-json\/wp\/v2\/media\/3277"}],"wp:attachment":[{"href":"https:\/\/naenpalabras.net\/wp\/wp-json\/wp\/v2\/media?parent=3276"}],"wp:term":[{"taxonomy":"category","embeddable":true,"href":"https:\/\/naenpalabras.net\/wp\/wp-json\/wp\/v2\/categories?post=3276"},{"taxonomy":"post_tag","embeddable":true,"href":"https:\/\/naenpalabras.net\/wp\/wp-json\/wp\/v2\/tags?post=3276"}],"curies":[{"name":"wp","href":"https:\/\/api.w.org\/{rel}","templated":true}]}}