{"id":3003,"date":"2025-05-14T19:53:13","date_gmt":"2025-05-14T23:53:13","guid":{"rendered":"https:\/\/naenpalabras.net\/wp\/?p=3003"},"modified":"2025-05-14T19:53:13","modified_gmt":"2025-05-14T23:53:13","slug":"venezuela-denuncia-silencio-de-onu-ante-abusos-contra-sus-ciudadanos","status":"publish","type":"post","link":"https:\/\/naenpalabras.net\/wp\/2025\/05\/14\/venezuela-denuncia-silencio-de-onu-ante-abusos-contra-sus-ciudadanos\/","title":{"rendered":"Venezuela denuncia silencio de ONU ante abusos contra sus ciudadanos"},"content":{"rendered":"<p class=\"introtext\">Venezuela denuncia la omisi\u00f3n y parcialidad del alto comisionado de la ONU para los DD.HH., Volker T\u00fcrk, ante las graves violaciones cometidas contra venezolanos en el exterior.<\/p>\n<div>\n<p>Mediante un documento emitido este martes, el Ministerio de Asuntos Exteriores de Venezuela conden\u00f3 el silencio c\u00f3mplice del alto comisionado de la ONU para los Derechos Humanos, Volker T\u00fcrk, ante el secuestro de m\u00e1s de 250 venezolanos en El Salvador, quienes permanecen en centros de detenci\u00f3n con condiciones inhumanas. Esta denuncia se produce seis semanas despu\u00e9s de que el presidente Nicol\u00e1s Maduro informara directamente a T\u00fcrk sobre la situaci\u00f3n.<\/p>\n<p>\u201cSu reciente y tibia declaraci\u00f3n evidencia un doble rasero inaceptable: mientras ataca con virulencia a Venezuela, guarda silencio ante los abusos cometidos por gobiernos alineados con intereses hegem\u00f3nicos\u201d, se\u00f1ala la nota.<\/p>\n<p>Es m\u00e1s, a ello se suma\u00a0<a href=\"http:\/\/www.hispantv.com\/noticias\/venezuela\/613884\/denuncian-estados-unidos-secuestro-nina-venezolana\">el caso de Maikelys Antonella Espinoza Bernal<\/a>, una ni\u00f1a venezolana de dos a\u00f1os retenida injustificadamente en Estados Unidos, ante el cual el Alto Comisionado \u201cha guardado un silencio c\u00f3mplice, sin exigir su liberaci\u00f3n ni pronunciarse con claridad\u201d.<\/p>\n<p>&nbsp;<\/p>\n<div data-oembed-url=\"http:\/\/www.hispantv.com\/noticias\/venezuela\/614052\/maduro-sistema-de-onu-colapso-frente-a-violacion-de-ddhh-en-eeuu\">\n<div class=\"oembed\"><a href=\"https:\/\/www.hispantv.com\/noticias\/venezuela\/614052\/maduro-sistema-de-onu-colapso-frente-a-violacion-de-ddhh-en-eeuu\" target=\"_blank\" rel=\"noopener\"><img decoding=\"async\" class=\"thumbnail\" src=\"https:\/\/cdn.hispantv.com\/hispanmedia\/files\/images\/thumbnail\/20250429\/03331124_xl.jpg\" alt=\"Maduro: Sistema de ONU colaps\u00f3 frente a violaci\u00f3n de DDHH en EEUU | HISPANTV\" \/><\/a><\/p>\n<div class=\"title\"><a href=\"https:\/\/www.hispantv.com\/noticias\/venezuela\/614052\/maduro-sistema-de-onu-colapso-frente-a-violacion-de-ddhh-en-eeuu\" target=\"_blank\" rel=\"noopener\">Maduro: Sistema de ONU colaps\u00f3 frente a violaci\u00f3n de DDHH en EEUU | HISPANTV<\/a><\/div>\n<\/div>\n<p><a href=\"https:\/\/www.hispantv.com\/noticias\/venezuela\/614052\/maduro-sistema-de-onu-colapso-frente-a-violacion-de-ddhh-en-eeuu\" target=\"_blank\" rel=\"noopener\">El presidente de Venezuela, Nicol\u00e1s Maduro, cuestiona la incapacidad de las Naciones Unidas ante \u201cviolaci\u00f3n masiva\u201d de DD.HH. contra migrantes por parte de EE.UU.<\/a><\/div>\n<p>&nbsp;<\/p>\n<p>La Canciller\u00eda de Venezuela ha calificado las recientes declaraciones de Volker T\u00fcrk como \u201ctibias\u201d y reveladoras de un \u201cdoble rasero inaceptable\u201d. Asimismo, ha denunciado que, mientras el Alto Comisionado \u201cataca con virulencia a Venezuela\u201d, guarda silencio ante violaciones de derechos humanos perpetradas por gobiernos alineados con intereses hegem\u00f3nicos, insinuando que su verdadera prioridad ser\u00eda \u201cconservar su cargo\u201d antes que defender principios universales.<\/p>\n<p>Previamente, varios de los 200 migrantes venezolanos repatriados desde Honduras denunciaron haber sufrido abusos f\u00edsicos y psicol\u00f3gicos mientras permanec\u00edan bajo custodia del Servicio de Control de Inmigraci\u00f3n y Aduanas de Estados Unidos, antes de su deportaci\u00f3n.<\/p>\n<ul>\n<li><a href=\"https:\/\/www.hispantv.com\/noticias\/venezuela\/612177\/embajador-hispantv-envio-migrantes-eeuu-secuestro\"><strong>Embajador venezolano a HispanTV: env\u00edo de migrantes por EEUU es secuestro<\/strong><\/a><\/li>\n<\/ul>\n<p>El 3 de febrero,\u00a0<a href=\"http:\/\/www.hispantv.com\/noticias\/ee-uu-\/609476\/eeuu-acuerda-deportar-migrantes-criminales\">EE.UU. anunci\u00f3 que El Salvador acept\u00f3 recibir a migrantes deportados por Washington<\/a>, as\u00ed como acoger a personas calificadas como \u201cpeligrosos criminales\u201d encarcelados en Estados Unidos.<\/p>\n<\/div>\n<p><a href=\"https:\/\/www.hispantv.com\/noticias\/venezuela\/614922\/denuncia-silencio-complice-onu\"><strong>Fuente: Hispantv\u00a0<\/strong><\/a><\/p>\n","protected":false},"excerpt":{"rendered":"<p>Venezuela denuncia la omisi\u00f3n y parcialidad del alto comisionado de la ONU para los DD.HH., Volker T\u00fcrk, ante las graves violaciones cometidas contra venezolanos en el exterior. Mediante un documento emitido este martes, el Ministerio de Asuntos Exteriores de Venezuela conden\u00f3 el silencio c\u00f3mplice del alto comisionado de la ONU [&hellip;]<\/p>\n","protected":false},"author":2,"featured_media":3004,"comment_status":"open","ping_status":"closed","sticky":false,"template":"","format":"standard","meta":{"footnotes":""},"categories":[4],"tags":[923,27,44],"class_list":["post-3003","post","type-post","status-publish","format-standard","has-post-thumbnail","hentry","category-noticias","tag-dd-hh","tag-onu","tag-venezuela"],"yoast_head":"<!-- This site is optimized with the Yoast SEO plugin v27.5 - https:\/\/yoast.com\/product\/yoast-seo-wordpress\/ -->\n<title>Venezuela denuncia silencio de ONU ante abusos contra sus ciudadanos - Nuestra Am\u00e9rica En Palabras<\/title>\n<meta name=\"robots\" content=\"index, follow, max-snippet:-1, max-image-preview:large, max-video-preview:-1\" \/>\n<link rel=\"canonical\" href=\"https:\/\/naenpalabras.net\/wp\/2025\/05\/14\/venezuela-denuncia-silencio-de-onu-ante-abusos-contra-sus-ciudadanos\/\" \/>\n<meta property=\"og:locale\" content=\"es_ES\" \/>\n<meta property=\"og:type\" content=\"article\" \/>\n<meta property=\"og:title\" content=\"Venezuela denuncia silencio de ONU ante abusos contra sus ciudadanos - Nuestra Am\u00e9rica En Palabras\" \/>\n<meta property=\"og:description\" content=\"Venezuela denuncia la omisi\u00f3n y parcialidad del alto comisionado de la ONU para los DD.HH., Volker T\u00fcrk, ante las graves violaciones cometidas contra venezolanos en el exterior. Mediante un documento emitido este martes, el Ministerio de Asuntos Exteriores de Venezuela conden\u00f3 el silencio c\u00f3mplice del alto comisionado de la ONU [&hellip;]\" \/>\n<meta property=\"og:url\" content=\"https:\/\/naenpalabras.net\/wp\/2025\/05\/14\/venezuela-denuncia-silencio-de-onu-ante-abusos-contra-sus-ciudadanos\/\" \/>\n<meta property=\"og:site_name\" content=\"Nuestra Am\u00e9rica En Palabras\" \/>\n<meta property=\"article:published_time\" content=\"2025-05-14T23:53:13+00:00\" \/>\n<meta property=\"og:image\" content=\"https:\/\/naenpalabras.net\/wp\/wp-content\/uploads\/2025\/05\/0.jpg\" \/>\n\t<meta property=\"og:image:width\" content=\"880\" \/>\n\t<meta property=\"og:image:height\" content=\"494\" \/>\n\t<meta property=\"og:image:type\" content=\"image\/jpeg\" \/>\n<meta name=\"author\" content=\"naenp\" \/>\n<meta name=\"twitter:card\" content=\"summary_large_image\" \/>\n<meta name=\"twitter:label1\" content=\"Escrito por\" \/>\n\t<meta name=\"twitter:data1\" content=\"naenp\" \/>\n\t<meta name=\"twitter:label2\" content=\"Tiempo estimado de lectura\" \/>\n\t<meta name=\"twitter:data2\" content=\"2 minutos\" \/>\n<script type=\"application\/ld+json\" class=\"yoast-schema-graph\">{\"@context\":\"https:\\\/\\\/schema.org\",\"@graph\":[{\"@type\":\"Article\",\"@id\":\"https:\\\/\\\/naenpalabras.net\\\/wp\\\/2025\\\/05\\\/14\\\/venezuela-denuncia-silencio-de-onu-ante-abusos-contra-sus-ciudadanos\\\/#article\",\"isPartOf\":{\"@id\":\"https:\\\/\\\/naenpalabras.net\\\/wp\\\/2025\\\/05\\\/14\\\/venezuela-denuncia-silencio-de-onu-ante-abusos-contra-sus-ciudadanos\\\/\"},\"author\":{\"name\":\"naenp\",\"@id\":\"https:\\\/\\\/naenpalabras.net\\\/wp\\\/#\\\/schema\\\/person\\\/2b8dc3b44be009cae3c432096b2fad15\"},\"headline\":\"Venezuela denuncia silencio de ONU ante abusos contra sus ciudadanos\",\"datePublished\":\"2025-05-14T23:53:13+00:00\",\"mainEntityOfPage\":{\"@id\":\"https:\\\/\\\/naenpalabras.net\\\/wp\\\/2025\\\/05\\\/14\\\/venezuela-denuncia-silencio-de-onu-ante-abusos-contra-sus-ciudadanos\\\/\"},\"wordCount\":391,\"commentCount\":0,\"image\":{\"@id\":\"https:\\\/\\\/naenpalabras.net\\\/wp\\\/2025\\\/05\\\/14\\\/venezuela-denuncia-silencio-de-onu-ante-abusos-contra-sus-ciudadanos\\\/#primaryimage\"},\"thumbnailUrl\":\"https:\\\/\\\/naenpalabras.net\\\/wp\\\/wp-content\\\/uploads\\\/2025\\\/05\\\/0.jpg\",\"keywords\":[\"DD.HH\",\"ONU\",\"Venezuela\"],\"articleSection\":[\"Noticias\"],\"inLanguage\":\"es\",\"potentialAction\":[{\"@type\":\"CommentAction\",\"name\":\"Comment\",\"target\":[\"https:\\\/\\\/naenpalabras.net\\\/wp\\\/2025\\\/05\\\/14\\\/venezuela-denuncia-silencio-de-onu-ante-abusos-contra-sus-ciudadanos\\\/#respond\"]}]},{\"@type\":\"WebPage\",\"@id\":\"https:\\\/\\\/naenpalabras.net\\\/wp\\\/2025\\\/05\\\/14\\\/venezuela-denuncia-silencio-de-onu-ante-abusos-contra-sus-ciudadanos\\\/\",\"url\":\"https:\\\/\\\/naenpalabras.net\\\/wp\\\/2025\\\/05\\\/14\\\/venezuela-denuncia-silencio-de-onu-ante-abusos-contra-sus-ciudadanos\\\/\",\"name\":\"Venezuela denuncia silencio de ONU ante abusos contra sus ciudadanos - Nuestra Am\u00e9rica En Palabras\",\"isPartOf\":{\"@id\":\"https:\\\/\\\/naenpalabras.net\\\/wp\\\/#website\"},\"primaryImageOfPage\":{\"@id\":\"https:\\\/\\\/naenpalabras.net\\\/wp\\\/2025\\\/05\\\/14\\\/venezuela-denuncia-silencio-de-onu-ante-abusos-contra-sus-ciudadanos\\\/#primaryimage\"},\"image\":{\"@id\":\"https:\\\/\\\/naenpalabras.net\\\/wp\\\/2025\\\/05\\\/14\\\/venezuela-denuncia-silencio-de-onu-ante-abusos-contra-sus-ciudadanos\\\/#primaryimage\"},\"thumbnailUrl\":\"https:\\\/\\\/naenpalabras.net\\\/wp\\\/wp-content\\\/uploads\\\/2025\\\/05\\\/0.jpg\",\"datePublished\":\"2025-05-14T23:53:13+00:00\",\"author\":{\"@id\":\"https:\\\/\\\/naenpalabras.net\\\/wp\\\/#\\\/schema\\\/person\\\/2b8dc3b44be009cae3c432096b2fad15\"},\"breadcrumb\":{\"@id\":\"https:\\\/\\\/naenpalabras.net\\\/wp\\\/2025\\\/05\\\/14\\\/venezuela-denuncia-silencio-de-onu-ante-abusos-contra-sus-ciudadanos\\\/#breadcrumb\"},\"inLanguage\":\"es\",\"potentialAction\":[{\"@type\":\"ReadAction\",\"target\":[\"https:\\\/\\\/naenpalabras.net\\\/wp\\\/2025\\\/05\\\/14\\\/venezuela-denuncia-silencio-de-onu-ante-abusos-contra-sus-ciudadanos\\\/\"]}]},{\"@type\":\"ImageObject\",\"inLanguage\":\"es\",\"@id\":\"https:\\\/\\\/naenpalabras.net\\\/wp\\\/2025\\\/05\\\/14\\\/venezuela-denuncia-silencio-de-onu-ante-abusos-contra-sus-ciudadanos\\\/#primaryimage\",\"url\":\"https:\\\/\\\/naenpalabras.net\\\/wp\\\/wp-content\\\/uploads\\\/2025\\\/05\\\/0.jpg\",\"contentUrl\":\"https:\\\/\\\/naenpalabras.net\\\/wp\\\/wp-content\\\/uploads\\\/2025\\\/05\\\/0.jpg\",\"width\":880,\"height\":494},{\"@type\":\"BreadcrumbList\",\"@id\":\"https:\\\/\\\/naenpalabras.net\\\/wp\\\/2025\\\/05\\\/14\\\/venezuela-denuncia-silencio-de-onu-ante-abusos-contra-sus-ciudadanos\\\/#breadcrumb\",\"itemListElement\":[{\"@type\":\"ListItem\",\"position\":1,\"name\":\"Portada\",\"item\":\"https:\\\/\\\/naenpalabras.net\\\/wp\\\/\"},{\"@type\":\"ListItem\",\"position\":2,\"name\":\"Venezuela denuncia silencio de ONU ante abusos contra sus ciudadanos\"}]},{\"@type\":\"WebSite\",\"@id\":\"https:\\\/\\\/naenpalabras.net\\\/wp\\\/#website\",\"url\":\"https:\\\/\\\/naenpalabras.net\\\/wp\\\/\",\"name\":\"Nuestra Am\u00e9rica En Palabras\",\"description\":\"\",\"potentialAction\":[{\"@type\":\"SearchAction\",\"target\":{\"@type\":\"EntryPoint\",\"urlTemplate\":\"https:\\\/\\\/naenpalabras.net\\\/wp\\\/?s={search_term_string}\"},\"query-input\":{\"@type\":\"PropertyValueSpecification\",\"valueRequired\":true,\"valueName\":\"search_term_string\"}}],\"inLanguage\":\"es\"},{\"@type\":\"Person\",\"@id\":\"https:\\\/\\\/naenpalabras.net\\\/wp\\\/#\\\/schema\\\/person\\\/2b8dc3b44be009cae3c432096b2fad15\",\"name\":\"naenp\",\"image\":{\"@type\":\"ImageObject\",\"inLanguage\":\"es\",\"@id\":\"https:\\\/\\\/secure.gravatar.com\\\/avatar\\\/ebeb7cc417e6a6b9894cfaca0e864947ba305c2cd77c221b39b90345e02bc3bb?s=96&d=mm&r=g\",\"url\":\"https:\\\/\\\/secure.gravatar.com\\\/avatar\\\/ebeb7cc417e6a6b9894cfaca0e864947ba305c2cd77c221b39b90345e02bc3bb?s=96&d=mm&r=g\",\"contentUrl\":\"https:\\\/\\\/secure.gravatar.com\\\/avatar\\\/ebeb7cc417e6a6b9894cfaca0e864947ba305c2cd77c221b39b90345e02bc3bb?s=96&d=mm&r=g\",\"caption\":\"naenp\"},\"sameAs\":[\"https:\\\/\\\/naenpalabras.net\\\/wp\"],\"url\":\"https:\\\/\\\/naenpalabras.net\\\/wp\\\/author\\\/admin-2\\\/\"}]}<\/script>\n<!-- \/ Yoast SEO plugin. -->","yoast_head_json":{"title":"Venezuela denuncia silencio de ONU ante abusos contra sus ciudadanos - Nuestra Am\u00e9rica En Palabras","robots":{"index":"index","follow":"follow","max-snippet":"max-snippet:-1","max-image-preview":"max-image-preview:large","max-video-preview":"max-video-preview:-1"},"canonical":"https:\/\/naenpalabras.net\/wp\/2025\/05\/14\/venezuela-denuncia-silencio-de-onu-ante-abusos-contra-sus-ciudadanos\/","og_locale":"es_ES","og_type":"article","og_title":"Venezuela denuncia silencio de ONU ante abusos contra sus ciudadanos - Nuestra Am\u00e9rica En Palabras","og_description":"Venezuela denuncia la omisi\u00f3n y parcialidad del alto comisionado de la ONU para los DD.HH., Volker T\u00fcrk, ante las graves violaciones cometidas contra venezolanos en el exterior. Mediante un documento emitido este martes, el Ministerio de Asuntos Exteriores de Venezuela conden\u00f3 el silencio c\u00f3mplice del alto comisionado de la ONU [&hellip;]","og_url":"https:\/\/naenpalabras.net\/wp\/2025\/05\/14\/venezuela-denuncia-silencio-de-onu-ante-abusos-contra-sus-ciudadanos\/","og_site_name":"Nuestra Am\u00e9rica En Palabras","article_published_time":"2025-05-14T23:53:13+00:00","og_image":[{"width":880,"height":494,"url":"https:\/\/naenpalabras.net\/wp\/wp-content\/uploads\/2025\/05\/0.jpg","type":"image\/jpeg"}],"author":"naenp","twitter_card":"summary_large_image","twitter_misc":{"Escrito por":"naenp","Tiempo estimado de lectura":"2 minutos"},"schema":{"@context":"https:\/\/schema.org","@graph":[{"@type":"Article","@id":"https:\/\/naenpalabras.net\/wp\/2025\/05\/14\/venezuela-denuncia-silencio-de-onu-ante-abusos-contra-sus-ciudadanos\/#article","isPartOf":{"@id":"https:\/\/naenpalabras.net\/wp\/2025\/05\/14\/venezuela-denuncia-silencio-de-onu-ante-abusos-contra-sus-ciudadanos\/"},"author":{"name":"naenp","@id":"https:\/\/naenpalabras.net\/wp\/#\/schema\/person\/2b8dc3b44be009cae3c432096b2fad15"},"headline":"Venezuela denuncia silencio de ONU ante abusos contra sus ciudadanos","datePublished":"2025-05-14T23:53:13+00:00","mainEntityOfPage":{"@id":"https:\/\/naenpalabras.net\/wp\/2025\/05\/14\/venezuela-denuncia-silencio-de-onu-ante-abusos-contra-sus-ciudadanos\/"},"wordCount":391,"commentCount":0,"image":{"@id":"https:\/\/naenpalabras.net\/wp\/2025\/05\/14\/venezuela-denuncia-silencio-de-onu-ante-abusos-contra-sus-ciudadanos\/#primaryimage"},"thumbnailUrl":"https:\/\/naenpalabras.net\/wp\/wp-content\/uploads\/2025\/05\/0.jpg","keywords":["DD.HH","ONU","Venezuela"],"articleSection":["Noticias"],"inLanguage":"es","potentialAction":[{"@type":"CommentAction","name":"Comment","target":["https:\/\/naenpalabras.net\/wp\/2025\/05\/14\/venezuela-denuncia-silencio-de-onu-ante-abusos-contra-sus-ciudadanos\/#respond"]}]},{"@type":"WebPage","@id":"https:\/\/naenpalabras.net\/wp\/2025\/05\/14\/venezuela-denuncia-silencio-de-onu-ante-abusos-contra-sus-ciudadanos\/","url":"https:\/\/naenpalabras.net\/wp\/2025\/05\/14\/venezuela-denuncia-silencio-de-onu-ante-abusos-contra-sus-ciudadanos\/","name":"Venezuela denuncia silencio de ONU ante abusos contra sus ciudadanos - Nuestra Am\u00e9rica En Palabras","isPartOf":{"@id":"https:\/\/naenpalabras.net\/wp\/#website"},"primaryImageOfPage":{"@id":"https:\/\/naenpalabras.net\/wp\/2025\/05\/14\/venezuela-denuncia-silencio-de-onu-ante-abusos-contra-sus-ciudadanos\/#primaryimage"},"image":{"@id":"https:\/\/naenpalabras.net\/wp\/2025\/05\/14\/venezuela-denuncia-silencio-de-onu-ante-abusos-contra-sus-ciudadanos\/#primaryimage"},"thumbnailUrl":"https:\/\/naenpalabras.net\/wp\/wp-content\/uploads\/2025\/05\/0.jpg","datePublished":"2025-05-14T23:53:13+00:00","author":{"@id":"https:\/\/naenpalabras.net\/wp\/#\/schema\/person\/2b8dc3b44be009cae3c432096b2fad15"},"breadcrumb":{"@id":"https:\/\/naenpalabras.net\/wp\/2025\/05\/14\/venezuela-denuncia-silencio-de-onu-ante-abusos-contra-sus-ciudadanos\/#breadcrumb"},"inLanguage":"es","potentialAction":[{"@type":"ReadAction","target":["https:\/\/naenpalabras.net\/wp\/2025\/05\/14\/venezuela-denuncia-silencio-de-onu-ante-abusos-contra-sus-ciudadanos\/"]}]},{"@type":"ImageObject","inLanguage":"es","@id":"https:\/\/naenpalabras.net\/wp\/2025\/05\/14\/venezuela-denuncia-silencio-de-onu-ante-abusos-contra-sus-ciudadanos\/#primaryimage","url":"https:\/\/naenpalabras.net\/wp\/wp-content\/uploads\/2025\/05\/0.jpg","contentUrl":"https:\/\/naenpalabras.net\/wp\/wp-content\/uploads\/2025\/05\/0.jpg","width":880,"height":494},{"@type":"BreadcrumbList","@id":"https:\/\/naenpalabras.net\/wp\/2025\/05\/14\/venezuela-denuncia-silencio-de-onu-ante-abusos-contra-sus-ciudadanos\/#breadcrumb","itemListElement":[{"@type":"ListItem","position":1,"name":"Portada","item":"https:\/\/naenpalabras.net\/wp\/"},{"@type":"ListItem","position":2,"name":"Venezuela denuncia silencio de ONU ante abusos contra sus ciudadanos"}]},{"@type":"WebSite","@id":"https:\/\/naenpalabras.net\/wp\/#website","url":"https:\/\/naenpalabras.net\/wp\/","name":"Nuestra Am\u00e9rica En Palabras","description":"","potentialAction":[{"@type":"SearchAction","target":{"@type":"EntryPoint","urlTemplate":"https:\/\/naenpalabras.net\/wp\/?s={search_term_string}"},"query-input":{"@type":"PropertyValueSpecification","valueRequired":true,"valueName":"search_term_string"}}],"inLanguage":"es"},{"@type":"Person","@id":"https:\/\/naenpalabras.net\/wp\/#\/schema\/person\/2b8dc3b44be009cae3c432096b2fad15","name":"naenp","image":{"@type":"ImageObject","inLanguage":"es","@id":"https:\/\/secure.gravatar.com\/avatar\/ebeb7cc417e6a6b9894cfaca0e864947ba305c2cd77c221b39b90345e02bc3bb?s=96&d=mm&r=g","url":"https:\/\/secure.gravatar.com\/avatar\/ebeb7cc417e6a6b9894cfaca0e864947ba305c2cd77c221b39b90345e02bc3bb?s=96&d=mm&r=g","contentUrl":"https:\/\/secure.gravatar.com\/avatar\/ebeb7cc417e6a6b9894cfaca0e864947ba305c2cd77c221b39b90345e02bc3bb?s=96&d=mm&r=g","caption":"naenp"},"sameAs":["https:\/\/naenpalabras.net\/wp"],"url":"https:\/\/naenpalabras.net\/wp\/author\/admin-2\/"}]}},"_links":{"self":[{"href":"https:\/\/naenpalabras.net\/wp\/wp-json\/wp\/v2\/posts\/3003","targetHints":{"allow":["GET"]}}],"collection":[{"href":"https:\/\/naenpalabras.net\/wp\/wp-json\/wp\/v2\/posts"}],"about":[{"href":"https:\/\/naenpalabras.net\/wp\/wp-json\/wp\/v2\/types\/post"}],"author":[{"embeddable":true,"href":"https:\/\/naenpalabras.net\/wp\/wp-json\/wp\/v2\/users\/2"}],"replies":[{"embeddable":true,"href":"https:\/\/naenpalabras.net\/wp\/wp-json\/wp\/v2\/comments?post=3003"}],"version-history":[{"count":1,"href":"https:\/\/naenpalabras.net\/wp\/wp-json\/wp\/v2\/posts\/3003\/revisions"}],"predecessor-version":[{"id":3005,"href":"https:\/\/naenpalabras.net\/wp\/wp-json\/wp\/v2\/posts\/3003\/revisions\/3005"}],"wp:featuredmedia":[{"embeddable":true,"href":"https:\/\/naenpalabras.net\/wp\/wp-json\/wp\/v2\/media\/3004"}],"wp:attachment":[{"href":"https:\/\/naenpalabras.net\/wp\/wp-json\/wp\/v2\/media?parent=3003"}],"wp:term":[{"taxonomy":"category","embeddable":true,"href":"https:\/\/naenpalabras.net\/wp\/wp-json\/wp\/v2\/categories?post=3003"},{"taxonomy":"post_tag","embeddable":true,"href":"https:\/\/naenpalabras.net\/wp\/wp-json\/wp\/v2\/tags?post=3003"}],"curies":[{"name":"wp","href":"https:\/\/api.w.org\/{rel}","templated":true}]}}