{"id":2956,"date":"2025-05-11T10:58:30","date_gmt":"2025-05-11T14:58:30","guid":{"rendered":"https:\/\/naenpalabras.net\/wp\/?p=2956"},"modified":"2025-05-11T10:58:30","modified_gmt":"2025-05-11T14:58:30","slug":"explotacion-petrolera-en-colombia-mas-alla-de-la-retorica-ambientalista","status":"publish","type":"post","link":"https:\/\/naenpalabras.net\/wp\/2025\/05\/11\/explotacion-petrolera-en-colombia-mas-alla-de-la-retorica-ambientalista\/","title":{"rendered":"Explotaci\u00f3n petrolera en Colombia \u00a1M\u00e1s all\u00e1 de la ret\u00f3rica ambientalista!"},"content":{"rendered":"<p>La explotaci\u00f3n de combustibles f\u00f3siles ha sido el motor de la industria moderna capitalista, que hoy, toma un car\u00e1cter transnacional determinando la pol\u00edtica de los estados y la suerte de los pueblos. A pesar que en el mundo se desarrolla un debate importante sobre los efectos nocivos para el medio ambiente de la energ\u00eda proveniente de la materia f\u00f3sil, desde la primera conferencia sobre el medio ambiente liderada por Naciones Unidas en 1972 en Estocolmo -Suecia, a\u00fan hoy su predominio en la canasta energ\u00e9tica mundial es preponderante.<\/p>\n<p>Esta din\u00e1mica de explotaci\u00f3n es necesaria para mantener el incesante proceso de acumulaci\u00f3n de capital que demanda cada vez m\u00e1s consumo de energ\u00eda.\u00a0<strong>Seg\u00fan la\u00a0<\/strong><strong>International Energy Agency IEA (2023) el aumento en el consumo de energ\u00eda mundial seguir\u00e1 liderado por China, que al 2050 consumir\u00e1 195,4 Billones de Unidades T\u00e9rmicas (BTU).<\/strong>\u00a0Si bien, Estados Unidos incrementar\u00e1 su consumo en 6,3% al 2050, ser\u00e1 superado por India que acumular\u00e1 un crecimiento 188,1% en su consumo de energ\u00eda mundial. \u00a0<strong>As\u00ed, el consumo energ\u00e9tico seguir\u00e1 apalancado con la producci\u00f3n de petr\u00f3leo, que para el 2050 llegar\u00e1 a los 92,7 millones de barriles diarios, es decir, un incremento del 14,1% con relaci\u00f3n al 2025<\/strong>. De esta manera, seguir\u00e1n marcando la din\u00e1mica del mercado petrolero, Medio Oriente, con Arabia Saud\u00ed a la cabeza, Estados Unidos y Rusia, que copar\u00e1n el 55,9% del mercado mundial a 2050, lo cual incrementar\u00e1 las emisiones de di\u00f3xido de carbono en un 14,8%.<\/p>\n<h4><strong>La ca\u00edda de la retorica ambientalista<\/strong><\/h4>\n<p>As\u00ed las cosas, la ret\u00f3rica ambientalista de las potencias mundiales se cae de su pedestal y aterriza en\u00a0<strong>la<\/strong>\u00a0<strong>din\u00e1mica de acumulaci\u00f3n que demanda cada vez m\u00e1s petr\u00f3leo, sin importar el deterioro ambiental<\/strong>. Por ello, cobra sentido que en la rapi\u00f1a inter-imperialista, liderada por Trump, se ponga en el orden del d\u00eda la apropiaci\u00f3n de los recursos naturales del territorio aut\u00f3nomo de Dinamarca.<\/p>\n<p><a class=\"td-modal-image\" href=\"https:\/\/trochandosinfronteras.info\/\/wp-content\/uploads\/2025\/05\/groenlandia.png\" target=\"_blank\" rel=\"external noopener noreferrer\" data-wpel-link=\"external\"><img fetchpriority=\"high\" decoding=\"async\" class=\"aligncenter size-full wp-image-21037 td-animation-stack-type0-2\" src=\"https:\/\/trochandosinfronteras.info\/\/wp-content\/uploads\/2025\/05\/groenlandia.png\" sizes=\"(max-width: 589px) 100vw, 589px\" srcset=\"https:\/\/trochandosinfronteras.info\/\/wp-content\/uploads\/2025\/05\/groenlandia.png 589w, https:\/\/trochandosinfronteras.info\/\/wp-content\/uploads\/2025\/05\/groenlandia-150x84.png 150w, https:\/\/trochandosinfronteras.info\/\/wp-content\/uploads\/2025\/05\/groenlandia-300x169.png 300w\" alt=\"\" width=\"589\" height=\"331\" \/><\/a><\/p>\n<p>M\u00e1s conocido como Groenlandia, que se estima tiene 28.430 millones de barriles de petr\u00f3leo (GEUS, 2024), adem\u00e1s de minerales importantes para la industria de la transici\u00f3n energ\u00e9tica. Por si fuera poco, la administraci\u00f3n Trump anunci\u00f3 que los proyectos de explotaci\u00f3n petrolera por medio del cuestionado\u00a0<em>fracking<\/em>\u00a0seguir\u00e1n profundiz\u00e1ndose en todo el territorio estadounidense, en donde ya incursion\u00f3 la empresa estatal colombiana Ecopetrol S.A., espec\u00edficamente en la cuenca de Permian Basin (Estados Unidos), cuya producci\u00f3n, a 2024, creci\u00f3 un 41,3% (La Rep\u00fablica, 2025).<\/p>\n<p>Por su parte la Inversi\u00f3n Extranjera Directa -IED- que ha llegado al sector petrolero de la econom\u00eda colombiana, entre 2023 y 2024, sum\u00f3 $5.298 millones de d\u00f3lares, representando el 17,1% del total (Banco de la Rep\u00fablica, 2024).\u00a0<strong>Esto permiti\u00f3 mantener la explotaci\u00f3n de petr\u00f3leo en 759.149 millones de barriles diarios<\/strong>, la perforaci\u00f3n de 41 pozos y regal\u00edas por $6,6 billones de pesos (ANH, 2023).<\/p>\n<p>En l\u00ednea con lo planteado anteriormente,\u00a0<strong>ECOPETROL S.A., es la principal empresa del sector controlando cerca de los \u00be de la producci\u00f3n nacional<\/strong>. Sin embargo, poco o nada se informa en las agencias gubernamentales sobre las ganancias netas de las petroleras multinacionales, que controlan \u00bc de la producci\u00f3n (ANH, 2023).<\/p>\n<p>Es decir, la l\u00f3gica de explotaci\u00f3n de este recurso natural, sigue estando a la orden del d\u00eda de la econom\u00eda colombiana, mientras en la ret\u00f3rica del \u201cgobierno del cambio\u201d se apuesta por el cuidado del medio ambiente llamando a que ECOPETROL se ponga a la vanguardia de la generaci\u00f3n y transmisi\u00f3n de energ\u00edas limpias en toda Am\u00e9rica Latina haciendo inversiones en infraestructura para la telecomunicaci\u00f3n de inteligencia artificial a todo el mundo, donde ISA resultar\u00e1 determinante. Sin embargo, el Gobierno guarda silencio frente a la recuperaci\u00f3n del 10% de ECOPETROL que privatiz\u00f3 Uribe o del 20% de las acciones de ISA que controlan las Administradoras de Fondos de Pensiones -AFP- (ISA, 2024). Esta misma suerte corre el hecho de que multinacionales como Geopark, SierraCol, Parex y Frontera Energy, controlen alrededor del 21% de la explotaci\u00f3n de petr\u00f3leo (ANH, 2023).<\/p>\n<p>Por eso debe quedar claro que el\u00a0<strong>Estado es propietario de los recursos petroleros y en consecuencia tiene sobre los mismos el uso, goce y disposici\u00f3n exclusivamente.<\/strong>\u00a0De esta forma, la propiedad de los mismos le es inembargable, imprescriptible e inalienable, adem\u00e1s de\u00a0<strong>recuperar la soberan\u00eda de un recurso que resulta determinante para el bienestar social de largo plazo<\/strong>. En funci\u00f3n de este principio, es que como movimiento proponemos que el Estado colombiano debe fortalecer a ECOPETROL para que promueva:<\/p>\n<p>&nbsp;<\/p>\n<ol type=\"A,\">\n<li>La adquisici\u00f3n de tecnolog\u00eda como pol\u00edtica de fortalecimiento de la industria petrolera. El Estado como propietario de los minerales y como responsable de toda su cadena industrial la desarrollar\u00e1 utilizando, perfeccionando, actualizando e innovando su tecnolog\u00eda hac\u00eda un proceso de diversificaci\u00f3n de su cesta energ\u00e9tica y la utilizaci\u00f3n de energ\u00edas limpias. Con este prop\u00f3sito, articulado a la empresa estatal, tendr\u00e1 una rama dirigida a la investigaci\u00f3n aplicada a la industria en todas sus ramas, de tal manera que permita encadenamientos productivos con otros sectores como el agroindustrial.<\/li>\n<li>La Participaci\u00f3n social en el desarrollo de la pol\u00edtica petrolera colombiana. Por ser la industria minero-energ\u00e9tica pilar del desarrollo social y econ\u00f3mico del pa\u00eds, los trabajadores tendr\u00e1n participaci\u00f3n en la formaci\u00f3n, estructuraci\u00f3n y desarrollo de los planes e investigaci\u00f3n y control de las pol\u00edticas de la industria, desde el Consejo Nacional Minero, que funcionar\u00e1 para tal fin. As\u00ed mismo, desde las consultas populares su decisi\u00f3n ser\u00e1 vinculante a nivel municipal y departamental. Adem\u00e1s, en la ECOPETROL los trabajadores, \u00e9stos tendr\u00e1n una participaci\u00f3n activa en los \u00f3rganos de decisi\u00f3n estrat\u00e9gica.<\/li>\n<li>La planificaci\u00f3n del desarrollo de la industria petrolera tendr\u00e1 un instrumento para prever los impactos sociales y ambientales. En tal sentido, la planificaci\u00f3n de los proyectos deber\u00e1 garantizar la articulaci\u00f3n de los sectores populares en aras de mitigar estos impactos y los mecanismos de realizaci\u00f3n. En aplicaci\u00f3n de este principio, previamente deber\u00e1n desarrollarse las consultas populares, las cuales ser\u00e1n publicitadas con anticipaci\u00f3n, y hasta que se realicen y formalicen los acuerdos no se podr\u00e1n iniciar las obras. En funci\u00f3n de este principio, y con base en los estudios existentes y los que complementen, se establecer\u00e1n zonas de exclusi\u00f3n, de restricci\u00f3n, de reserva forestal e h\u00eddricas y culturales, y vertimientos cero. As\u00ed mismo, la industria deber\u00e1 contar con licencias ambientales para cada una de sus actividades.<\/li>\n<\/ol>\n<p>Esto se viabilizar\u00e1 mediante el dise\u00f1o y ejecuci\u00f3n de esquemas diferenciados de asociaci\u00f3n y explotaci\u00f3n de acuerdo a la escala potencial de los recursos, a los grados de desarrollo de las fuerzas productivas, a las ofertas tecnol\u00f3gicas y a las relaciones sociales a implementar en cada caso. De esta forma, ECOPETROL deber\u00e1 fusionarse con ISA, y las dem\u00e1s que le sean competentes para conformar un Grupo Empresarial Estatal -GEE- que planifique la explotaci\u00f3n de recurso petrolero, minero y energ\u00e9tico de la Naci\u00f3n, permitiendo que la clase popular, pueda definir sus pol\u00edticas estrat\u00e9gicas teniendo en cuenta el desarrollo de productivo integral y el bienestar com\u00fan.<\/p>\n<p>Por \u00faltimo, la incitativa de un GEE no implica por s\u00ed misma una transformaci\u00f3n de las relaciones sociales imperantes, de aqu\u00ed que la iniciativa se deba acompa\u00f1ar siempre de la gesti\u00f3n popular, esto es que los proletarios urbanos y rurales puedan incidir en las decisiones estrat\u00e9gicas y su implementaci\u00f3n en funci\u00f3n de darle soluci\u00f3n a los problemas estructurales de la sociedad colombiana que detonaron el estallido social del 2021 y que siguen pendientes de resolver.<\/p>\n<pre><strong>Referencias<\/strong><\/pre>\n<p>Agencia Nacional de Hidrocarburos -ANH-.\u00a0<em>Datos y Estad\u00edsticas<\/em>.\u00a0<a href=\"https:\/\/www.anh.gov.co\/es\/operaciones-y-regal%C3%ADas\/datos-y-estadisticas\/\" target=\"_blank\" rel=\"external noopener noreferrer\" data-wpel-link=\"external\">https:\/\/www.anh.gov.co\/es\/operaciones-y-regal%C3%ADas\/datos-y-estadisticas\/<\/a><\/p>\n<p>Energy International Agency -EIA-. (2023).\u00a0<em>International energy outlook 2020-2050<\/em>.\u00a0<a href=\"https:\/\/www.eia.gov\/outlooks\/ieo\/data.php\" target=\"_blank\" rel=\"external noopener noreferrer\" data-wpel-link=\"external\">https:\/\/www.eia.gov\/outlooks\/ieo\/data.php<\/a><\/p>\n<p>Banco de la Rep\u00fablica. (2024). IED total y por actividad econ\u00f3mica. \u00a0<a href=\"https:\/\/suameca.banrep.gov.co\/estadisticas-economicas\" target=\"_blank\" rel=\"external noopener noreferrer\" data-wpel-link=\"external\">https:\/\/suameca.banrep.gov.co\/estadisticas-economicas<\/a><\/p>\n<p>Geological Survey of Denmark and Greenland -GEUS-. (2024).\u00a0<em>Oil and gas<\/em>.\u00a0<a href=\"https:\/\/eng.geus.dk\/\" target=\"_blank\" rel=\"external noopener noreferrer\" data-wpel-link=\"external\">https:\/\/eng.geus.dk\/<\/a><\/p>\n<p>Interconexi\u00f3n El\u00e9ctrica -ISA-.(2024).\u00a0<em>Estructura Societaria<\/em>.\u00a0<a href=\"https:\/\/www.isa.co\/es\/grupo-isa\/estructura-societaria\/\" target=\"_blank\" rel=\"external noopener noreferrer\" data-wpel-link=\"external\">https:\/\/www.isa.co\/es\/grupo-isa\/estructura-societaria\/<\/a><\/p>\n<p>La Rep\u00fablica. (2025).\u00a0<em>El fracking en EE.UU. fue 12,29% de la producci\u00f3n del cuarto trimestre para Ecopetrol<\/em>.\u00a0<a href=\"https:\/\/www.larepublica.co\/economia\/operacion-de-fracking-en-ee-uu-de-ecopetrol-produjo-89-600-barriles-diarios-en-el-cuarto-trimestre-4078200\" target=\"_blank\" rel=\"external noopener noreferrer\" data-wpel-link=\"external\">https:\/\/www.larepublica.co\/economia\/operacion-de-fracking-en-ee-uu-de-ecopetrol-produjo-89-600-barriles-diarios-en-el-cuarto-trimestre-4078200<\/a><\/p>\n<p>&nbsp;<\/p>\n<p><a href=\"https:\/\/hueleaazufre.com\/wordpress_a\/index.php\/2025\/05\/09\/explotacion-petrolera-en-colombia-mas-alla-de-la-retorica-ambientalista\/\"><strong>Fuente: Huele a azufre\u00a0<\/strong><\/a><\/p>\n","protected":false},"excerpt":{"rendered":"<p>La explotaci\u00f3n de combustibles f\u00f3siles ha sido el motor de la industria moderna capitalista, que hoy, toma un car\u00e1cter transnacional determinando la pol\u00edtica de los estados y la suerte de los pueblos. A pesar que en el mundo se desarrolla un debate importante sobre los efectos nocivos para el medio [&hellip;]<\/p>\n","protected":false},"author":2,"featured_media":2958,"comment_status":"open","ping_status":"closed","sticky":false,"template":"","format":"standard","meta":{"footnotes":""},"categories":[8],"tags":[914,17,31],"class_list":["post-2956","post","type-post","status-publish","format-standard","has-post-thumbnail","hentry","category-huele-a-azufre","tag-ambientalista","tag-colombia","tag-ee-uu"],"yoast_head":"<!-- This site is optimized with the Yoast SEO plugin v27.5 - https:\/\/yoast.com\/product\/yoast-seo-wordpress\/ -->\n<title>Explotaci\u00f3n petrolera en Colombia \u00a1M\u00e1s all\u00e1 de la ret\u00f3rica ambientalista! - Nuestra Am\u00e9rica En Palabras<\/title>\n<meta name=\"robots\" content=\"index, follow, max-snippet:-1, max-image-preview:large, max-video-preview:-1\" \/>\n<link rel=\"canonical\" href=\"https:\/\/naenpalabras.net\/wp\/2025\/05\/11\/explotacion-petrolera-en-colombia-mas-alla-de-la-retorica-ambientalista\/\" \/>\n<meta property=\"og:locale\" content=\"es_ES\" \/>\n<meta property=\"og:type\" content=\"article\" \/>\n<meta property=\"og:title\" content=\"Explotaci\u00f3n petrolera en Colombia \u00a1M\u00e1s all\u00e1 de la ret\u00f3rica ambientalista! - Nuestra Am\u00e9rica En Palabras\" \/>\n<meta property=\"og:description\" content=\"La explotaci\u00f3n de combustibles f\u00f3siles ha sido el motor de la industria moderna capitalista, que hoy, toma un car\u00e1cter transnacional determinando la pol\u00edtica de los estados y la suerte de los pueblos. A pesar que en el mundo se desarrolla un debate importante sobre los efectos nocivos para el medio [&hellip;]\" \/>\n<meta property=\"og:url\" content=\"https:\/\/naenpalabras.net\/wp\/2025\/05\/11\/explotacion-petrolera-en-colombia-mas-alla-de-la-retorica-ambientalista\/\" \/>\n<meta property=\"og:site_name\" content=\"Nuestra Am\u00e9rica En Palabras\" \/>\n<meta property=\"article:published_time\" content=\"2025-05-11T14:58:30+00:00\" \/>\n<meta property=\"og:image\" content=\"https:\/\/naenpalabras.net\/wp\/wp-content\/uploads\/2025\/05\/3a-3.webp\" \/>\n\t<meta property=\"og:image:width\" content=\"800\" \/>\n\t<meta property=\"og:image:height\" content=\"536\" \/>\n\t<meta property=\"og:image:type\" content=\"image\/webp\" \/>\n<meta name=\"author\" content=\"naenp\" \/>\n<meta name=\"twitter:card\" content=\"summary_large_image\" \/>\n<meta name=\"twitter:label1\" content=\"Escrito por\" \/>\n\t<meta name=\"twitter:data1\" content=\"naenp\" \/>\n\t<meta name=\"twitter:label2\" content=\"Tiempo estimado de lectura\" \/>\n\t<meta name=\"twitter:data2\" content=\"7 minutos\" \/>\n<script type=\"application\/ld+json\" class=\"yoast-schema-graph\">{\"@context\":\"https:\\\/\\\/schema.org\",\"@graph\":[{\"@type\":\"Article\",\"@id\":\"https:\\\/\\\/naenpalabras.net\\\/wp\\\/2025\\\/05\\\/11\\\/explotacion-petrolera-en-colombia-mas-alla-de-la-retorica-ambientalista\\\/#article\",\"isPartOf\":{\"@id\":\"https:\\\/\\\/naenpalabras.net\\\/wp\\\/2025\\\/05\\\/11\\\/explotacion-petrolera-en-colombia-mas-alla-de-la-retorica-ambientalista\\\/\"},\"author\":{\"name\":\"naenp\",\"@id\":\"https:\\\/\\\/naenpalabras.net\\\/wp\\\/#\\\/schema\\\/person\\\/2b8dc3b44be009cae3c432096b2fad15\"},\"headline\":\"Explotaci\u00f3n petrolera en Colombia \u00a1M\u00e1s all\u00e1 de la ret\u00f3rica ambientalista!\",\"datePublished\":\"2025-05-11T14:58:30+00:00\",\"mainEntityOfPage\":{\"@id\":\"https:\\\/\\\/naenpalabras.net\\\/wp\\\/2025\\\/05\\\/11\\\/explotacion-petrolera-en-colombia-mas-alla-de-la-retorica-ambientalista\\\/\"},\"wordCount\":1432,\"commentCount\":0,\"image\":{\"@id\":\"https:\\\/\\\/naenpalabras.net\\\/wp\\\/2025\\\/05\\\/11\\\/explotacion-petrolera-en-colombia-mas-alla-de-la-retorica-ambientalista\\\/#primaryimage\"},\"thumbnailUrl\":\"https:\\\/\\\/naenpalabras.net\\\/wp\\\/wp-content\\\/uploads\\\/2025\\\/05\\\/3a-3.webp\",\"keywords\":[\"ambientalista\",\"Colombia\",\"EE.UU\"],\"articleSection\":[\"huele a azufre\"],\"inLanguage\":\"es\",\"potentialAction\":[{\"@type\":\"CommentAction\",\"name\":\"Comment\",\"target\":[\"https:\\\/\\\/naenpalabras.net\\\/wp\\\/2025\\\/05\\\/11\\\/explotacion-petrolera-en-colombia-mas-alla-de-la-retorica-ambientalista\\\/#respond\"]}]},{\"@type\":\"WebPage\",\"@id\":\"https:\\\/\\\/naenpalabras.net\\\/wp\\\/2025\\\/05\\\/11\\\/explotacion-petrolera-en-colombia-mas-alla-de-la-retorica-ambientalista\\\/\",\"url\":\"https:\\\/\\\/naenpalabras.net\\\/wp\\\/2025\\\/05\\\/11\\\/explotacion-petrolera-en-colombia-mas-alla-de-la-retorica-ambientalista\\\/\",\"name\":\"Explotaci\u00f3n petrolera en Colombia \u00a1M\u00e1s all\u00e1 de la ret\u00f3rica ambientalista! - Nuestra Am\u00e9rica En Palabras\",\"isPartOf\":{\"@id\":\"https:\\\/\\\/naenpalabras.net\\\/wp\\\/#website\"},\"primaryImageOfPage\":{\"@id\":\"https:\\\/\\\/naenpalabras.net\\\/wp\\\/2025\\\/05\\\/11\\\/explotacion-petrolera-en-colombia-mas-alla-de-la-retorica-ambientalista\\\/#primaryimage\"},\"image\":{\"@id\":\"https:\\\/\\\/naenpalabras.net\\\/wp\\\/2025\\\/05\\\/11\\\/explotacion-petrolera-en-colombia-mas-alla-de-la-retorica-ambientalista\\\/#primaryimage\"},\"thumbnailUrl\":\"https:\\\/\\\/naenpalabras.net\\\/wp\\\/wp-content\\\/uploads\\\/2025\\\/05\\\/3a-3.webp\",\"datePublished\":\"2025-05-11T14:58:30+00:00\",\"author\":{\"@id\":\"https:\\\/\\\/naenpalabras.net\\\/wp\\\/#\\\/schema\\\/person\\\/2b8dc3b44be009cae3c432096b2fad15\"},\"breadcrumb\":{\"@id\":\"https:\\\/\\\/naenpalabras.net\\\/wp\\\/2025\\\/05\\\/11\\\/explotacion-petrolera-en-colombia-mas-alla-de-la-retorica-ambientalista\\\/#breadcrumb\"},\"inLanguage\":\"es\",\"potentialAction\":[{\"@type\":\"ReadAction\",\"target\":[\"https:\\\/\\\/naenpalabras.net\\\/wp\\\/2025\\\/05\\\/11\\\/explotacion-petrolera-en-colombia-mas-alla-de-la-retorica-ambientalista\\\/\"]}]},{\"@type\":\"ImageObject\",\"inLanguage\":\"es\",\"@id\":\"https:\\\/\\\/naenpalabras.net\\\/wp\\\/2025\\\/05\\\/11\\\/explotacion-petrolera-en-colombia-mas-alla-de-la-retorica-ambientalista\\\/#primaryimage\",\"url\":\"https:\\\/\\\/naenpalabras.net\\\/wp\\\/wp-content\\\/uploads\\\/2025\\\/05\\\/3a-3.webp\",\"contentUrl\":\"https:\\\/\\\/naenpalabras.net\\\/wp\\\/wp-content\\\/uploads\\\/2025\\\/05\\\/3a-3.webp\",\"width\":800,\"height\":536},{\"@type\":\"BreadcrumbList\",\"@id\":\"https:\\\/\\\/naenpalabras.net\\\/wp\\\/2025\\\/05\\\/11\\\/explotacion-petrolera-en-colombia-mas-alla-de-la-retorica-ambientalista\\\/#breadcrumb\",\"itemListElement\":[{\"@type\":\"ListItem\",\"position\":1,\"name\":\"Portada\",\"item\":\"https:\\\/\\\/naenpalabras.net\\\/wp\\\/\"},{\"@type\":\"ListItem\",\"position\":2,\"name\":\"Explotaci\u00f3n petrolera en Colombia \u00a1M\u00e1s all\u00e1 de la ret\u00f3rica ambientalista!\"}]},{\"@type\":\"WebSite\",\"@id\":\"https:\\\/\\\/naenpalabras.net\\\/wp\\\/#website\",\"url\":\"https:\\\/\\\/naenpalabras.net\\\/wp\\\/\",\"name\":\"Nuestra Am\u00e9rica En Palabras\",\"description\":\"\",\"potentialAction\":[{\"@type\":\"SearchAction\",\"target\":{\"@type\":\"EntryPoint\",\"urlTemplate\":\"https:\\\/\\\/naenpalabras.net\\\/wp\\\/?s={search_term_string}\"},\"query-input\":{\"@type\":\"PropertyValueSpecification\",\"valueRequired\":true,\"valueName\":\"search_term_string\"}}],\"inLanguage\":\"es\"},{\"@type\":\"Person\",\"@id\":\"https:\\\/\\\/naenpalabras.net\\\/wp\\\/#\\\/schema\\\/person\\\/2b8dc3b44be009cae3c432096b2fad15\",\"name\":\"naenp\",\"image\":{\"@type\":\"ImageObject\",\"inLanguage\":\"es\",\"@id\":\"https:\\\/\\\/secure.gravatar.com\\\/avatar\\\/ebeb7cc417e6a6b9894cfaca0e864947ba305c2cd77c221b39b90345e02bc3bb?s=96&d=mm&r=g\",\"url\":\"https:\\\/\\\/secure.gravatar.com\\\/avatar\\\/ebeb7cc417e6a6b9894cfaca0e864947ba305c2cd77c221b39b90345e02bc3bb?s=96&d=mm&r=g\",\"contentUrl\":\"https:\\\/\\\/secure.gravatar.com\\\/avatar\\\/ebeb7cc417e6a6b9894cfaca0e864947ba305c2cd77c221b39b90345e02bc3bb?s=96&d=mm&r=g\",\"caption\":\"naenp\"},\"sameAs\":[\"https:\\\/\\\/naenpalabras.net\\\/wp\"],\"url\":\"https:\\\/\\\/naenpalabras.net\\\/wp\\\/author\\\/admin-2\\\/\"}]}<\/script>\n<!-- \/ Yoast SEO plugin. -->","yoast_head_json":{"title":"Explotaci\u00f3n petrolera en Colombia \u00a1M\u00e1s all\u00e1 de la ret\u00f3rica ambientalista! - Nuestra Am\u00e9rica En Palabras","robots":{"index":"index","follow":"follow","max-snippet":"max-snippet:-1","max-image-preview":"max-image-preview:large","max-video-preview":"max-video-preview:-1"},"canonical":"https:\/\/naenpalabras.net\/wp\/2025\/05\/11\/explotacion-petrolera-en-colombia-mas-alla-de-la-retorica-ambientalista\/","og_locale":"es_ES","og_type":"article","og_title":"Explotaci\u00f3n petrolera en Colombia \u00a1M\u00e1s all\u00e1 de la ret\u00f3rica ambientalista! - Nuestra Am\u00e9rica En Palabras","og_description":"La explotaci\u00f3n de combustibles f\u00f3siles ha sido el motor de la industria moderna capitalista, que hoy, toma un car\u00e1cter transnacional determinando la pol\u00edtica de los estados y la suerte de los pueblos. A pesar que en el mundo se desarrolla un debate importante sobre los efectos nocivos para el medio [&hellip;]","og_url":"https:\/\/naenpalabras.net\/wp\/2025\/05\/11\/explotacion-petrolera-en-colombia-mas-alla-de-la-retorica-ambientalista\/","og_site_name":"Nuestra Am\u00e9rica En Palabras","article_published_time":"2025-05-11T14:58:30+00:00","og_image":[{"width":800,"height":536,"url":"https:\/\/naenpalabras.net\/wp\/wp-content\/uploads\/2025\/05\/3a-3.webp","type":"image\/webp"}],"author":"naenp","twitter_card":"summary_large_image","twitter_misc":{"Escrito por":"naenp","Tiempo estimado de lectura":"7 minutos"},"schema":{"@context":"https:\/\/schema.org","@graph":[{"@type":"Article","@id":"https:\/\/naenpalabras.net\/wp\/2025\/05\/11\/explotacion-petrolera-en-colombia-mas-alla-de-la-retorica-ambientalista\/#article","isPartOf":{"@id":"https:\/\/naenpalabras.net\/wp\/2025\/05\/11\/explotacion-petrolera-en-colombia-mas-alla-de-la-retorica-ambientalista\/"},"author":{"name":"naenp","@id":"https:\/\/naenpalabras.net\/wp\/#\/schema\/person\/2b8dc3b44be009cae3c432096b2fad15"},"headline":"Explotaci\u00f3n petrolera en Colombia \u00a1M\u00e1s all\u00e1 de la ret\u00f3rica ambientalista!","datePublished":"2025-05-11T14:58:30+00:00","mainEntityOfPage":{"@id":"https:\/\/naenpalabras.net\/wp\/2025\/05\/11\/explotacion-petrolera-en-colombia-mas-alla-de-la-retorica-ambientalista\/"},"wordCount":1432,"commentCount":0,"image":{"@id":"https:\/\/naenpalabras.net\/wp\/2025\/05\/11\/explotacion-petrolera-en-colombia-mas-alla-de-la-retorica-ambientalista\/#primaryimage"},"thumbnailUrl":"https:\/\/naenpalabras.net\/wp\/wp-content\/uploads\/2025\/05\/3a-3.webp","keywords":["ambientalista","Colombia","EE.UU"],"articleSection":["huele a azufre"],"inLanguage":"es","potentialAction":[{"@type":"CommentAction","name":"Comment","target":["https:\/\/naenpalabras.net\/wp\/2025\/05\/11\/explotacion-petrolera-en-colombia-mas-alla-de-la-retorica-ambientalista\/#respond"]}]},{"@type":"WebPage","@id":"https:\/\/naenpalabras.net\/wp\/2025\/05\/11\/explotacion-petrolera-en-colombia-mas-alla-de-la-retorica-ambientalista\/","url":"https:\/\/naenpalabras.net\/wp\/2025\/05\/11\/explotacion-petrolera-en-colombia-mas-alla-de-la-retorica-ambientalista\/","name":"Explotaci\u00f3n petrolera en Colombia \u00a1M\u00e1s all\u00e1 de la ret\u00f3rica ambientalista! - Nuestra Am\u00e9rica En Palabras","isPartOf":{"@id":"https:\/\/naenpalabras.net\/wp\/#website"},"primaryImageOfPage":{"@id":"https:\/\/naenpalabras.net\/wp\/2025\/05\/11\/explotacion-petrolera-en-colombia-mas-alla-de-la-retorica-ambientalista\/#primaryimage"},"image":{"@id":"https:\/\/naenpalabras.net\/wp\/2025\/05\/11\/explotacion-petrolera-en-colombia-mas-alla-de-la-retorica-ambientalista\/#primaryimage"},"thumbnailUrl":"https:\/\/naenpalabras.net\/wp\/wp-content\/uploads\/2025\/05\/3a-3.webp","datePublished":"2025-05-11T14:58:30+00:00","author":{"@id":"https:\/\/naenpalabras.net\/wp\/#\/schema\/person\/2b8dc3b44be009cae3c432096b2fad15"},"breadcrumb":{"@id":"https:\/\/naenpalabras.net\/wp\/2025\/05\/11\/explotacion-petrolera-en-colombia-mas-alla-de-la-retorica-ambientalista\/#breadcrumb"},"inLanguage":"es","potentialAction":[{"@type":"ReadAction","target":["https:\/\/naenpalabras.net\/wp\/2025\/05\/11\/explotacion-petrolera-en-colombia-mas-alla-de-la-retorica-ambientalista\/"]}]},{"@type":"ImageObject","inLanguage":"es","@id":"https:\/\/naenpalabras.net\/wp\/2025\/05\/11\/explotacion-petrolera-en-colombia-mas-alla-de-la-retorica-ambientalista\/#primaryimage","url":"https:\/\/naenpalabras.net\/wp\/wp-content\/uploads\/2025\/05\/3a-3.webp","contentUrl":"https:\/\/naenpalabras.net\/wp\/wp-content\/uploads\/2025\/05\/3a-3.webp","width":800,"height":536},{"@type":"BreadcrumbList","@id":"https:\/\/naenpalabras.net\/wp\/2025\/05\/11\/explotacion-petrolera-en-colombia-mas-alla-de-la-retorica-ambientalista\/#breadcrumb","itemListElement":[{"@type":"ListItem","position":1,"name":"Portada","item":"https:\/\/naenpalabras.net\/wp\/"},{"@type":"ListItem","position":2,"name":"Explotaci\u00f3n petrolera en Colombia \u00a1M\u00e1s all\u00e1 de la ret\u00f3rica ambientalista!"}]},{"@type":"WebSite","@id":"https:\/\/naenpalabras.net\/wp\/#website","url":"https:\/\/naenpalabras.net\/wp\/","name":"Nuestra Am\u00e9rica En Palabras","description":"","potentialAction":[{"@type":"SearchAction","target":{"@type":"EntryPoint","urlTemplate":"https:\/\/naenpalabras.net\/wp\/?s={search_term_string}"},"query-input":{"@type":"PropertyValueSpecification","valueRequired":true,"valueName":"search_term_string"}}],"inLanguage":"es"},{"@type":"Person","@id":"https:\/\/naenpalabras.net\/wp\/#\/schema\/person\/2b8dc3b44be009cae3c432096b2fad15","name":"naenp","image":{"@type":"ImageObject","inLanguage":"es","@id":"https:\/\/secure.gravatar.com\/avatar\/ebeb7cc417e6a6b9894cfaca0e864947ba305c2cd77c221b39b90345e02bc3bb?s=96&d=mm&r=g","url":"https:\/\/secure.gravatar.com\/avatar\/ebeb7cc417e6a6b9894cfaca0e864947ba305c2cd77c221b39b90345e02bc3bb?s=96&d=mm&r=g","contentUrl":"https:\/\/secure.gravatar.com\/avatar\/ebeb7cc417e6a6b9894cfaca0e864947ba305c2cd77c221b39b90345e02bc3bb?s=96&d=mm&r=g","caption":"naenp"},"sameAs":["https:\/\/naenpalabras.net\/wp"],"url":"https:\/\/naenpalabras.net\/wp\/author\/admin-2\/"}]}},"_links":{"self":[{"href":"https:\/\/naenpalabras.net\/wp\/wp-json\/wp\/v2\/posts\/2956","targetHints":{"allow":["GET"]}}],"collection":[{"href":"https:\/\/naenpalabras.net\/wp\/wp-json\/wp\/v2\/posts"}],"about":[{"href":"https:\/\/naenpalabras.net\/wp\/wp-json\/wp\/v2\/types\/post"}],"author":[{"embeddable":true,"href":"https:\/\/naenpalabras.net\/wp\/wp-json\/wp\/v2\/users\/2"}],"replies":[{"embeddable":true,"href":"https:\/\/naenpalabras.net\/wp\/wp-json\/wp\/v2\/comments?post=2956"}],"version-history":[{"count":1,"href":"https:\/\/naenpalabras.net\/wp\/wp-json\/wp\/v2\/posts\/2956\/revisions"}],"predecessor-version":[{"id":2959,"href":"https:\/\/naenpalabras.net\/wp\/wp-json\/wp\/v2\/posts\/2956\/revisions\/2959"}],"wp:featuredmedia":[{"embeddable":true,"href":"https:\/\/naenpalabras.net\/wp\/wp-json\/wp\/v2\/media\/2958"}],"wp:attachment":[{"href":"https:\/\/naenpalabras.net\/wp\/wp-json\/wp\/v2\/media?parent=2956"}],"wp:term":[{"taxonomy":"category","embeddable":true,"href":"https:\/\/naenpalabras.net\/wp\/wp-json\/wp\/v2\/categories?post=2956"},{"taxonomy":"post_tag","embeddable":true,"href":"https:\/\/naenpalabras.net\/wp\/wp-json\/wp\/v2\/tags?post=2956"}],"curies":[{"name":"wp","href":"https:\/\/api.w.org\/{rel}","templated":true}]}}