{"id":2781,"date":"2025-04-24T19:50:25","date_gmt":"2025-04-24T23:50:25","guid":{"rendered":"https:\/\/naenpalabras.net\/wp\/?p=2781"},"modified":"2025-04-24T19:50:25","modified_gmt":"2025-04-24T23:50:25","slug":"guerra-comunicacional-contra-la-alianza-de-paises-del-sahel","status":"publish","type":"post","link":"https:\/\/naenpalabras.net\/wp\/2025\/04\/24\/guerra-comunicacional-contra-la-alianza-de-paises-del-sahel\/","title":{"rendered":"Guerra comunicacional contra la Alianza de pa\u00edses del Sahel"},"content":{"rendered":"<p><strong>La terminolog\u00eda utilizada por medios, ONGs y la mayor\u00eda de las agencias internacionales no es neutral en absoluto cuando hablan de la historia, los acontecimientos, la organizaci\u00f3n o los movimientos pol\u00edticos y sociales del Sur.\u00a0<\/strong>Por mucho que los pueblos occidentales hayan naturalizado este modo de hablar supremacista, los pueblos del Sur tienen la tarea anticolonial de no dejarse influenciar por esta naturalizaci\u00f3n propiciada por la dominaci\u00f3n cultural de Occidente.<\/p>\n<p>Esta tarea es la que llev\u00f3 al\u00a0<strong>ministro de Asuntos Exteriores, Cooperaci\u00f3n Regional y Burkineses del Exterior (Affaires \u00e9trang\u00e8res, de la Coop\u00e9ration r\u00e9gionale et des Burkinab\u00e8 de l\u2019ext\u00e9rieur) K. Jean Marie Traore,<\/strong>\u00a0a sugerir que estas agencias deber\u00edan tener m\u00e1s cuidado con la terminolog\u00eda utilizada para hablar de los asuntos de Burkina Faso.<\/p>\n<p>El ministro se\u00f1al\u00f3 que dichas agencias denominan a los terroristas como \u00abgroupes arm\u00e9s non \u00e9tatiques\u00bb (grupos armados no estatales). A su vez, usan otros eufemismos parecidos para hablar de grupos de seguridad que trabajan con el ej\u00e9rcito nacional, ya sean contratados por el gobierno o de voluntarios para la autodefensa del pueblo, de este modo logran poner a la seguridad leg\u00edtima y soberana nacional en el mismo plano que a los grupos agresores terroristas.<\/p>\n<p>Esto es algo que no pasa solo en Burkina Faso, sino en toda \u00c1frica, las agencias occidentales definen a los actores africanos y sus guerras: rebeldes armados, milicias armadas, guerras tribales\u2026 de modo diferente a como lo har\u00edan si estuvieran hablando de asuntos europeos.<\/p>\n<p><strong>Hay que calificar a los que llevan atacando al pa\u00eds desde hace diez a\u00f1os como lo que son: terroristas.\u00a0<\/strong>Por ponerlo de un modo simple, en ning\u00fan pa\u00eds occidental llamar\u00edan a los terroristas como \u201crebeldes\u201d o \u201cgrupos armados\u201d y a quienes el gobierno agredido recluta para defenderse de esos terroristas, como \u201cmilicias\u201d.<\/p>\n<p>El ministro Traor\u00e9 asegura: \u00abla utilizaci\u00f3n del t\u00e9rmino \u201cmilicia\u201d para designar a nuestros valerosos Voluntarios para la Defensa de la Patria (VDP) es inaceptable\u00bb, porque estas personas, con las contradicciones que puedan presentar, son sobre todo \u00abciudadanos burkineses que se han comprometido voluntaria y valientemente a defender la integridad de su pa\u00eds. Les anima la esperanza de vivir un d\u00eda libres y dignos en su patria\u00bb.<\/p>\n<p>El titular concluye que Burkina Faso<strong>\u00a0\u00abno puede aceptar una confusi\u00f3n terminol\u00f3gica que, al amparo de eufemismos, distorsiona la realidad de la tragedia vivida por nuestro pueblo y da una forma de legitimidad a los autores de estas atrocidades\u00bb.<\/strong><\/p>\n<p>Ciertamente, llama la atenci\u00f3n que las grandes ONG internacionales denuncian bastante m\u00e1s los casos de cr\u00edmenes de los ej\u00e9rcitos nacionales, aunque no se hayan demostrado todav\u00eda, que los cr\u00edmenes probados de los terroristas, o de estados occidentales en sus injerencias belicistas o de los estados y entidades amigas del Occidente colectivo.<\/p>\n<div class=\"related-section\"><\/div>\n<blockquote><p>Esto ocurre sobre todo cuando se trata de pa\u00edses que se niegan a someterse a los intereses y dominaci\u00f3n pol\u00edtica, econ\u00f3mica y cultural de Occidente, como es el caso de Burkina Faso desde 2022.<\/p><\/blockquote>\n<p>As\u00ed, por ejemplo,\u00a0<strong>Human Right Watch<\/strong>\u00a0en 2024 y lo que va de 2025 tiene en su web 25 comunicados referentes a Burkina Faso, de los que 16 denuncian y acusan al ej\u00e9rcito y gobierno, mientras que solo nueve denuncian ataques terroristas. Es m\u00e1s, estos nueve comunicados no ponen el foco sobre los terroristas, sino sobre el gobierno y ej\u00e9rcito, que rechazan la \u201cayuda\u201d de Francia, a pesar de que no son capaces de proteger a su poblaci\u00f3n. Este es un balance llamativo teniendo en cuenta que\u00a0<strong>Burkina Faso ha sido el pa\u00eds que m\u00e1s muertes ha sufrido por ataques terroristas seg\u00fan el \u00cdndice Global de Terrorismo de 2025 (Global Terrorism Index), que mide el impacto del terrorismo, haciendo una media de los cinco \u00faltimos a\u00f1os.<\/strong><\/p>\n<p>Tambi\u00e9n, el\u00a0<strong>ministro de Justicia del vecino y aliado Mali<\/strong>, que est\u00e1 en el puesto n\u00famero cuatro de los que m\u00e1s impacto han sufrido por el terrorismo, public\u00f3 recientemente un comunicado en la misma l\u00ednea,\u00a0<strong>denunciando la falta de imparcialidad y \u00abla instrumentalizaci\u00f3n y politizaci\u00f3n de los derechos humanos por parte de ciertas organizaciones internacionales\u00bb.\u00a0<\/strong>Las grandes ONG se muestran \u00e1vidas para criticar acciones de la justicia y el gobierno de Mali, pero no hacen referencia a los ataques terroristas a los que dichas acciones hacen frente, seg\u00fan el ministro.<\/p>\n<h3>Los hechos de Solenzo<\/h3>\n<p>Todo esto viene a colaci\u00f3n porque el pasado mes de marzo, tres grandes agencias francesas,\u00a0<em>AFP, RF<\/em>I y<em>\u00a0Jeune Afrique,<\/em>\u00a0difundieron una serie de v\u00eddeos que supuestamente eran masacres de \u00abdecenas de civiles\u00bb en la ciudad de Solenzo, al oeste de Burkina Faso, cometidas por el ej\u00e9rcito nacional y varias brigadas locales de\u00a0<strong>Voluntarios para la Defensa del Pueblo (VDP),\u00a0<\/strong>el 11 de marzo. Como siempre, a partir de esas agencias, los v\u00eddeos y la \u201cinformaci\u00f3n\u201d que especulaba con la responsabilidad del ej\u00e9rcito y las VDP de la zona corrieron como la p\u00f3lvora por las redes sociales del mundo.<\/p>\n<p>Las grandes ONG, incluso varias agencias de la ONU elaboraron con inusitada rapidez informes llenos de palabras como \u00abparece ser\u00bb, \u00abaparentemente\u00bb, \u00abaunque no hemos podido confirmar\u00bb\u2026 secundando incluso la alegaci\u00f3n hecha por las tres agencias comerciales de noticias de que todo lo expuesto en los v\u00eddeos \u00abparec\u00eda\u00bb \u00abrepresi\u00f3n \u00e9tnica contra los Peul\u00bb o Fulani.<\/p>\n<blockquote><p>El gobierno de Burkina envi\u00f3 r\u00e1pidamente una delegaci\u00f3n a la zona para investigar lo ocurrido y, tras realizar sus comprobaciones, emiti\u00f3 varios comunicados desmintiendo todas las acusaciones e informando de una historia completamente opuesta a lo relatado por la\u00a0<em>AFP, RFI y Jeune Afrique.\u00a0<\/em><\/p><\/blockquote>\n<p>Las autoridades de Burkina aseguraron que esos v\u00eddeos eran montajes y que la fiscal\u00eda ha abierto una investigaci\u00f3n para localizar a los responsables. Adem\u00e1s, el gobierno ha lanzado una campa\u00f1a pidiendo a la poblaci\u00f3n que no se deje enga\u00f1ar por la manipulaci\u00f3n que pretende sembrar la divisi\u00f3n y el odio, desde varios frentes: desde el Consejo Superior de la Comunicaci\u00f3n, la Fiscal\u00eda, la Coordinaci\u00f3n Nacional de Asociaciones de Vigilancia Ciudadana, incluso desde en el frente religioso, con el Im\u00e1n Ti\u00e9go Tiemtor\u00e9 y el representante de la comunidad cristiana, Mo\u00efse Balma, orando juntos con ocasi\u00f3n del A\u00efd El-Fitr, y pidiendo a la poblaci\u00f3n que debe \u00abmantenerse vigilante para evitar caer en instrumentalizaciones y divisiones \u00e9tnicas y religiosas\u00bb.<\/p>\n<h3>Conclusi\u00f3n<\/h3>\n<p>El ministro Traor\u00e9 solo llam\u00f3 la atenci\u00f3n a las agencias de la ONU porque se supone que la ONU, a la que pertenece su Burkina Faso, es m\u00e1s seria a la hora de dejarse embaucar por supuestas noticias de supuestos hechos, a\u00fan no contrastados.<\/p>\n<p>De paso, el ministro dio una lecci\u00f3n magistral de anticolonialismo cultural, al expresar diplom\u00e1ticamente \u00absu pesar\u00bb por el uso inapropiado de la terminolog\u00eda mencionada, denominando con eufemismos muy similares a agresores y a agredidos, adem\u00e1s de incitar falazmente al p\u00fablico a sacar conclusiones que no han sido demostradas todav\u00eda.<\/p>\n<blockquote><p><strong>Estos eufemismos y falacias son utilizados con la intenci\u00f3n de \u00abcolonizar la inteligencia por deformaci\u00f3n de la palabra\u00bb<\/strong>, como dir\u00eda Julio Cort\u00e1zar. El lenguaje no es neutro, el lenguaje as\u00ed utilizado hasta el desgaste es un arma demoledora en la guerra comunicacional contra los pa\u00edses sometidos y, sobre todo, contra los que decidan no doblegarse m\u00e1s al dominio Occidental, como ha hecho la Alianza de Estados del Sahel o AES.<\/p><\/blockquote>\n<p>&nbsp;<\/p>\n<p><a href=\"https:\/\/hueleaazufre.com\/wordpress_a\/index.php\/2025\/04\/24\/guerra-comunicacional-contra-la-alianza-de-paises-del-sahel\/\"><strong>Fuente: Huele a azufre\u00a0<\/strong><\/a><\/p>\n","protected":false},"excerpt":{"rendered":"<p>La terminolog\u00eda utilizada por medios, ONGs y la mayor\u00eda de las agencias internacionales no es neutral en absoluto cuando hablan de la historia, los acontecimientos, la organizaci\u00f3n o los movimientos pol\u00edticos y sociales del Sur.\u00a0Por mucho que los pueblos occidentales hayan naturalizado este modo de hablar supremacista, los pueblos del [&hellip;]<\/p>\n","protected":false},"author":2,"featured_media":2782,"comment_status":"open","ping_status":"closed","sticky":false,"template":"","format":"standard","meta":{"footnotes":""},"categories":[9,8],"tags":[570,861,148,790],"class_list":["post-2781","post","type-post","status-publish","format-standard","has-post-thumbnail","hentry","category-geopolitica","category-huele-a-azufre","tag-alianza","tag-comunicacional","tag-guerra","tag-sahel"],"yoast_head":"<!-- This site is optimized with the Yoast SEO plugin v27.5 - https:\/\/yoast.com\/product\/yoast-seo-wordpress\/ -->\n<title>Guerra comunicacional contra la Alianza de pa\u00edses del Sahel - Nuestra Am\u00e9rica En Palabras<\/title>\n<meta name=\"robots\" content=\"index, follow, max-snippet:-1, max-image-preview:large, max-video-preview:-1\" \/>\n<link rel=\"canonical\" href=\"https:\/\/naenpalabras.net\/wp\/2025\/04\/24\/guerra-comunicacional-contra-la-alianza-de-paises-del-sahel\/\" \/>\n<meta property=\"og:locale\" content=\"es_ES\" \/>\n<meta property=\"og:type\" content=\"article\" \/>\n<meta property=\"og:title\" content=\"Guerra comunicacional contra la Alianza de pa\u00edses del Sahel - Nuestra Am\u00e9rica En Palabras\" \/>\n<meta property=\"og:description\" content=\"La terminolog\u00eda utilizada por medios, ONGs y la mayor\u00eda de las agencias internacionales no es neutral en absoluto cuando hablan de la historia, los acontecimientos, la organizaci\u00f3n o los movimientos pol\u00edticos y sociales del Sur.\u00a0Por mucho que los pueblos occidentales hayan naturalizado este modo de hablar supremacista, los pueblos del [&hellip;]\" \/>\n<meta property=\"og:url\" content=\"https:\/\/naenpalabras.net\/wp\/2025\/04\/24\/guerra-comunicacional-contra-la-alianza-de-paises-del-sahel\/\" \/>\n<meta property=\"og:site_name\" content=\"Nuestra Am\u00e9rica En Palabras\" \/>\n<meta property=\"article:published_time\" content=\"2025-04-24T23:50:25+00:00\" \/>\n<meta property=\"og:image\" content=\"https:\/\/naenpalabras.net\/wp\/wp-content\/uploads\/2025\/04\/1aa.webp\" \/>\n\t<meta property=\"og:image:width\" content=\"946\" \/>\n\t<meta property=\"og:image:height\" content=\"610\" \/>\n\t<meta property=\"og:image:type\" content=\"image\/webp\" \/>\n<meta name=\"author\" content=\"naenp\" \/>\n<meta name=\"twitter:card\" content=\"summary_large_image\" \/>\n<meta name=\"twitter:label1\" content=\"Escrito por\" \/>\n\t<meta name=\"twitter:data1\" content=\"naenp\" \/>\n\t<meta name=\"twitter:label2\" content=\"Tiempo estimado de lectura\" \/>\n\t<meta name=\"twitter:data2\" content=\"5 minutos\" \/>\n<script type=\"application\/ld+json\" class=\"yoast-schema-graph\">{\"@context\":\"https:\\\/\\\/schema.org\",\"@graph\":[{\"@type\":\"Article\",\"@id\":\"https:\\\/\\\/naenpalabras.net\\\/wp\\\/2025\\\/04\\\/24\\\/guerra-comunicacional-contra-la-alianza-de-paises-del-sahel\\\/#article\",\"isPartOf\":{\"@id\":\"https:\\\/\\\/naenpalabras.net\\\/wp\\\/2025\\\/04\\\/24\\\/guerra-comunicacional-contra-la-alianza-de-paises-del-sahel\\\/\"},\"author\":{\"name\":\"naenp\",\"@id\":\"https:\\\/\\\/naenpalabras.net\\\/wp\\\/#\\\/schema\\\/person\\\/2b8dc3b44be009cae3c432096b2fad15\"},\"headline\":\"Guerra comunicacional contra la Alianza de pa\u00edses del Sahel\",\"datePublished\":\"2025-04-24T23:50:25+00:00\",\"mainEntityOfPage\":{\"@id\":\"https:\\\/\\\/naenpalabras.net\\\/wp\\\/2025\\\/04\\\/24\\\/guerra-comunicacional-contra-la-alianza-de-paises-del-sahel\\\/\"},\"wordCount\":1291,\"commentCount\":0,\"image\":{\"@id\":\"https:\\\/\\\/naenpalabras.net\\\/wp\\\/2025\\\/04\\\/24\\\/guerra-comunicacional-contra-la-alianza-de-paises-del-sahel\\\/#primaryimage\"},\"thumbnailUrl\":\"https:\\\/\\\/naenpalabras.net\\\/wp\\\/wp-content\\\/uploads\\\/2025\\\/04\\\/1aa.webp\",\"keywords\":[\"alianza\",\"comunicacional\",\"guerra\",\"Sahel\"],\"articleSection\":[\"Geopol\u00edtica\",\"huele a azufre\"],\"inLanguage\":\"es\",\"potentialAction\":[{\"@type\":\"CommentAction\",\"name\":\"Comment\",\"target\":[\"https:\\\/\\\/naenpalabras.net\\\/wp\\\/2025\\\/04\\\/24\\\/guerra-comunicacional-contra-la-alianza-de-paises-del-sahel\\\/#respond\"]}]},{\"@type\":\"WebPage\",\"@id\":\"https:\\\/\\\/naenpalabras.net\\\/wp\\\/2025\\\/04\\\/24\\\/guerra-comunicacional-contra-la-alianza-de-paises-del-sahel\\\/\",\"url\":\"https:\\\/\\\/naenpalabras.net\\\/wp\\\/2025\\\/04\\\/24\\\/guerra-comunicacional-contra-la-alianza-de-paises-del-sahel\\\/\",\"name\":\"Guerra comunicacional contra la Alianza de pa\u00edses del Sahel - Nuestra Am\u00e9rica En Palabras\",\"isPartOf\":{\"@id\":\"https:\\\/\\\/naenpalabras.net\\\/wp\\\/#website\"},\"primaryImageOfPage\":{\"@id\":\"https:\\\/\\\/naenpalabras.net\\\/wp\\\/2025\\\/04\\\/24\\\/guerra-comunicacional-contra-la-alianza-de-paises-del-sahel\\\/#primaryimage\"},\"image\":{\"@id\":\"https:\\\/\\\/naenpalabras.net\\\/wp\\\/2025\\\/04\\\/24\\\/guerra-comunicacional-contra-la-alianza-de-paises-del-sahel\\\/#primaryimage\"},\"thumbnailUrl\":\"https:\\\/\\\/naenpalabras.net\\\/wp\\\/wp-content\\\/uploads\\\/2025\\\/04\\\/1aa.webp\",\"datePublished\":\"2025-04-24T23:50:25+00:00\",\"author\":{\"@id\":\"https:\\\/\\\/naenpalabras.net\\\/wp\\\/#\\\/schema\\\/person\\\/2b8dc3b44be009cae3c432096b2fad15\"},\"breadcrumb\":{\"@id\":\"https:\\\/\\\/naenpalabras.net\\\/wp\\\/2025\\\/04\\\/24\\\/guerra-comunicacional-contra-la-alianza-de-paises-del-sahel\\\/#breadcrumb\"},\"inLanguage\":\"es\",\"potentialAction\":[{\"@type\":\"ReadAction\",\"target\":[\"https:\\\/\\\/naenpalabras.net\\\/wp\\\/2025\\\/04\\\/24\\\/guerra-comunicacional-contra-la-alianza-de-paises-del-sahel\\\/\"]}]},{\"@type\":\"ImageObject\",\"inLanguage\":\"es\",\"@id\":\"https:\\\/\\\/naenpalabras.net\\\/wp\\\/2025\\\/04\\\/24\\\/guerra-comunicacional-contra-la-alianza-de-paises-del-sahel\\\/#primaryimage\",\"url\":\"https:\\\/\\\/naenpalabras.net\\\/wp\\\/wp-content\\\/uploads\\\/2025\\\/04\\\/1aa.webp\",\"contentUrl\":\"https:\\\/\\\/naenpalabras.net\\\/wp\\\/wp-content\\\/uploads\\\/2025\\\/04\\\/1aa.webp\",\"width\":946,\"height\":610},{\"@type\":\"BreadcrumbList\",\"@id\":\"https:\\\/\\\/naenpalabras.net\\\/wp\\\/2025\\\/04\\\/24\\\/guerra-comunicacional-contra-la-alianza-de-paises-del-sahel\\\/#breadcrumb\",\"itemListElement\":[{\"@type\":\"ListItem\",\"position\":1,\"name\":\"Portada\",\"item\":\"https:\\\/\\\/naenpalabras.net\\\/wp\\\/\"},{\"@type\":\"ListItem\",\"position\":2,\"name\":\"Guerra comunicacional contra la Alianza de pa\u00edses del Sahel\"}]},{\"@type\":\"WebSite\",\"@id\":\"https:\\\/\\\/naenpalabras.net\\\/wp\\\/#website\",\"url\":\"https:\\\/\\\/naenpalabras.net\\\/wp\\\/\",\"name\":\"Nuestra Am\u00e9rica En Palabras\",\"description\":\"\",\"potentialAction\":[{\"@type\":\"SearchAction\",\"target\":{\"@type\":\"EntryPoint\",\"urlTemplate\":\"https:\\\/\\\/naenpalabras.net\\\/wp\\\/?s={search_term_string}\"},\"query-input\":{\"@type\":\"PropertyValueSpecification\",\"valueRequired\":true,\"valueName\":\"search_term_string\"}}],\"inLanguage\":\"es\"},{\"@type\":\"Person\",\"@id\":\"https:\\\/\\\/naenpalabras.net\\\/wp\\\/#\\\/schema\\\/person\\\/2b8dc3b44be009cae3c432096b2fad15\",\"name\":\"naenp\",\"image\":{\"@type\":\"ImageObject\",\"inLanguage\":\"es\",\"@id\":\"https:\\\/\\\/secure.gravatar.com\\\/avatar\\\/ebeb7cc417e6a6b9894cfaca0e864947ba305c2cd77c221b39b90345e02bc3bb?s=96&d=mm&r=g\",\"url\":\"https:\\\/\\\/secure.gravatar.com\\\/avatar\\\/ebeb7cc417e6a6b9894cfaca0e864947ba305c2cd77c221b39b90345e02bc3bb?s=96&d=mm&r=g\",\"contentUrl\":\"https:\\\/\\\/secure.gravatar.com\\\/avatar\\\/ebeb7cc417e6a6b9894cfaca0e864947ba305c2cd77c221b39b90345e02bc3bb?s=96&d=mm&r=g\",\"caption\":\"naenp\"},\"sameAs\":[\"https:\\\/\\\/naenpalabras.net\\\/wp\"],\"url\":\"https:\\\/\\\/naenpalabras.net\\\/wp\\\/author\\\/admin-2\\\/\"}]}<\/script>\n<!-- \/ Yoast SEO plugin. -->","yoast_head_json":{"title":"Guerra comunicacional contra la Alianza de pa\u00edses del Sahel - Nuestra Am\u00e9rica En Palabras","robots":{"index":"index","follow":"follow","max-snippet":"max-snippet:-1","max-image-preview":"max-image-preview:large","max-video-preview":"max-video-preview:-1"},"canonical":"https:\/\/naenpalabras.net\/wp\/2025\/04\/24\/guerra-comunicacional-contra-la-alianza-de-paises-del-sahel\/","og_locale":"es_ES","og_type":"article","og_title":"Guerra comunicacional contra la Alianza de pa\u00edses del Sahel - Nuestra Am\u00e9rica En Palabras","og_description":"La terminolog\u00eda utilizada por medios, ONGs y la mayor\u00eda de las agencias internacionales no es neutral en absoluto cuando hablan de la historia, los acontecimientos, la organizaci\u00f3n o los movimientos pol\u00edticos y sociales del Sur.\u00a0Por mucho que los pueblos occidentales hayan naturalizado este modo de hablar supremacista, los pueblos del [&hellip;]","og_url":"https:\/\/naenpalabras.net\/wp\/2025\/04\/24\/guerra-comunicacional-contra-la-alianza-de-paises-del-sahel\/","og_site_name":"Nuestra Am\u00e9rica En Palabras","article_published_time":"2025-04-24T23:50:25+00:00","og_image":[{"width":946,"height":610,"url":"https:\/\/naenpalabras.net\/wp\/wp-content\/uploads\/2025\/04\/1aa.webp","type":"image\/webp"}],"author":"naenp","twitter_card":"summary_large_image","twitter_misc":{"Escrito por":"naenp","Tiempo estimado de lectura":"5 minutos"},"schema":{"@context":"https:\/\/schema.org","@graph":[{"@type":"Article","@id":"https:\/\/naenpalabras.net\/wp\/2025\/04\/24\/guerra-comunicacional-contra-la-alianza-de-paises-del-sahel\/#article","isPartOf":{"@id":"https:\/\/naenpalabras.net\/wp\/2025\/04\/24\/guerra-comunicacional-contra-la-alianza-de-paises-del-sahel\/"},"author":{"name":"naenp","@id":"https:\/\/naenpalabras.net\/wp\/#\/schema\/person\/2b8dc3b44be009cae3c432096b2fad15"},"headline":"Guerra comunicacional contra la Alianza de pa\u00edses del Sahel","datePublished":"2025-04-24T23:50:25+00:00","mainEntityOfPage":{"@id":"https:\/\/naenpalabras.net\/wp\/2025\/04\/24\/guerra-comunicacional-contra-la-alianza-de-paises-del-sahel\/"},"wordCount":1291,"commentCount":0,"image":{"@id":"https:\/\/naenpalabras.net\/wp\/2025\/04\/24\/guerra-comunicacional-contra-la-alianza-de-paises-del-sahel\/#primaryimage"},"thumbnailUrl":"https:\/\/naenpalabras.net\/wp\/wp-content\/uploads\/2025\/04\/1aa.webp","keywords":["alianza","comunicacional","guerra","Sahel"],"articleSection":["Geopol\u00edtica","huele a azufre"],"inLanguage":"es","potentialAction":[{"@type":"CommentAction","name":"Comment","target":["https:\/\/naenpalabras.net\/wp\/2025\/04\/24\/guerra-comunicacional-contra-la-alianza-de-paises-del-sahel\/#respond"]}]},{"@type":"WebPage","@id":"https:\/\/naenpalabras.net\/wp\/2025\/04\/24\/guerra-comunicacional-contra-la-alianza-de-paises-del-sahel\/","url":"https:\/\/naenpalabras.net\/wp\/2025\/04\/24\/guerra-comunicacional-contra-la-alianza-de-paises-del-sahel\/","name":"Guerra comunicacional contra la Alianza de pa\u00edses del Sahel - Nuestra Am\u00e9rica En Palabras","isPartOf":{"@id":"https:\/\/naenpalabras.net\/wp\/#website"},"primaryImageOfPage":{"@id":"https:\/\/naenpalabras.net\/wp\/2025\/04\/24\/guerra-comunicacional-contra-la-alianza-de-paises-del-sahel\/#primaryimage"},"image":{"@id":"https:\/\/naenpalabras.net\/wp\/2025\/04\/24\/guerra-comunicacional-contra-la-alianza-de-paises-del-sahel\/#primaryimage"},"thumbnailUrl":"https:\/\/naenpalabras.net\/wp\/wp-content\/uploads\/2025\/04\/1aa.webp","datePublished":"2025-04-24T23:50:25+00:00","author":{"@id":"https:\/\/naenpalabras.net\/wp\/#\/schema\/person\/2b8dc3b44be009cae3c432096b2fad15"},"breadcrumb":{"@id":"https:\/\/naenpalabras.net\/wp\/2025\/04\/24\/guerra-comunicacional-contra-la-alianza-de-paises-del-sahel\/#breadcrumb"},"inLanguage":"es","potentialAction":[{"@type":"ReadAction","target":["https:\/\/naenpalabras.net\/wp\/2025\/04\/24\/guerra-comunicacional-contra-la-alianza-de-paises-del-sahel\/"]}]},{"@type":"ImageObject","inLanguage":"es","@id":"https:\/\/naenpalabras.net\/wp\/2025\/04\/24\/guerra-comunicacional-contra-la-alianza-de-paises-del-sahel\/#primaryimage","url":"https:\/\/naenpalabras.net\/wp\/wp-content\/uploads\/2025\/04\/1aa.webp","contentUrl":"https:\/\/naenpalabras.net\/wp\/wp-content\/uploads\/2025\/04\/1aa.webp","width":946,"height":610},{"@type":"BreadcrumbList","@id":"https:\/\/naenpalabras.net\/wp\/2025\/04\/24\/guerra-comunicacional-contra-la-alianza-de-paises-del-sahel\/#breadcrumb","itemListElement":[{"@type":"ListItem","position":1,"name":"Portada","item":"https:\/\/naenpalabras.net\/wp\/"},{"@type":"ListItem","position":2,"name":"Guerra comunicacional contra la Alianza de pa\u00edses del Sahel"}]},{"@type":"WebSite","@id":"https:\/\/naenpalabras.net\/wp\/#website","url":"https:\/\/naenpalabras.net\/wp\/","name":"Nuestra Am\u00e9rica En Palabras","description":"","potentialAction":[{"@type":"SearchAction","target":{"@type":"EntryPoint","urlTemplate":"https:\/\/naenpalabras.net\/wp\/?s={search_term_string}"},"query-input":{"@type":"PropertyValueSpecification","valueRequired":true,"valueName":"search_term_string"}}],"inLanguage":"es"},{"@type":"Person","@id":"https:\/\/naenpalabras.net\/wp\/#\/schema\/person\/2b8dc3b44be009cae3c432096b2fad15","name":"naenp","image":{"@type":"ImageObject","inLanguage":"es","@id":"https:\/\/secure.gravatar.com\/avatar\/ebeb7cc417e6a6b9894cfaca0e864947ba305c2cd77c221b39b90345e02bc3bb?s=96&d=mm&r=g","url":"https:\/\/secure.gravatar.com\/avatar\/ebeb7cc417e6a6b9894cfaca0e864947ba305c2cd77c221b39b90345e02bc3bb?s=96&d=mm&r=g","contentUrl":"https:\/\/secure.gravatar.com\/avatar\/ebeb7cc417e6a6b9894cfaca0e864947ba305c2cd77c221b39b90345e02bc3bb?s=96&d=mm&r=g","caption":"naenp"},"sameAs":["https:\/\/naenpalabras.net\/wp"],"url":"https:\/\/naenpalabras.net\/wp\/author\/admin-2\/"}]}},"_links":{"self":[{"href":"https:\/\/naenpalabras.net\/wp\/wp-json\/wp\/v2\/posts\/2781","targetHints":{"allow":["GET"]}}],"collection":[{"href":"https:\/\/naenpalabras.net\/wp\/wp-json\/wp\/v2\/posts"}],"about":[{"href":"https:\/\/naenpalabras.net\/wp\/wp-json\/wp\/v2\/types\/post"}],"author":[{"embeddable":true,"href":"https:\/\/naenpalabras.net\/wp\/wp-json\/wp\/v2\/users\/2"}],"replies":[{"embeddable":true,"href":"https:\/\/naenpalabras.net\/wp\/wp-json\/wp\/v2\/comments?post=2781"}],"version-history":[{"count":1,"href":"https:\/\/naenpalabras.net\/wp\/wp-json\/wp\/v2\/posts\/2781\/revisions"}],"predecessor-version":[{"id":2783,"href":"https:\/\/naenpalabras.net\/wp\/wp-json\/wp\/v2\/posts\/2781\/revisions\/2783"}],"wp:featuredmedia":[{"embeddable":true,"href":"https:\/\/naenpalabras.net\/wp\/wp-json\/wp\/v2\/media\/2782"}],"wp:attachment":[{"href":"https:\/\/naenpalabras.net\/wp\/wp-json\/wp\/v2\/media?parent=2781"}],"wp:term":[{"taxonomy":"category","embeddable":true,"href":"https:\/\/naenpalabras.net\/wp\/wp-json\/wp\/v2\/categories?post=2781"},{"taxonomy":"post_tag","embeddable":true,"href":"https:\/\/naenpalabras.net\/wp\/wp-json\/wp\/v2\/tags?post=2781"}],"curies":[{"name":"wp","href":"https:\/\/api.w.org\/{rel}","templated":true}]}}