{"id":2180,"date":"2025-02-04T17:51:10","date_gmt":"2025-02-04T21:51:10","guid":{"rendered":"https:\/\/naenpalabras.net\/wp\/?p=2180"},"modified":"2025-02-04T17:51:10","modified_gmt":"2025-02-04T21:51:10","slug":"libano-presenta-denuncia-ante-onu-contra-israel-por-violaciones-de-tregua","status":"publish","type":"post","link":"https:\/\/naenpalabras.net\/wp\/2025\/02\/04\/libano-presenta-denuncia-ante-onu-contra-israel-por-violaciones-de-tregua\/","title":{"rendered":"L\u00edbano presenta denuncia ante ONU contra Israel por violaciones de tregua"},"content":{"rendered":"<p class=\"introtext\">El L\u00edbano presenta otra queja ante el Consejo de Seguridad de la ONU por las reiteradas violaciones del acuerdo de alto el fuego con Hezbol\u00e1 por parte de Israel.<\/p>\n<div>\n<p>A trav\u00e9s de un comunicado, el Ministerio de Asuntos Exteriores del L\u00edbano ha informado este martes que la queja fue presentada a trav\u00e9s de la misi\u00f3n permanente libanesa en Nueva York en reacci\u00f3n a las violaciones por parte de Israel de la Resoluci\u00f3n 1701 y la declaraci\u00f3n de cese de hostilidades, as\u00ed como su total desprecio por los acuerdos de seguridad relacionados.<\/p>\n<p>La Resoluci\u00f3n 1701, adoptada el 11 de agosto de 2006, pide el cese total de las hostilidades entre el Movimiento de Resistencia Isl\u00e1mica de El L\u00edbano (Hezbol\u00e1),\u00a0e Israel y el establecimiento de una zona libre de armas entre la L\u00ednea Azul y el R\u00edo Litani en el sur del L\u00edbano, con excepciones para el ej\u00e9rcito liban\u00e9s y la FPNUL (Fuerza Provisional de las Naciones Unidas para el L\u00edbano).<\/p>\n<div data-oembed-url=\"https:\/\/www.hispantv.com\/noticias\/el-libano\/608976\/hezbila-ocupante-israeli-lugar\">\n<div class=\"oembed\"><a href=\"https:\/\/www.hispantv.com\/noticias\/el-libano\/608976\/hezbila-ocupante-israeli-lugar\" target=\"_blank\" rel=\"noopener\"><img decoding=\"async\" class=\"thumbnail\" src=\"https:\/\/cdn.hispantv.com\/hispanmedia\/files\/images\/thumbnail\/20250126\/22215189_xl.jpg\" alt=\"Hezbol\u00e1: Ocupante israel\u00ed no tiene lugar en L\u00edbano | HISPANTV\" \/><\/a><\/p>\n<div class=\"title\"><a href=\"https:\/\/www.hispantv.com\/noticias\/el-libano\/608976\/hezbila-ocupante-israeli-lugar\" target=\"_blank\" rel=\"noopener\">Hezbol\u00e1: Ocupante israel\u00ed no tiene lugar en L\u00edbano | HISPANTV<\/a><\/div>\n<\/div>\n<p><a href=\"https:\/\/www.hispantv.com\/noticias\/el-libano\/608976\/hezbila-ocupante-israeli-lugar\" target=\"_blank\" rel=\"noopener\">La Resistencia libanesa subray\u00f3 que el pueblo liban\u00e9s defender\u00e1 la soberan\u00eda del pa\u00eds y no se rendir\u00e1 ante las amenazas del r\u00e9gimen de Israel.<\/a><\/div>\n<p>&nbsp;<\/p>\n<p>Seg\u00fan el Ministerio liban\u00e9s, la denuncia explica en detalle las violaciones israel\u00edes en el sur del L\u00edbano, incluidos sus ataques terrestres y a\u00e9reos, la destrucci\u00f3n de viviendas y barrios residenciales, el secuestro de ciudadanos libaneses, incluidos soldados del ej\u00e9rcito, y los ataques a civiles que regresaban a sus aldeas fronterizas.<\/p>\n<ul>\n<li><strong><a title=\"Sube a 22 el saldo de civiles muertos por fuego israel\u00ed en sur de L\u00edbano\" href=\"https:\/\/www.hispantv.com\/noticias\/el-libano\/608967\/numero-muertos-fuego-israel-sur\">Sube a 22 el saldo de civiles muertos por fuego israel\u00ed en sur de L\u00edbano<\/a><\/strong><\/li>\n<li><strong><a title=\"L\u00edbano condena tiroteos a civiles; pide obligar a Israel a retirarse\" href=\"https:\/\/www.hispantv.com\/noticias\/el-libano\/608962\/tiroteos-civiles-debe-obligar-israel-retirarse\">L\u00edbano condena tiroteos a civiles; pide obligar a Israel a retirarse<\/a><\/strong><\/li>\n<\/ul>\n<p>El documento tambi\u00e9n anota los ataques de Israel contra patrullas del ej\u00e9rcito liban\u00e9s y periodistas, as\u00ed como la eliminaci\u00f3n de cinco marcadores de demarcaci\u00f3n a lo largo de la L\u00ednea Azul, una frontera de facto, y calific\u00f3 los actos israel\u00edes como violaciones flagrantes de la resoluci\u00f3n 1701 y de la soberan\u00eda libanesa.<\/p>\n<p>Inst\u00f3 adem\u00e1s al Consejo de Seguridad de Naciones Unidas y a los patrocinadores del alto el fuego a adoptar \u201cuna posici\u00f3n firme y clara\u201d contra las violaciones de Israel y a trabajar para fortalecer el ej\u00e9rcito liban\u00e9s y las fuerzas de la FPNUL.<\/p>\n<p>Desde el 27 de noviembre est\u00e1 vigente un fr\u00e1gil alto el fuego, que pone fin a un per\u00edodo de bombardeos mutuos entre Israel y Hezbol\u00e1 que comenz\u00f3 el 8 de octubre de 2023 y se intensific\u00f3 hasta convertirse en un conflicto a gran escala el 23 de septiembre del a\u00f1o pasado.<\/p>\n<p>Los arbitrarios ataques israel\u00edes a civiles libaneses han continuado incluso despu\u00e9s de que expirara el plazo de 60 d\u00edas para la retirada de las fuerzas israel\u00edes el 26 de enero, el d\u00eda en que las fuerzas israel\u00edes mataron a 22 personas en el sur del L\u00edbano, cuando miles de desplazados intentaban regresar a sus hogares desafiando las amenazas militares israel\u00edes.<\/p>\n<p>Estados Unidos, uno de los supervisores de la tregua, anunci\u00f3 la extensi\u00f3n del armisticio hasta el pr\u00f3ximo 18 de febrero, y\u00a0<a href=\"https:\/\/www.hispantv.com\/noticias\/el-libano\/609028\/lider-hezbola-israel-fracaso-derrotar-hamas\">Hezbol\u00e1, a su vez, advirti\u00f3<\/a>\u00a0que no tolerar\u00e1 la ocupaci\u00f3n israel\u00ed del territorio liban\u00e9s y actuar\u00e1 cuando sea necesario.<\/p>\n<\/div>\n<p><a href=\"https:\/\/www.hispantv.com\/noticias\/el-libano\/609494\/presenta-dewnuncia-israel-csnu\"><strong>Fuente: Hispantv<\/strong><\/a><\/p>\n","protected":false},"excerpt":{"rendered":"<p>El L\u00edbano presenta otra queja ante el Consejo de Seguridad de la ONU por las reiteradas violaciones del acuerdo de alto el fuego con Hezbol\u00e1 por parte de Israel. A trav\u00e9s de un comunicado, el Ministerio de Asuntos Exteriores del L\u00edbano ha informado este martes que la queja fue presentada [&hellip;]<\/p>\n","protected":false},"author":2,"featured_media":2181,"comment_status":"open","ping_status":"closed","sticky":false,"template":"","format":"standard","meta":{"footnotes":""},"categories":[4],"tags":[30,146,27,55],"class_list":["post-2180","post","type-post","status-publish","format-standard","has-post-thumbnail","hentry","category-noticias","tag-israel","tag-libano","tag-onu","tag-tregua"],"yoast_head":"<!-- This site is optimized with the Yoast SEO plugin v27.5 - https:\/\/yoast.com\/product\/yoast-seo-wordpress\/ -->\n<title>L\u00edbano presenta denuncia ante ONU contra Israel por violaciones de tregua - Nuestra Am\u00e9rica En Palabras<\/title>\n<meta name=\"robots\" content=\"index, follow, max-snippet:-1, max-image-preview:large, max-video-preview:-1\" \/>\n<link rel=\"canonical\" href=\"https:\/\/naenpalabras.net\/wp\/2025\/02\/04\/libano-presenta-denuncia-ante-onu-contra-israel-por-violaciones-de-tregua\/\" \/>\n<meta property=\"og:locale\" content=\"es_ES\" \/>\n<meta property=\"og:type\" content=\"article\" \/>\n<meta property=\"og:title\" content=\"L\u00edbano presenta denuncia ante ONU contra Israel por violaciones de tregua - Nuestra Am\u00e9rica En Palabras\" \/>\n<meta property=\"og:description\" content=\"El L\u00edbano presenta otra queja ante el Consejo de Seguridad de la ONU por las reiteradas violaciones del acuerdo de alto el fuego con Hezbol\u00e1 por parte de Israel. A trav\u00e9s de un comunicado, el Ministerio de Asuntos Exteriores del L\u00edbano ha informado este martes que la queja fue presentada [&hellip;]\" \/>\n<meta property=\"og:url\" content=\"https:\/\/naenpalabras.net\/wp\/2025\/02\/04\/libano-presenta-denuncia-ante-onu-contra-israel-por-violaciones-de-tregua\/\" \/>\n<meta property=\"og:site_name\" content=\"Nuestra Am\u00e9rica En Palabras\" \/>\n<meta property=\"article:published_time\" content=\"2025-02-04T21:51:10+00:00\" \/>\n<meta property=\"og:image\" content=\"https:\/\/naenpalabras.net\/wp\/wp-content\/uploads\/2025\/02\/3-1.jpg\" \/>\n\t<meta property=\"og:image:width\" content=\"880\" \/>\n\t<meta property=\"og:image:height\" content=\"495\" \/>\n\t<meta property=\"og:image:type\" content=\"image\/jpeg\" \/>\n<meta name=\"author\" content=\"naenp\" \/>\n<meta name=\"twitter:card\" content=\"summary_large_image\" \/>\n<meta name=\"twitter:label1\" content=\"Escrito por\" \/>\n\t<meta name=\"twitter:data1\" content=\"naenp\" \/>\n\t<meta name=\"twitter:label2\" content=\"Tiempo estimado de lectura\" \/>\n\t<meta name=\"twitter:data2\" content=\"3 minutos\" \/>\n<script type=\"application\/ld+json\" class=\"yoast-schema-graph\">{\"@context\":\"https:\\\/\\\/schema.org\",\"@graph\":[{\"@type\":\"Article\",\"@id\":\"https:\\\/\\\/naenpalabras.net\\\/wp\\\/2025\\\/02\\\/04\\\/libano-presenta-denuncia-ante-onu-contra-israel-por-violaciones-de-tregua\\\/#article\",\"isPartOf\":{\"@id\":\"https:\\\/\\\/naenpalabras.net\\\/wp\\\/2025\\\/02\\\/04\\\/libano-presenta-denuncia-ante-onu-contra-israel-por-violaciones-de-tregua\\\/\"},\"author\":{\"name\":\"naenp\",\"@id\":\"https:\\\/\\\/naenpalabras.net\\\/wp\\\/#\\\/schema\\\/person\\\/2b8dc3b44be009cae3c432096b2fad15\"},\"headline\":\"L\u00edbano presenta denuncia ante ONU contra Israel por violaciones de tregua\",\"datePublished\":\"2025-02-04T21:51:10+00:00\",\"mainEntityOfPage\":{\"@id\":\"https:\\\/\\\/naenpalabras.net\\\/wp\\\/2025\\\/02\\\/04\\\/libano-presenta-denuncia-ante-onu-contra-israel-por-violaciones-de-tregua\\\/\"},\"wordCount\":575,\"commentCount\":0,\"image\":{\"@id\":\"https:\\\/\\\/naenpalabras.net\\\/wp\\\/2025\\\/02\\\/04\\\/libano-presenta-denuncia-ante-onu-contra-israel-por-violaciones-de-tregua\\\/#primaryimage\"},\"thumbnailUrl\":\"https:\\\/\\\/naenpalabras.net\\\/wp\\\/wp-content\\\/uploads\\\/2025\\\/02\\\/3-1.jpg\",\"keywords\":[\"Israel\",\"L\u00edbano\",\"ONU\",\"tregua\"],\"articleSection\":[\"Noticias\"],\"inLanguage\":\"es\",\"potentialAction\":[{\"@type\":\"CommentAction\",\"name\":\"Comment\",\"target\":[\"https:\\\/\\\/naenpalabras.net\\\/wp\\\/2025\\\/02\\\/04\\\/libano-presenta-denuncia-ante-onu-contra-israel-por-violaciones-de-tregua\\\/#respond\"]}]},{\"@type\":\"WebPage\",\"@id\":\"https:\\\/\\\/naenpalabras.net\\\/wp\\\/2025\\\/02\\\/04\\\/libano-presenta-denuncia-ante-onu-contra-israel-por-violaciones-de-tregua\\\/\",\"url\":\"https:\\\/\\\/naenpalabras.net\\\/wp\\\/2025\\\/02\\\/04\\\/libano-presenta-denuncia-ante-onu-contra-israel-por-violaciones-de-tregua\\\/\",\"name\":\"L\u00edbano presenta denuncia ante ONU contra Israel por violaciones de tregua - Nuestra Am\u00e9rica En Palabras\",\"isPartOf\":{\"@id\":\"https:\\\/\\\/naenpalabras.net\\\/wp\\\/#website\"},\"primaryImageOfPage\":{\"@id\":\"https:\\\/\\\/naenpalabras.net\\\/wp\\\/2025\\\/02\\\/04\\\/libano-presenta-denuncia-ante-onu-contra-israel-por-violaciones-de-tregua\\\/#primaryimage\"},\"image\":{\"@id\":\"https:\\\/\\\/naenpalabras.net\\\/wp\\\/2025\\\/02\\\/04\\\/libano-presenta-denuncia-ante-onu-contra-israel-por-violaciones-de-tregua\\\/#primaryimage\"},\"thumbnailUrl\":\"https:\\\/\\\/naenpalabras.net\\\/wp\\\/wp-content\\\/uploads\\\/2025\\\/02\\\/3-1.jpg\",\"datePublished\":\"2025-02-04T21:51:10+00:00\",\"author\":{\"@id\":\"https:\\\/\\\/naenpalabras.net\\\/wp\\\/#\\\/schema\\\/person\\\/2b8dc3b44be009cae3c432096b2fad15\"},\"breadcrumb\":{\"@id\":\"https:\\\/\\\/naenpalabras.net\\\/wp\\\/2025\\\/02\\\/04\\\/libano-presenta-denuncia-ante-onu-contra-israel-por-violaciones-de-tregua\\\/#breadcrumb\"},\"inLanguage\":\"es\",\"potentialAction\":[{\"@type\":\"ReadAction\",\"target\":[\"https:\\\/\\\/naenpalabras.net\\\/wp\\\/2025\\\/02\\\/04\\\/libano-presenta-denuncia-ante-onu-contra-israel-por-violaciones-de-tregua\\\/\"]}]},{\"@type\":\"ImageObject\",\"inLanguage\":\"es\",\"@id\":\"https:\\\/\\\/naenpalabras.net\\\/wp\\\/2025\\\/02\\\/04\\\/libano-presenta-denuncia-ante-onu-contra-israel-por-violaciones-de-tregua\\\/#primaryimage\",\"url\":\"https:\\\/\\\/naenpalabras.net\\\/wp\\\/wp-content\\\/uploads\\\/2025\\\/02\\\/3-1.jpg\",\"contentUrl\":\"https:\\\/\\\/naenpalabras.net\\\/wp\\\/wp-content\\\/uploads\\\/2025\\\/02\\\/3-1.jpg\",\"width\":880,\"height\":495},{\"@type\":\"BreadcrumbList\",\"@id\":\"https:\\\/\\\/naenpalabras.net\\\/wp\\\/2025\\\/02\\\/04\\\/libano-presenta-denuncia-ante-onu-contra-israel-por-violaciones-de-tregua\\\/#breadcrumb\",\"itemListElement\":[{\"@type\":\"ListItem\",\"position\":1,\"name\":\"Portada\",\"item\":\"https:\\\/\\\/naenpalabras.net\\\/wp\\\/\"},{\"@type\":\"ListItem\",\"position\":2,\"name\":\"L\u00edbano presenta denuncia ante ONU contra Israel por violaciones de tregua\"}]},{\"@type\":\"WebSite\",\"@id\":\"https:\\\/\\\/naenpalabras.net\\\/wp\\\/#website\",\"url\":\"https:\\\/\\\/naenpalabras.net\\\/wp\\\/\",\"name\":\"Nuestra Am\u00e9rica En Palabras\",\"description\":\"\",\"potentialAction\":[{\"@type\":\"SearchAction\",\"target\":{\"@type\":\"EntryPoint\",\"urlTemplate\":\"https:\\\/\\\/naenpalabras.net\\\/wp\\\/?s={search_term_string}\"},\"query-input\":{\"@type\":\"PropertyValueSpecification\",\"valueRequired\":true,\"valueName\":\"search_term_string\"}}],\"inLanguage\":\"es\"},{\"@type\":\"Person\",\"@id\":\"https:\\\/\\\/naenpalabras.net\\\/wp\\\/#\\\/schema\\\/person\\\/2b8dc3b44be009cae3c432096b2fad15\",\"name\":\"naenp\",\"image\":{\"@type\":\"ImageObject\",\"inLanguage\":\"es\",\"@id\":\"https:\\\/\\\/secure.gravatar.com\\\/avatar\\\/ebeb7cc417e6a6b9894cfaca0e864947ba305c2cd77c221b39b90345e02bc3bb?s=96&d=mm&r=g\",\"url\":\"https:\\\/\\\/secure.gravatar.com\\\/avatar\\\/ebeb7cc417e6a6b9894cfaca0e864947ba305c2cd77c221b39b90345e02bc3bb?s=96&d=mm&r=g\",\"contentUrl\":\"https:\\\/\\\/secure.gravatar.com\\\/avatar\\\/ebeb7cc417e6a6b9894cfaca0e864947ba305c2cd77c221b39b90345e02bc3bb?s=96&d=mm&r=g\",\"caption\":\"naenp\"},\"sameAs\":[\"https:\\\/\\\/naenpalabras.net\\\/wp\"],\"url\":\"https:\\\/\\\/naenpalabras.net\\\/wp\\\/author\\\/admin-2\\\/\"}]}<\/script>\n<!-- \/ Yoast SEO plugin. -->","yoast_head_json":{"title":"L\u00edbano presenta denuncia ante ONU contra Israel por violaciones de tregua - Nuestra Am\u00e9rica En Palabras","robots":{"index":"index","follow":"follow","max-snippet":"max-snippet:-1","max-image-preview":"max-image-preview:large","max-video-preview":"max-video-preview:-1"},"canonical":"https:\/\/naenpalabras.net\/wp\/2025\/02\/04\/libano-presenta-denuncia-ante-onu-contra-israel-por-violaciones-de-tregua\/","og_locale":"es_ES","og_type":"article","og_title":"L\u00edbano presenta denuncia ante ONU contra Israel por violaciones de tregua - Nuestra Am\u00e9rica En Palabras","og_description":"El L\u00edbano presenta otra queja ante el Consejo de Seguridad de la ONU por las reiteradas violaciones del acuerdo de alto el fuego con Hezbol\u00e1 por parte de Israel. A trav\u00e9s de un comunicado, el Ministerio de Asuntos Exteriores del L\u00edbano ha informado este martes que la queja fue presentada [&hellip;]","og_url":"https:\/\/naenpalabras.net\/wp\/2025\/02\/04\/libano-presenta-denuncia-ante-onu-contra-israel-por-violaciones-de-tregua\/","og_site_name":"Nuestra Am\u00e9rica En Palabras","article_published_time":"2025-02-04T21:51:10+00:00","og_image":[{"width":880,"height":495,"url":"https:\/\/naenpalabras.net\/wp\/wp-content\/uploads\/2025\/02\/3-1.jpg","type":"image\/jpeg"}],"author":"naenp","twitter_card":"summary_large_image","twitter_misc":{"Escrito por":"naenp","Tiempo estimado de lectura":"3 minutos"},"schema":{"@context":"https:\/\/schema.org","@graph":[{"@type":"Article","@id":"https:\/\/naenpalabras.net\/wp\/2025\/02\/04\/libano-presenta-denuncia-ante-onu-contra-israel-por-violaciones-de-tregua\/#article","isPartOf":{"@id":"https:\/\/naenpalabras.net\/wp\/2025\/02\/04\/libano-presenta-denuncia-ante-onu-contra-israel-por-violaciones-de-tregua\/"},"author":{"name":"naenp","@id":"https:\/\/naenpalabras.net\/wp\/#\/schema\/person\/2b8dc3b44be009cae3c432096b2fad15"},"headline":"L\u00edbano presenta denuncia ante ONU contra Israel por violaciones de tregua","datePublished":"2025-02-04T21:51:10+00:00","mainEntityOfPage":{"@id":"https:\/\/naenpalabras.net\/wp\/2025\/02\/04\/libano-presenta-denuncia-ante-onu-contra-israel-por-violaciones-de-tregua\/"},"wordCount":575,"commentCount":0,"image":{"@id":"https:\/\/naenpalabras.net\/wp\/2025\/02\/04\/libano-presenta-denuncia-ante-onu-contra-israel-por-violaciones-de-tregua\/#primaryimage"},"thumbnailUrl":"https:\/\/naenpalabras.net\/wp\/wp-content\/uploads\/2025\/02\/3-1.jpg","keywords":["Israel","L\u00edbano","ONU","tregua"],"articleSection":["Noticias"],"inLanguage":"es","potentialAction":[{"@type":"CommentAction","name":"Comment","target":["https:\/\/naenpalabras.net\/wp\/2025\/02\/04\/libano-presenta-denuncia-ante-onu-contra-israel-por-violaciones-de-tregua\/#respond"]}]},{"@type":"WebPage","@id":"https:\/\/naenpalabras.net\/wp\/2025\/02\/04\/libano-presenta-denuncia-ante-onu-contra-israel-por-violaciones-de-tregua\/","url":"https:\/\/naenpalabras.net\/wp\/2025\/02\/04\/libano-presenta-denuncia-ante-onu-contra-israel-por-violaciones-de-tregua\/","name":"L\u00edbano presenta denuncia ante ONU contra Israel por violaciones de tregua - Nuestra Am\u00e9rica En Palabras","isPartOf":{"@id":"https:\/\/naenpalabras.net\/wp\/#website"},"primaryImageOfPage":{"@id":"https:\/\/naenpalabras.net\/wp\/2025\/02\/04\/libano-presenta-denuncia-ante-onu-contra-israel-por-violaciones-de-tregua\/#primaryimage"},"image":{"@id":"https:\/\/naenpalabras.net\/wp\/2025\/02\/04\/libano-presenta-denuncia-ante-onu-contra-israel-por-violaciones-de-tregua\/#primaryimage"},"thumbnailUrl":"https:\/\/naenpalabras.net\/wp\/wp-content\/uploads\/2025\/02\/3-1.jpg","datePublished":"2025-02-04T21:51:10+00:00","author":{"@id":"https:\/\/naenpalabras.net\/wp\/#\/schema\/person\/2b8dc3b44be009cae3c432096b2fad15"},"breadcrumb":{"@id":"https:\/\/naenpalabras.net\/wp\/2025\/02\/04\/libano-presenta-denuncia-ante-onu-contra-israel-por-violaciones-de-tregua\/#breadcrumb"},"inLanguage":"es","potentialAction":[{"@type":"ReadAction","target":["https:\/\/naenpalabras.net\/wp\/2025\/02\/04\/libano-presenta-denuncia-ante-onu-contra-israel-por-violaciones-de-tregua\/"]}]},{"@type":"ImageObject","inLanguage":"es","@id":"https:\/\/naenpalabras.net\/wp\/2025\/02\/04\/libano-presenta-denuncia-ante-onu-contra-israel-por-violaciones-de-tregua\/#primaryimage","url":"https:\/\/naenpalabras.net\/wp\/wp-content\/uploads\/2025\/02\/3-1.jpg","contentUrl":"https:\/\/naenpalabras.net\/wp\/wp-content\/uploads\/2025\/02\/3-1.jpg","width":880,"height":495},{"@type":"BreadcrumbList","@id":"https:\/\/naenpalabras.net\/wp\/2025\/02\/04\/libano-presenta-denuncia-ante-onu-contra-israel-por-violaciones-de-tregua\/#breadcrumb","itemListElement":[{"@type":"ListItem","position":1,"name":"Portada","item":"https:\/\/naenpalabras.net\/wp\/"},{"@type":"ListItem","position":2,"name":"L\u00edbano presenta denuncia ante ONU contra Israel por violaciones de tregua"}]},{"@type":"WebSite","@id":"https:\/\/naenpalabras.net\/wp\/#website","url":"https:\/\/naenpalabras.net\/wp\/","name":"Nuestra Am\u00e9rica En Palabras","description":"","potentialAction":[{"@type":"SearchAction","target":{"@type":"EntryPoint","urlTemplate":"https:\/\/naenpalabras.net\/wp\/?s={search_term_string}"},"query-input":{"@type":"PropertyValueSpecification","valueRequired":true,"valueName":"search_term_string"}}],"inLanguage":"es"},{"@type":"Person","@id":"https:\/\/naenpalabras.net\/wp\/#\/schema\/person\/2b8dc3b44be009cae3c432096b2fad15","name":"naenp","image":{"@type":"ImageObject","inLanguage":"es","@id":"https:\/\/secure.gravatar.com\/avatar\/ebeb7cc417e6a6b9894cfaca0e864947ba305c2cd77c221b39b90345e02bc3bb?s=96&d=mm&r=g","url":"https:\/\/secure.gravatar.com\/avatar\/ebeb7cc417e6a6b9894cfaca0e864947ba305c2cd77c221b39b90345e02bc3bb?s=96&d=mm&r=g","contentUrl":"https:\/\/secure.gravatar.com\/avatar\/ebeb7cc417e6a6b9894cfaca0e864947ba305c2cd77c221b39b90345e02bc3bb?s=96&d=mm&r=g","caption":"naenp"},"sameAs":["https:\/\/naenpalabras.net\/wp"],"url":"https:\/\/naenpalabras.net\/wp\/author\/admin-2\/"}]}},"_links":{"self":[{"href":"https:\/\/naenpalabras.net\/wp\/wp-json\/wp\/v2\/posts\/2180","targetHints":{"allow":["GET"]}}],"collection":[{"href":"https:\/\/naenpalabras.net\/wp\/wp-json\/wp\/v2\/posts"}],"about":[{"href":"https:\/\/naenpalabras.net\/wp\/wp-json\/wp\/v2\/types\/post"}],"author":[{"embeddable":true,"href":"https:\/\/naenpalabras.net\/wp\/wp-json\/wp\/v2\/users\/2"}],"replies":[{"embeddable":true,"href":"https:\/\/naenpalabras.net\/wp\/wp-json\/wp\/v2\/comments?post=2180"}],"version-history":[{"count":1,"href":"https:\/\/naenpalabras.net\/wp\/wp-json\/wp\/v2\/posts\/2180\/revisions"}],"predecessor-version":[{"id":2182,"href":"https:\/\/naenpalabras.net\/wp\/wp-json\/wp\/v2\/posts\/2180\/revisions\/2182"}],"wp:featuredmedia":[{"embeddable":true,"href":"https:\/\/naenpalabras.net\/wp\/wp-json\/wp\/v2\/media\/2181"}],"wp:attachment":[{"href":"https:\/\/naenpalabras.net\/wp\/wp-json\/wp\/v2\/media?parent=2180"}],"wp:term":[{"taxonomy":"category","embeddable":true,"href":"https:\/\/naenpalabras.net\/wp\/wp-json\/wp\/v2\/categories?post=2180"},{"taxonomy":"post_tag","embeddable":true,"href":"https:\/\/naenpalabras.net\/wp\/wp-json\/wp\/v2\/tags?post=2180"}],"curies":[{"name":"wp","href":"https:\/\/api.w.org\/{rel}","templated":true}]}}