{"id":202,"date":"2024-03-25T15:47:23","date_gmt":"2024-03-25T19:47:23","guid":{"rendered":"https:\/\/naenpalabras.net\/wp\/?p=202"},"modified":"2024-03-25T15:47:23","modified_gmt":"2024-03-25T19:47:23","slug":"onu-aprueba-una-resolucion-que-exige-un-alto-el-fuego-temporal-en-gaza","status":"publish","type":"post","link":"https:\/\/naenpalabras.net\/wp\/2024\/03\/25\/onu-aprueba-una-resolucion-que-exige-un-alto-el-fuego-temporal-en-gaza\/","title":{"rendered":"ONU aprueba una resoluci\u00f3n que exige un alto el fuego temporal en Gaza"},"content":{"rendered":"<div class=\"col-xs-12 col-md-8\">\n<div class=\"item-text\">\n<p class=\"introtext\">El Consejo de Seguridad de las Naciones Unidas (CSNU) ha aprobado una resoluci\u00f3n que exige un alto el fuego inmediato en la asediada Franja de Gaza.<\/p>\n<div>\n<p>\u201cEl Consejo de Seguridad acaba de aprobar una resoluci\u00f3n sobre Gaza largamente esperada, que exige un alto el fuego inmediato y la liberaci\u00f3n inmediata e incondicional de todos los rehenes\u201d, ha informado este lunes el secretario general de las Naciones Unidos, Ant\u00f3nio Guterres,\u00a0<a href=\"https:\/\/twitter.com\/antonioguterres\/status\/1772271978293948899\">en un comunicado<\/a>.<\/p>\n<p>Ha a\u00f1adido que \u201cesta resoluci\u00f3n debe aplicarse\u201d. De no hacerlo ser\u00eda imperdonable\u201d, ha enfatizado.<\/p>\n<p>Estados Unidos fue el \u00fanico de los quince miembros que forman el Consejo de Seguridad de la ONU que se abstuvo, mientras que el resto vot\u00f3 a favor de la resoluci\u00f3n.<\/p>\n<p>Esta resoluci\u00f3n \u201csubraya la urgente necesidad de ampliar el flujo de ayuda humanitaria y reforzar la protecci\u00f3n de los civiles en toda la Franja de Gaza, adem\u00e1s de reiterar su exigencia de que se levanten todas las barreras a la prestaci\u00f3n de ayuda humanitaria a escala\u201d.<\/p>\n<p>Con fecha anterior,\u00a0Estados Unidos hab\u00eda usado en tres ocasiones su derecho al veto en el\u00a0Consejo de Seguridad para trabar\u00a0las resoluciones que ped\u00edan un alto el fuego inmediato en el asediado enclave palestino, bajo\u00a0el pretexto que no lograr\u00edan una paz duradera.<\/p>\n<ul>\n<li><strong><a href=\"https:\/\/www.hispantv.com\/showepisode\/wikihispan\/eeuu-veto-onu\/65697\">Todo sobre el veto de Estados Unidos en el Consejo de Seguridad de ONU<\/a><\/strong><\/li>\n<\/ul>\n<div data-oembed-url=\"https:\/\/www.hispantv.com\/noticias\/ee-uu-\/580118\/eeuu-veta-resolucion-onu-fin-guerra-israel-gaza\">\n<div class=\"oembed\"><a href=\"https:\/\/www.hispantv.com\/noticias\/ee-uu-\/580118\/eeuu-veta-resolucion-onu-fin-guerra-israel-gaza\" target=\"_blank\" rel=\"noopener\"><img decoding=\"async\" class=\"thumbnail\" src=\"https:\/\/cdn.hispantv.com\/hispanmedia\/files\/images\/thumbnail\/20240220\/1817143_xl.jpg\" alt=\"EEUU veta otra resoluci\u00f3n de ONU para alto el fuego en Gaza | HISPANTV\" \/><\/a><\/p>\n<div class=\"title\"><a href=\"https:\/\/www.hispantv.com\/noticias\/ee-uu-\/580118\/eeuu-veta-resolucion-onu-fin-guerra-israel-gaza\" target=\"_blank\" rel=\"noopener\">EEUU veta otra resoluci\u00f3n de ONU para alto el fuego en Gaza | HISPANTV<\/a><\/div>\n<\/div>\n<p><a href=\"https:\/\/www.hispantv.com\/noticias\/ee-uu-\/580118\/eeuu-veta-resolucion-onu-fin-guerra-israel-gaza\" target=\"_blank\" rel=\"noopener\">EE.UU. ha vuelto a vetar este martes una nueva resoluci\u00f3n del Consejo de Seguridad de las Naciones Unidas (CSNU) que pide \u201cun alto el fuego inmediato\u201d en Gaza.<\/a><\/div>\n<\/div>\n<p><a href=\"https:\/\/www.hispantv.com\/noticias\/palestina\/581819\/onu-aprueba-resolucion-exige-alto-fuego-temporal-gaza\"><strong>Fuente: Hispantv\u00a0<\/strong><\/a><\/p>\n<\/div>\n<\/div>\n","protected":false},"excerpt":{"rendered":"<p>El Consejo de Seguridad de las Naciones Unidas (CSNU) ha aprobado una resoluci\u00f3n que exige un alto el fuego inmediato en la asediada Franja de Gaza. \u201cEl Consejo de Seguridad acaba de aprobar una resoluci\u00f3n sobre Gaza largamente esperada, que exige un alto el fuego inmediato y la liberaci\u00f3n inmediata [&hellip;]<\/p>\n","protected":false},"author":2,"featured_media":203,"comment_status":"open","ping_status":"closed","sticky":false,"template":"","format":"standard","meta":{"footnotes":""},"categories":[9],"tags":[32,30,27],"class_list":["post-202","post","type-post","status-publish","format-standard","has-post-thumbnail","hentry","category-geopolitica","tag-gaza","tag-israel","tag-onu"],"yoast_head":"<!-- This site is optimized with the Yoast SEO plugin v27.5 - https:\/\/yoast.com\/product\/yoast-seo-wordpress\/ -->\n<title>ONU aprueba una resoluci\u00f3n que exige un alto el fuego temporal en Gaza - Nuestra Am\u00e9rica En Palabras<\/title>\n<meta name=\"robots\" content=\"index, follow, max-snippet:-1, max-image-preview:large, max-video-preview:-1\" \/>\n<link rel=\"canonical\" href=\"https:\/\/naenpalabras.net\/wp\/2024\/03\/25\/onu-aprueba-una-resolucion-que-exige-un-alto-el-fuego-temporal-en-gaza\/\" \/>\n<meta property=\"og:locale\" content=\"es_ES\" \/>\n<meta property=\"og:type\" content=\"article\" \/>\n<meta property=\"og:title\" content=\"ONU aprueba una resoluci\u00f3n que exige un alto el fuego temporal en Gaza - Nuestra Am\u00e9rica En Palabras\" \/>\n<meta property=\"og:description\" content=\"El Consejo de Seguridad de las Naciones Unidas (CSNU) ha aprobado una resoluci\u00f3n que exige un alto el fuego inmediato en la asediada Franja de Gaza. \u201cEl Consejo de Seguridad acaba de aprobar una resoluci\u00f3n sobre Gaza largamente esperada, que exige un alto el fuego inmediato y la liberaci\u00f3n inmediata [&hellip;]\" \/>\n<meta property=\"og:url\" content=\"https:\/\/naenpalabras.net\/wp\/2024\/03\/25\/onu-aprueba-una-resolucion-que-exige-un-alto-el-fuego-temporal-en-gaza\/\" \/>\n<meta property=\"og:site_name\" content=\"Nuestra Am\u00e9rica En Palabras\" \/>\n<meta property=\"article:published_time\" content=\"2024-03-25T19:47:23+00:00\" \/>\n<meta property=\"og:image\" content=\"https:\/\/naenpalabras.net\/wp\/wp-content\/uploads\/2024\/03\/4-7.jpg\" \/>\n\t<meta property=\"og:image:width\" content=\"880\" \/>\n\t<meta property=\"og:image:height\" content=\"495\" \/>\n\t<meta property=\"og:image:type\" content=\"image\/jpeg\" \/>\n<meta name=\"author\" content=\"naenp\" \/>\n<meta name=\"twitter:card\" content=\"summary_large_image\" \/>\n<meta name=\"twitter:label1\" content=\"Escrito por\" \/>\n\t<meta name=\"twitter:data1\" content=\"naenp\" \/>\n\t<meta name=\"twitter:label2\" content=\"Tiempo estimado de lectura\" \/>\n\t<meta name=\"twitter:data2\" content=\"2 minutos\" \/>\n<script type=\"application\/ld+json\" class=\"yoast-schema-graph\">{\"@context\":\"https:\\\/\\\/schema.org\",\"@graph\":[{\"@type\":\"Article\",\"@id\":\"https:\\\/\\\/naenpalabras.net\\\/wp\\\/2024\\\/03\\\/25\\\/onu-aprueba-una-resolucion-que-exige-un-alto-el-fuego-temporal-en-gaza\\\/#article\",\"isPartOf\":{\"@id\":\"https:\\\/\\\/naenpalabras.net\\\/wp\\\/2024\\\/03\\\/25\\\/onu-aprueba-una-resolucion-que-exige-un-alto-el-fuego-temporal-en-gaza\\\/\"},\"author\":{\"name\":\"naenp\",\"@id\":\"https:\\\/\\\/naenpalabras.net\\\/wp\\\/#\\\/schema\\\/person\\\/2b8dc3b44be009cae3c432096b2fad15\"},\"headline\":\"ONU aprueba una resoluci\u00f3n que exige un alto el fuego temporal en Gaza\",\"datePublished\":\"2024-03-25T19:47:23+00:00\",\"mainEntityOfPage\":{\"@id\":\"https:\\\/\\\/naenpalabras.net\\\/wp\\\/2024\\\/03\\\/25\\\/onu-aprueba-una-resolucion-que-exige-un-alto-el-fuego-temporal-en-gaza\\\/\"},\"wordCount\":296,\"commentCount\":0,\"image\":{\"@id\":\"https:\\\/\\\/naenpalabras.net\\\/wp\\\/2024\\\/03\\\/25\\\/onu-aprueba-una-resolucion-que-exige-un-alto-el-fuego-temporal-en-gaza\\\/#primaryimage\"},\"thumbnailUrl\":\"https:\\\/\\\/naenpalabras.net\\\/wp\\\/wp-content\\\/uploads\\\/2024\\\/03\\\/4-7.jpg\",\"keywords\":[\"Gaza\",\"Israel\",\"ONU\"],\"articleSection\":[\"Geopol\u00edtica\"],\"inLanguage\":\"es\",\"potentialAction\":[{\"@type\":\"CommentAction\",\"name\":\"Comment\",\"target\":[\"https:\\\/\\\/naenpalabras.net\\\/wp\\\/2024\\\/03\\\/25\\\/onu-aprueba-una-resolucion-que-exige-un-alto-el-fuego-temporal-en-gaza\\\/#respond\"]}]},{\"@type\":\"WebPage\",\"@id\":\"https:\\\/\\\/naenpalabras.net\\\/wp\\\/2024\\\/03\\\/25\\\/onu-aprueba-una-resolucion-que-exige-un-alto-el-fuego-temporal-en-gaza\\\/\",\"url\":\"https:\\\/\\\/naenpalabras.net\\\/wp\\\/2024\\\/03\\\/25\\\/onu-aprueba-una-resolucion-que-exige-un-alto-el-fuego-temporal-en-gaza\\\/\",\"name\":\"ONU aprueba una resoluci\u00f3n que exige un alto el fuego temporal en Gaza - Nuestra Am\u00e9rica En Palabras\",\"isPartOf\":{\"@id\":\"https:\\\/\\\/naenpalabras.net\\\/wp\\\/#website\"},\"primaryImageOfPage\":{\"@id\":\"https:\\\/\\\/naenpalabras.net\\\/wp\\\/2024\\\/03\\\/25\\\/onu-aprueba-una-resolucion-que-exige-un-alto-el-fuego-temporal-en-gaza\\\/#primaryimage\"},\"image\":{\"@id\":\"https:\\\/\\\/naenpalabras.net\\\/wp\\\/2024\\\/03\\\/25\\\/onu-aprueba-una-resolucion-que-exige-un-alto-el-fuego-temporal-en-gaza\\\/#primaryimage\"},\"thumbnailUrl\":\"https:\\\/\\\/naenpalabras.net\\\/wp\\\/wp-content\\\/uploads\\\/2024\\\/03\\\/4-7.jpg\",\"datePublished\":\"2024-03-25T19:47:23+00:00\",\"author\":{\"@id\":\"https:\\\/\\\/naenpalabras.net\\\/wp\\\/#\\\/schema\\\/person\\\/2b8dc3b44be009cae3c432096b2fad15\"},\"breadcrumb\":{\"@id\":\"https:\\\/\\\/naenpalabras.net\\\/wp\\\/2024\\\/03\\\/25\\\/onu-aprueba-una-resolucion-que-exige-un-alto-el-fuego-temporal-en-gaza\\\/#breadcrumb\"},\"inLanguage\":\"es\",\"potentialAction\":[{\"@type\":\"ReadAction\",\"target\":[\"https:\\\/\\\/naenpalabras.net\\\/wp\\\/2024\\\/03\\\/25\\\/onu-aprueba-una-resolucion-que-exige-un-alto-el-fuego-temporal-en-gaza\\\/\"]}]},{\"@type\":\"ImageObject\",\"inLanguage\":\"es\",\"@id\":\"https:\\\/\\\/naenpalabras.net\\\/wp\\\/2024\\\/03\\\/25\\\/onu-aprueba-una-resolucion-que-exige-un-alto-el-fuego-temporal-en-gaza\\\/#primaryimage\",\"url\":\"https:\\\/\\\/naenpalabras.net\\\/wp\\\/wp-content\\\/uploads\\\/2024\\\/03\\\/4-7.jpg\",\"contentUrl\":\"https:\\\/\\\/naenpalabras.net\\\/wp\\\/wp-content\\\/uploads\\\/2024\\\/03\\\/4-7.jpg\",\"width\":880,\"height\":495},{\"@type\":\"BreadcrumbList\",\"@id\":\"https:\\\/\\\/naenpalabras.net\\\/wp\\\/2024\\\/03\\\/25\\\/onu-aprueba-una-resolucion-que-exige-un-alto-el-fuego-temporal-en-gaza\\\/#breadcrumb\",\"itemListElement\":[{\"@type\":\"ListItem\",\"position\":1,\"name\":\"Portada\",\"item\":\"https:\\\/\\\/naenpalabras.net\\\/wp\\\/\"},{\"@type\":\"ListItem\",\"position\":2,\"name\":\"ONU aprueba una resoluci\u00f3n que exige un alto el fuego temporal en Gaza\"}]},{\"@type\":\"WebSite\",\"@id\":\"https:\\\/\\\/naenpalabras.net\\\/wp\\\/#website\",\"url\":\"https:\\\/\\\/naenpalabras.net\\\/wp\\\/\",\"name\":\"Nuestra Am\u00e9rica En Palabras\",\"description\":\"\",\"potentialAction\":[{\"@type\":\"SearchAction\",\"target\":{\"@type\":\"EntryPoint\",\"urlTemplate\":\"https:\\\/\\\/naenpalabras.net\\\/wp\\\/?s={search_term_string}\"},\"query-input\":{\"@type\":\"PropertyValueSpecification\",\"valueRequired\":true,\"valueName\":\"search_term_string\"}}],\"inLanguage\":\"es\"},{\"@type\":\"Person\",\"@id\":\"https:\\\/\\\/naenpalabras.net\\\/wp\\\/#\\\/schema\\\/person\\\/2b8dc3b44be009cae3c432096b2fad15\",\"name\":\"naenp\",\"image\":{\"@type\":\"ImageObject\",\"inLanguage\":\"es\",\"@id\":\"https:\\\/\\\/secure.gravatar.com\\\/avatar\\\/ebeb7cc417e6a6b9894cfaca0e864947ba305c2cd77c221b39b90345e02bc3bb?s=96&d=mm&r=g\",\"url\":\"https:\\\/\\\/secure.gravatar.com\\\/avatar\\\/ebeb7cc417e6a6b9894cfaca0e864947ba305c2cd77c221b39b90345e02bc3bb?s=96&d=mm&r=g\",\"contentUrl\":\"https:\\\/\\\/secure.gravatar.com\\\/avatar\\\/ebeb7cc417e6a6b9894cfaca0e864947ba305c2cd77c221b39b90345e02bc3bb?s=96&d=mm&r=g\",\"caption\":\"naenp\"},\"sameAs\":[\"https:\\\/\\\/naenpalabras.net\\\/wp\"],\"url\":\"https:\\\/\\\/naenpalabras.net\\\/wp\\\/author\\\/admin-2\\\/\"}]}<\/script>\n<!-- \/ Yoast SEO plugin. -->","yoast_head_json":{"title":"ONU aprueba una resoluci\u00f3n que exige un alto el fuego temporal en Gaza - Nuestra Am\u00e9rica En Palabras","robots":{"index":"index","follow":"follow","max-snippet":"max-snippet:-1","max-image-preview":"max-image-preview:large","max-video-preview":"max-video-preview:-1"},"canonical":"https:\/\/naenpalabras.net\/wp\/2024\/03\/25\/onu-aprueba-una-resolucion-que-exige-un-alto-el-fuego-temporal-en-gaza\/","og_locale":"es_ES","og_type":"article","og_title":"ONU aprueba una resoluci\u00f3n que exige un alto el fuego temporal en Gaza - Nuestra Am\u00e9rica En Palabras","og_description":"El Consejo de Seguridad de las Naciones Unidas (CSNU) ha aprobado una resoluci\u00f3n que exige un alto el fuego inmediato en la asediada Franja de Gaza. \u201cEl Consejo de Seguridad acaba de aprobar una resoluci\u00f3n sobre Gaza largamente esperada, que exige un alto el fuego inmediato y la liberaci\u00f3n inmediata [&hellip;]","og_url":"https:\/\/naenpalabras.net\/wp\/2024\/03\/25\/onu-aprueba-una-resolucion-que-exige-un-alto-el-fuego-temporal-en-gaza\/","og_site_name":"Nuestra Am\u00e9rica En Palabras","article_published_time":"2024-03-25T19:47:23+00:00","og_image":[{"width":880,"height":495,"url":"https:\/\/naenpalabras.net\/wp\/wp-content\/uploads\/2024\/03\/4-7.jpg","type":"image\/jpeg"}],"author":"naenp","twitter_card":"summary_large_image","twitter_misc":{"Escrito por":"naenp","Tiempo estimado de lectura":"2 minutos"},"schema":{"@context":"https:\/\/schema.org","@graph":[{"@type":"Article","@id":"https:\/\/naenpalabras.net\/wp\/2024\/03\/25\/onu-aprueba-una-resolucion-que-exige-un-alto-el-fuego-temporal-en-gaza\/#article","isPartOf":{"@id":"https:\/\/naenpalabras.net\/wp\/2024\/03\/25\/onu-aprueba-una-resolucion-que-exige-un-alto-el-fuego-temporal-en-gaza\/"},"author":{"name":"naenp","@id":"https:\/\/naenpalabras.net\/wp\/#\/schema\/person\/2b8dc3b44be009cae3c432096b2fad15"},"headline":"ONU aprueba una resoluci\u00f3n que exige un alto el fuego temporal en Gaza","datePublished":"2024-03-25T19:47:23+00:00","mainEntityOfPage":{"@id":"https:\/\/naenpalabras.net\/wp\/2024\/03\/25\/onu-aprueba-una-resolucion-que-exige-un-alto-el-fuego-temporal-en-gaza\/"},"wordCount":296,"commentCount":0,"image":{"@id":"https:\/\/naenpalabras.net\/wp\/2024\/03\/25\/onu-aprueba-una-resolucion-que-exige-un-alto-el-fuego-temporal-en-gaza\/#primaryimage"},"thumbnailUrl":"https:\/\/naenpalabras.net\/wp\/wp-content\/uploads\/2024\/03\/4-7.jpg","keywords":["Gaza","Israel","ONU"],"articleSection":["Geopol\u00edtica"],"inLanguage":"es","potentialAction":[{"@type":"CommentAction","name":"Comment","target":["https:\/\/naenpalabras.net\/wp\/2024\/03\/25\/onu-aprueba-una-resolucion-que-exige-un-alto-el-fuego-temporal-en-gaza\/#respond"]}]},{"@type":"WebPage","@id":"https:\/\/naenpalabras.net\/wp\/2024\/03\/25\/onu-aprueba-una-resolucion-que-exige-un-alto-el-fuego-temporal-en-gaza\/","url":"https:\/\/naenpalabras.net\/wp\/2024\/03\/25\/onu-aprueba-una-resolucion-que-exige-un-alto-el-fuego-temporal-en-gaza\/","name":"ONU aprueba una resoluci\u00f3n que exige un alto el fuego temporal en Gaza - Nuestra Am\u00e9rica En Palabras","isPartOf":{"@id":"https:\/\/naenpalabras.net\/wp\/#website"},"primaryImageOfPage":{"@id":"https:\/\/naenpalabras.net\/wp\/2024\/03\/25\/onu-aprueba-una-resolucion-que-exige-un-alto-el-fuego-temporal-en-gaza\/#primaryimage"},"image":{"@id":"https:\/\/naenpalabras.net\/wp\/2024\/03\/25\/onu-aprueba-una-resolucion-que-exige-un-alto-el-fuego-temporal-en-gaza\/#primaryimage"},"thumbnailUrl":"https:\/\/naenpalabras.net\/wp\/wp-content\/uploads\/2024\/03\/4-7.jpg","datePublished":"2024-03-25T19:47:23+00:00","author":{"@id":"https:\/\/naenpalabras.net\/wp\/#\/schema\/person\/2b8dc3b44be009cae3c432096b2fad15"},"breadcrumb":{"@id":"https:\/\/naenpalabras.net\/wp\/2024\/03\/25\/onu-aprueba-una-resolucion-que-exige-un-alto-el-fuego-temporal-en-gaza\/#breadcrumb"},"inLanguage":"es","potentialAction":[{"@type":"ReadAction","target":["https:\/\/naenpalabras.net\/wp\/2024\/03\/25\/onu-aprueba-una-resolucion-que-exige-un-alto-el-fuego-temporal-en-gaza\/"]}]},{"@type":"ImageObject","inLanguage":"es","@id":"https:\/\/naenpalabras.net\/wp\/2024\/03\/25\/onu-aprueba-una-resolucion-que-exige-un-alto-el-fuego-temporal-en-gaza\/#primaryimage","url":"https:\/\/naenpalabras.net\/wp\/wp-content\/uploads\/2024\/03\/4-7.jpg","contentUrl":"https:\/\/naenpalabras.net\/wp\/wp-content\/uploads\/2024\/03\/4-7.jpg","width":880,"height":495},{"@type":"BreadcrumbList","@id":"https:\/\/naenpalabras.net\/wp\/2024\/03\/25\/onu-aprueba-una-resolucion-que-exige-un-alto-el-fuego-temporal-en-gaza\/#breadcrumb","itemListElement":[{"@type":"ListItem","position":1,"name":"Portada","item":"https:\/\/naenpalabras.net\/wp\/"},{"@type":"ListItem","position":2,"name":"ONU aprueba una resoluci\u00f3n que exige un alto el fuego temporal en Gaza"}]},{"@type":"WebSite","@id":"https:\/\/naenpalabras.net\/wp\/#website","url":"https:\/\/naenpalabras.net\/wp\/","name":"Nuestra Am\u00e9rica En Palabras","description":"","potentialAction":[{"@type":"SearchAction","target":{"@type":"EntryPoint","urlTemplate":"https:\/\/naenpalabras.net\/wp\/?s={search_term_string}"},"query-input":{"@type":"PropertyValueSpecification","valueRequired":true,"valueName":"search_term_string"}}],"inLanguage":"es"},{"@type":"Person","@id":"https:\/\/naenpalabras.net\/wp\/#\/schema\/person\/2b8dc3b44be009cae3c432096b2fad15","name":"naenp","image":{"@type":"ImageObject","inLanguage":"es","@id":"https:\/\/secure.gravatar.com\/avatar\/ebeb7cc417e6a6b9894cfaca0e864947ba305c2cd77c221b39b90345e02bc3bb?s=96&d=mm&r=g","url":"https:\/\/secure.gravatar.com\/avatar\/ebeb7cc417e6a6b9894cfaca0e864947ba305c2cd77c221b39b90345e02bc3bb?s=96&d=mm&r=g","contentUrl":"https:\/\/secure.gravatar.com\/avatar\/ebeb7cc417e6a6b9894cfaca0e864947ba305c2cd77c221b39b90345e02bc3bb?s=96&d=mm&r=g","caption":"naenp"},"sameAs":["https:\/\/naenpalabras.net\/wp"],"url":"https:\/\/naenpalabras.net\/wp\/author\/admin-2\/"}]}},"_links":{"self":[{"href":"https:\/\/naenpalabras.net\/wp\/wp-json\/wp\/v2\/posts\/202","targetHints":{"allow":["GET"]}}],"collection":[{"href":"https:\/\/naenpalabras.net\/wp\/wp-json\/wp\/v2\/posts"}],"about":[{"href":"https:\/\/naenpalabras.net\/wp\/wp-json\/wp\/v2\/types\/post"}],"author":[{"embeddable":true,"href":"https:\/\/naenpalabras.net\/wp\/wp-json\/wp\/v2\/users\/2"}],"replies":[{"embeddable":true,"href":"https:\/\/naenpalabras.net\/wp\/wp-json\/wp\/v2\/comments?post=202"}],"version-history":[{"count":1,"href":"https:\/\/naenpalabras.net\/wp\/wp-json\/wp\/v2\/posts\/202\/revisions"}],"predecessor-version":[{"id":204,"href":"https:\/\/naenpalabras.net\/wp\/wp-json\/wp\/v2\/posts\/202\/revisions\/204"}],"wp:featuredmedia":[{"embeddable":true,"href":"https:\/\/naenpalabras.net\/wp\/wp-json\/wp\/v2\/media\/203"}],"wp:attachment":[{"href":"https:\/\/naenpalabras.net\/wp\/wp-json\/wp\/v2\/media?parent=202"}],"wp:term":[{"taxonomy":"category","embeddable":true,"href":"https:\/\/naenpalabras.net\/wp\/wp-json\/wp\/v2\/categories?post=202"},{"taxonomy":"post_tag","embeddable":true,"href":"https:\/\/naenpalabras.net\/wp\/wp-json\/wp\/v2\/tags?post=202"}],"curies":[{"name":"wp","href":"https:\/\/api.w.org\/{rel}","templated":true}]}}