{"id":1788,"date":"2024-12-06T18:04:56","date_gmt":"2024-12-06T22:04:56","guid":{"rendered":"https:\/\/naenpalabras.net\/wp\/?p=1788"},"modified":"2024-12-06T18:04:56","modified_gmt":"2024-12-06T22:04:56","slug":"vocacion-por-los-negocios","status":"publish","type":"post","link":"https:\/\/naenpalabras.net\/wp\/2024\/12\/06\/vocacion-por-los-negocios\/","title":{"rendered":"\u00abVocaci\u00f3n\u00bb por los negocios"},"content":{"rendered":"<p><b>El 23 de noviembre, el diario\u00a0<\/b><b><i>El Tiempo<\/i><\/b><b>, se refiere a los negocios en que se mueve, como pez en el agua, \u00c1lvaro Jim\u00e9nez<\/b>; \u00abtrabajo\u00bb que le ha permitido pasar como un \u00abadalid de la paz\u00bb, qu\u00e9 chistosa esta historia.<\/p>\n<p>Lo curioso es que\u00a0<i>El Tiempo<\/i>\u00a0lo haga p\u00fablico, luego de haberse anunciado en mi cuenta X, hace m\u00e1s de 5 meses.<\/p>\n<p>En ese entonces, tanto \u00c1lvaro Jim\u00e9nez como Otty Pati\u00f1o, dijeron que se trataba de una calumnia.<\/p>\n<p><b>Para leer art\u00edculo del autor con distintas denuncias sobre corrupci\u00f3n en Colombia:<\/b>\u00a0<a href=\"https:\/\/hueleaazufre.com\/wordpress_a\/index.php\/2024\/06\/26\/corrupcion-y-total-impunidad\/\" target=\"_blank\" rel=\"noopener noreferrer\" data-wpel-link=\"internal\">Corrupci\u00f3n y total impunidad \u2013<\/a><\/p>\n<p><iframe class=\"wp-embedded-content\" title=\"\u00abCorrupci\u00f3n y total impunidad\u00bb \u2014 \" src=\"https:\/\/hueleaazufre.com\/wordpress_a\/index.php\/2024\/06\/26\/corrupcion-y-total-impunidad\/embed\/#?secret=AQaTvAD2V0#?secret=9iLtcIZM5x\" width=\"600\" height=\"251\" frameborder=\"0\" marginwidth=\"0\" marginheight=\"0\" scrolling=\"no\" sandbox=\"allow-scripts\" data-secret=\"9iLtcIZM5x\" data-mce-fragment=\"1\"><\/iframe><\/p>\n<p>Recordemos lo que escrib\u00ed a principios de junio:<\/p>\n<p>\u201c- La guerra siempre ha sido un buen negocio, y por tanto los traficantes de todo tipo se enriquecen con ellas.<\/p>\n<p>\u2013<b>\u00a0Tambi\u00e9n la paz, cuando no es verdadera, es un buen negocio, hay personajes que aprovechan para enriquecer.<\/b><\/p>\n<p>\u2013 Ahora resulta que en los programas de \u00abdesminado humanitario\u00bb aparecen los oportunistas para hacer negocios lucrativos.<\/p>\n<p>\u2013\u00a0<b>\u00c1lvaro Jim\u00e9nez qui\u00e9n trabaja y es directivo de una ONG llamada \u00abCampa\u00f1a Colombiana Contra Minas<\/b>\u00bb (CCCM), que si bien renunci\u00f3 hace pocos d\u00edas de esa ONG, sigue siendo de su junta directiva, pero devenga sueldo de la Oficina del Alto Comisionado de Paz.<\/p>\n<p>\u2013 Ahora es quien dar\u00e1 los contratos por dos millones de d\u00f3lares por parte de la Consejer\u00eda de Paz a dicha ONG, y por tanto ser\u00e1 un lucrativo negocio. O sea entreg\u00e1ndose contratos a \u00e9l mismo, dineros que vienen del Departamento de Estado de los EE. UU.\u201d<\/p>\n<p><b>No importa la tardanza de las \u00abEmpresas de la Comunicaci\u00f3n\u00bb para abordar estos temas tan sensibles,<\/b>\u00a0pues al fin terminan d\u00e1ndonos la raz\u00f3n y calificando la objetividad de nuestras fuentes. No se trataba de \u00abcalumnias\u00bb, sino de una informaci\u00f3n objetiva.<\/p>\n<p>Ahora s\u00ed, podemos mirar qu\u00e9 dijo\u00a0<i>El Tiempo<\/i>:<\/p>\n<p>\u00abTras confirmar que Mar\u00eda Victoria Pati\u00f1o Jim\u00e9nez, hija del comisionado de Paz, se desempe\u00f1\u00f3 como jefe de prensa de esa ONG desde abril de 2018 a julio de 2024 (antes de saltar al Ministerio de Cultura), aseguraron que Jim\u00e9nez segu\u00eda encargado de la parte internacional. De hecho,\u00a0<b>en un documento del 31 de marzo de 2023, este aparece recibiendo 562 millones de pesos de salario en esa ONG<\/b>\u00ab.<\/p>\n<p>En esta cita de\u00a0<i>El Tiempo<\/i>, puede mirarse que en dicha ONG se da un interesante entramado familiar, o sea una \u00abvocaci\u00f3n\u00bb de familia.<\/p>\n<p>M\u00e1s abajo podemos leer:<\/p>\n<blockquote>\n<h2><b>\u00abLa ONG registra ingresos por cooperaci\u00f3n por 22 mil 409 millones en 2023, frente a 25 mil 617 millones en 2022\u00bb<\/b>.<\/h2>\n<\/blockquote>\n<p>Montos considerables, por eso interesante la \u00abvocaci\u00f3n\u00bb por los negocios, pero no les queda bien hacerse pasar como \u00abpersonas de paz\u00bb, menos hacerse las v\u00edctimas.<\/p>\n<p><i>El Tiempo<\/i>\u00a0tambi\u00e9n se\u00f1ala que dicha ONG tiene este tipo de \u00abnegocios\u00bb por desminados en Siria e Irak.<\/p>\n<p><b>En Nari\u00f1o tienen su \u00abnegocio\u00bb, a lo mejor es m\u00e1s \u00abredondo\u00bb, pues adem\u00e1s del desminado, se trata de coordinar que HH termine de organizar el grupo paramilitar de AUN (Autodefensa Unidas de Nari\u00f1o)<\/b>; para luego entre las tres bandas: la de HH, las AUN y la Segunda Marquetalia que opera en Nari\u00f1o, sean los \u00abprotectores\u00bb de las inversiones de las transnacionales mineras, una reedici\u00f3n de lo que han hecho Uribe V\u00e9lez e Iv\u00e1n Duque, ahora con un paramilitarismo reciclado de supuestos procesos de paz.<\/p>\n<p><b>Es entendible, entonces, la proliferaci\u00f3n de \u00abgrupos y grupitos\u00bb, o de \u00abbandas y banditas\u00bb, para que en cada territorio haya guardianes de las inversiones de las transnacionales.<\/b>\u00a0Muy buena doctrina: Creaci\u00f3n de Disidencias y que ruede la \u00abpaz territorial\u00bb.<\/p>\n<p>Podr\u00eda colocar una adenda con lo dicho por \u00c1lvaro Jim\u00e9nez:<\/p>\n<p>\u2018El ELN busca asesinarme moralmente\u2019.<\/p>\n<p>\u00c1lvaro, es usted mismo quien se ha \u00abauto asesinado\u00bb, por su comportamiento amoral.<\/p>\n<p>No hablo de suicidio, eso es para valientes.<\/p>\n<p><b>Autor: Antonio Garc\u00eda<\/b><\/p>\n<p>&nbsp;<\/p>\n<p><a href=\"https:\/\/hueleaazufre.com\/wordpress_a\/index.php\/2024\/12\/04\/vocacion-por-los-negocios\/\"><strong>Fuente: Huele a azufre\u00a0<\/strong><\/a><\/p>\n","protected":false},"excerpt":{"rendered":"<p>El 23 de noviembre, el diario\u00a0El Tiempo, se refiere a los negocios en que se mueve, como pez en el agua, \u00c1lvaro Jim\u00e9nez; \u00abtrabajo\u00bb que le ha permitido pasar como un \u00abadalid de la paz\u00bb, qu\u00e9 chistosa esta historia. Lo curioso es que\u00a0El Tiempo\u00a0lo haga p\u00fablico, luego de haberse anunciado [&hellip;]<\/p>\n","protected":false},"author":2,"featured_media":1789,"comment_status":"open","ping_status":"closed","sticky":false,"template":"","format":"standard","meta":{"footnotes":""},"categories":[8],"tags":[17,597,598],"class_list":["post-1788","post","type-post","status-publish","format-standard","has-post-thumbnail","hentry","category-huele-a-azufre","tag-colombia","tag-negocios","tag-ong"],"yoast_head":"<!-- This site is optimized with the Yoast SEO plugin v27.5 - https:\/\/yoast.com\/product\/yoast-seo-wordpress\/ -->\n<title>\u00abVocaci\u00f3n\u00bb por los negocios - Nuestra Am\u00e9rica En Palabras<\/title>\n<meta name=\"robots\" content=\"index, follow, max-snippet:-1, max-image-preview:large, max-video-preview:-1\" \/>\n<link rel=\"canonical\" href=\"https:\/\/naenpalabras.net\/wp\/2024\/12\/06\/vocacion-por-los-negocios\/\" \/>\n<meta property=\"og:locale\" content=\"es_ES\" \/>\n<meta property=\"og:type\" content=\"article\" \/>\n<meta property=\"og:title\" content=\"\u00abVocaci\u00f3n\u00bb por los negocios - Nuestra Am\u00e9rica En Palabras\" \/>\n<meta property=\"og:description\" content=\"El 23 de noviembre, el diario\u00a0El Tiempo, se refiere a los negocios en que se mueve, como pez en el agua, \u00c1lvaro Jim\u00e9nez; \u00abtrabajo\u00bb que le ha permitido pasar como un \u00abadalid de la paz\u00bb, qu\u00e9 chistosa esta historia. Lo curioso es que\u00a0El Tiempo\u00a0lo haga p\u00fablico, luego de haberse anunciado [&hellip;]\" \/>\n<meta property=\"og:url\" content=\"https:\/\/naenpalabras.net\/wp\/2024\/12\/06\/vocacion-por-los-negocios\/\" \/>\n<meta property=\"og:site_name\" content=\"Nuestra Am\u00e9rica En Palabras\" \/>\n<meta property=\"article:published_time\" content=\"2024-12-06T22:04:56+00:00\" \/>\n<meta property=\"og:image\" content=\"https:\/\/naenpalabras.net\/wp\/wp-content\/uploads\/2024\/12\/5-1.jpg\" \/>\n\t<meta property=\"og:image:width\" content=\"768\" \/>\n\t<meta property=\"og:image:height\" content=\"768\" \/>\n\t<meta property=\"og:image:type\" content=\"image\/jpeg\" \/>\n<meta name=\"author\" content=\"naenp\" \/>\n<meta name=\"twitter:card\" content=\"summary_large_image\" \/>\n<meta name=\"twitter:label1\" content=\"Escrito por\" \/>\n\t<meta name=\"twitter:data1\" content=\"naenp\" \/>\n\t<meta name=\"twitter:label2\" content=\"Tiempo estimado de lectura\" \/>\n\t<meta name=\"twitter:data2\" content=\"3 minutos\" \/>\n<script type=\"application\/ld+json\" class=\"yoast-schema-graph\">{\"@context\":\"https:\\\/\\\/schema.org\",\"@graph\":[{\"@type\":\"Article\",\"@id\":\"https:\\\/\\\/naenpalabras.net\\\/wp\\\/2024\\\/12\\\/06\\\/vocacion-por-los-negocios\\\/#article\",\"isPartOf\":{\"@id\":\"https:\\\/\\\/naenpalabras.net\\\/wp\\\/2024\\\/12\\\/06\\\/vocacion-por-los-negocios\\\/\"},\"author\":{\"name\":\"naenp\",\"@id\":\"https:\\\/\\\/naenpalabras.net\\\/wp\\\/#\\\/schema\\\/person\\\/2b8dc3b44be009cae3c432096b2fad15\"},\"headline\":\"\u00abVocaci\u00f3n\u00bb por los negocios\",\"datePublished\":\"2024-12-06T22:04:56+00:00\",\"mainEntityOfPage\":{\"@id\":\"https:\\\/\\\/naenpalabras.net\\\/wp\\\/2024\\\/12\\\/06\\\/vocacion-por-los-negocios\\\/\"},\"wordCount\":657,\"commentCount\":0,\"image\":{\"@id\":\"https:\\\/\\\/naenpalabras.net\\\/wp\\\/2024\\\/12\\\/06\\\/vocacion-por-los-negocios\\\/#primaryimage\"},\"thumbnailUrl\":\"https:\\\/\\\/naenpalabras.net\\\/wp\\\/wp-content\\\/uploads\\\/2024\\\/12\\\/5-1.jpg\",\"keywords\":[\"Colombia\",\"negocios\",\"ONG\"],\"articleSection\":[\"huele a azufre\"],\"inLanguage\":\"es\",\"potentialAction\":[{\"@type\":\"CommentAction\",\"name\":\"Comment\",\"target\":[\"https:\\\/\\\/naenpalabras.net\\\/wp\\\/2024\\\/12\\\/06\\\/vocacion-por-los-negocios\\\/#respond\"]}]},{\"@type\":\"WebPage\",\"@id\":\"https:\\\/\\\/naenpalabras.net\\\/wp\\\/2024\\\/12\\\/06\\\/vocacion-por-los-negocios\\\/\",\"url\":\"https:\\\/\\\/naenpalabras.net\\\/wp\\\/2024\\\/12\\\/06\\\/vocacion-por-los-negocios\\\/\",\"name\":\"\u00abVocaci\u00f3n\u00bb por los negocios - Nuestra Am\u00e9rica En Palabras\",\"isPartOf\":{\"@id\":\"https:\\\/\\\/naenpalabras.net\\\/wp\\\/#website\"},\"primaryImageOfPage\":{\"@id\":\"https:\\\/\\\/naenpalabras.net\\\/wp\\\/2024\\\/12\\\/06\\\/vocacion-por-los-negocios\\\/#primaryimage\"},\"image\":{\"@id\":\"https:\\\/\\\/naenpalabras.net\\\/wp\\\/2024\\\/12\\\/06\\\/vocacion-por-los-negocios\\\/#primaryimage\"},\"thumbnailUrl\":\"https:\\\/\\\/naenpalabras.net\\\/wp\\\/wp-content\\\/uploads\\\/2024\\\/12\\\/5-1.jpg\",\"datePublished\":\"2024-12-06T22:04:56+00:00\",\"author\":{\"@id\":\"https:\\\/\\\/naenpalabras.net\\\/wp\\\/#\\\/schema\\\/person\\\/2b8dc3b44be009cae3c432096b2fad15\"},\"breadcrumb\":{\"@id\":\"https:\\\/\\\/naenpalabras.net\\\/wp\\\/2024\\\/12\\\/06\\\/vocacion-por-los-negocios\\\/#breadcrumb\"},\"inLanguage\":\"es\",\"potentialAction\":[{\"@type\":\"ReadAction\",\"target\":[\"https:\\\/\\\/naenpalabras.net\\\/wp\\\/2024\\\/12\\\/06\\\/vocacion-por-los-negocios\\\/\"]}]},{\"@type\":\"ImageObject\",\"inLanguage\":\"es\",\"@id\":\"https:\\\/\\\/naenpalabras.net\\\/wp\\\/2024\\\/12\\\/06\\\/vocacion-por-los-negocios\\\/#primaryimage\",\"url\":\"https:\\\/\\\/naenpalabras.net\\\/wp\\\/wp-content\\\/uploads\\\/2024\\\/12\\\/5-1.jpg\",\"contentUrl\":\"https:\\\/\\\/naenpalabras.net\\\/wp\\\/wp-content\\\/uploads\\\/2024\\\/12\\\/5-1.jpg\",\"width\":768,\"height\":768},{\"@type\":\"BreadcrumbList\",\"@id\":\"https:\\\/\\\/naenpalabras.net\\\/wp\\\/2024\\\/12\\\/06\\\/vocacion-por-los-negocios\\\/#breadcrumb\",\"itemListElement\":[{\"@type\":\"ListItem\",\"position\":1,\"name\":\"Portada\",\"item\":\"https:\\\/\\\/naenpalabras.net\\\/wp\\\/\"},{\"@type\":\"ListItem\",\"position\":2,\"name\":\"\u00abVocaci\u00f3n\u00bb por los negocios\"}]},{\"@type\":\"WebSite\",\"@id\":\"https:\\\/\\\/naenpalabras.net\\\/wp\\\/#website\",\"url\":\"https:\\\/\\\/naenpalabras.net\\\/wp\\\/\",\"name\":\"Nuestra Am\u00e9rica En Palabras\",\"description\":\"\",\"potentialAction\":[{\"@type\":\"SearchAction\",\"target\":{\"@type\":\"EntryPoint\",\"urlTemplate\":\"https:\\\/\\\/naenpalabras.net\\\/wp\\\/?s={search_term_string}\"},\"query-input\":{\"@type\":\"PropertyValueSpecification\",\"valueRequired\":true,\"valueName\":\"search_term_string\"}}],\"inLanguage\":\"es\"},{\"@type\":\"Person\",\"@id\":\"https:\\\/\\\/naenpalabras.net\\\/wp\\\/#\\\/schema\\\/person\\\/2b8dc3b44be009cae3c432096b2fad15\",\"name\":\"naenp\",\"image\":{\"@type\":\"ImageObject\",\"inLanguage\":\"es\",\"@id\":\"https:\\\/\\\/secure.gravatar.com\\\/avatar\\\/ebeb7cc417e6a6b9894cfaca0e864947ba305c2cd77c221b39b90345e02bc3bb?s=96&d=mm&r=g\",\"url\":\"https:\\\/\\\/secure.gravatar.com\\\/avatar\\\/ebeb7cc417e6a6b9894cfaca0e864947ba305c2cd77c221b39b90345e02bc3bb?s=96&d=mm&r=g\",\"contentUrl\":\"https:\\\/\\\/secure.gravatar.com\\\/avatar\\\/ebeb7cc417e6a6b9894cfaca0e864947ba305c2cd77c221b39b90345e02bc3bb?s=96&d=mm&r=g\",\"caption\":\"naenp\"},\"sameAs\":[\"https:\\\/\\\/naenpalabras.net\\\/wp\"],\"url\":\"https:\\\/\\\/naenpalabras.net\\\/wp\\\/author\\\/admin-2\\\/\"}]}<\/script>\n<!-- \/ Yoast SEO plugin. -->","yoast_head_json":{"title":"\u00abVocaci\u00f3n\u00bb por los negocios - Nuestra Am\u00e9rica En Palabras","robots":{"index":"index","follow":"follow","max-snippet":"max-snippet:-1","max-image-preview":"max-image-preview:large","max-video-preview":"max-video-preview:-1"},"canonical":"https:\/\/naenpalabras.net\/wp\/2024\/12\/06\/vocacion-por-los-negocios\/","og_locale":"es_ES","og_type":"article","og_title":"\u00abVocaci\u00f3n\u00bb por los negocios - Nuestra Am\u00e9rica En Palabras","og_description":"El 23 de noviembre, el diario\u00a0El Tiempo, se refiere a los negocios en que se mueve, como pez en el agua, \u00c1lvaro Jim\u00e9nez; \u00abtrabajo\u00bb que le ha permitido pasar como un \u00abadalid de la paz\u00bb, qu\u00e9 chistosa esta historia. Lo curioso es que\u00a0El Tiempo\u00a0lo haga p\u00fablico, luego de haberse anunciado [&hellip;]","og_url":"https:\/\/naenpalabras.net\/wp\/2024\/12\/06\/vocacion-por-los-negocios\/","og_site_name":"Nuestra Am\u00e9rica En Palabras","article_published_time":"2024-12-06T22:04:56+00:00","og_image":[{"width":768,"height":768,"url":"https:\/\/naenpalabras.net\/wp\/wp-content\/uploads\/2024\/12\/5-1.jpg","type":"image\/jpeg"}],"author":"naenp","twitter_card":"summary_large_image","twitter_misc":{"Escrito por":"naenp","Tiempo estimado de lectura":"3 minutos"},"schema":{"@context":"https:\/\/schema.org","@graph":[{"@type":"Article","@id":"https:\/\/naenpalabras.net\/wp\/2024\/12\/06\/vocacion-por-los-negocios\/#article","isPartOf":{"@id":"https:\/\/naenpalabras.net\/wp\/2024\/12\/06\/vocacion-por-los-negocios\/"},"author":{"name":"naenp","@id":"https:\/\/naenpalabras.net\/wp\/#\/schema\/person\/2b8dc3b44be009cae3c432096b2fad15"},"headline":"\u00abVocaci\u00f3n\u00bb por los negocios","datePublished":"2024-12-06T22:04:56+00:00","mainEntityOfPage":{"@id":"https:\/\/naenpalabras.net\/wp\/2024\/12\/06\/vocacion-por-los-negocios\/"},"wordCount":657,"commentCount":0,"image":{"@id":"https:\/\/naenpalabras.net\/wp\/2024\/12\/06\/vocacion-por-los-negocios\/#primaryimage"},"thumbnailUrl":"https:\/\/naenpalabras.net\/wp\/wp-content\/uploads\/2024\/12\/5-1.jpg","keywords":["Colombia","negocios","ONG"],"articleSection":["huele a azufre"],"inLanguage":"es","potentialAction":[{"@type":"CommentAction","name":"Comment","target":["https:\/\/naenpalabras.net\/wp\/2024\/12\/06\/vocacion-por-los-negocios\/#respond"]}]},{"@type":"WebPage","@id":"https:\/\/naenpalabras.net\/wp\/2024\/12\/06\/vocacion-por-los-negocios\/","url":"https:\/\/naenpalabras.net\/wp\/2024\/12\/06\/vocacion-por-los-negocios\/","name":"\u00abVocaci\u00f3n\u00bb por los negocios - Nuestra Am\u00e9rica En Palabras","isPartOf":{"@id":"https:\/\/naenpalabras.net\/wp\/#website"},"primaryImageOfPage":{"@id":"https:\/\/naenpalabras.net\/wp\/2024\/12\/06\/vocacion-por-los-negocios\/#primaryimage"},"image":{"@id":"https:\/\/naenpalabras.net\/wp\/2024\/12\/06\/vocacion-por-los-negocios\/#primaryimage"},"thumbnailUrl":"https:\/\/naenpalabras.net\/wp\/wp-content\/uploads\/2024\/12\/5-1.jpg","datePublished":"2024-12-06T22:04:56+00:00","author":{"@id":"https:\/\/naenpalabras.net\/wp\/#\/schema\/person\/2b8dc3b44be009cae3c432096b2fad15"},"breadcrumb":{"@id":"https:\/\/naenpalabras.net\/wp\/2024\/12\/06\/vocacion-por-los-negocios\/#breadcrumb"},"inLanguage":"es","potentialAction":[{"@type":"ReadAction","target":["https:\/\/naenpalabras.net\/wp\/2024\/12\/06\/vocacion-por-los-negocios\/"]}]},{"@type":"ImageObject","inLanguage":"es","@id":"https:\/\/naenpalabras.net\/wp\/2024\/12\/06\/vocacion-por-los-negocios\/#primaryimage","url":"https:\/\/naenpalabras.net\/wp\/wp-content\/uploads\/2024\/12\/5-1.jpg","contentUrl":"https:\/\/naenpalabras.net\/wp\/wp-content\/uploads\/2024\/12\/5-1.jpg","width":768,"height":768},{"@type":"BreadcrumbList","@id":"https:\/\/naenpalabras.net\/wp\/2024\/12\/06\/vocacion-por-los-negocios\/#breadcrumb","itemListElement":[{"@type":"ListItem","position":1,"name":"Portada","item":"https:\/\/naenpalabras.net\/wp\/"},{"@type":"ListItem","position":2,"name":"\u00abVocaci\u00f3n\u00bb por los negocios"}]},{"@type":"WebSite","@id":"https:\/\/naenpalabras.net\/wp\/#website","url":"https:\/\/naenpalabras.net\/wp\/","name":"Nuestra Am\u00e9rica En Palabras","description":"","potentialAction":[{"@type":"SearchAction","target":{"@type":"EntryPoint","urlTemplate":"https:\/\/naenpalabras.net\/wp\/?s={search_term_string}"},"query-input":{"@type":"PropertyValueSpecification","valueRequired":true,"valueName":"search_term_string"}}],"inLanguage":"es"},{"@type":"Person","@id":"https:\/\/naenpalabras.net\/wp\/#\/schema\/person\/2b8dc3b44be009cae3c432096b2fad15","name":"naenp","image":{"@type":"ImageObject","inLanguage":"es","@id":"https:\/\/secure.gravatar.com\/avatar\/ebeb7cc417e6a6b9894cfaca0e864947ba305c2cd77c221b39b90345e02bc3bb?s=96&d=mm&r=g","url":"https:\/\/secure.gravatar.com\/avatar\/ebeb7cc417e6a6b9894cfaca0e864947ba305c2cd77c221b39b90345e02bc3bb?s=96&d=mm&r=g","contentUrl":"https:\/\/secure.gravatar.com\/avatar\/ebeb7cc417e6a6b9894cfaca0e864947ba305c2cd77c221b39b90345e02bc3bb?s=96&d=mm&r=g","caption":"naenp"},"sameAs":["https:\/\/naenpalabras.net\/wp"],"url":"https:\/\/naenpalabras.net\/wp\/author\/admin-2\/"}]}},"_links":{"self":[{"href":"https:\/\/naenpalabras.net\/wp\/wp-json\/wp\/v2\/posts\/1788","targetHints":{"allow":["GET"]}}],"collection":[{"href":"https:\/\/naenpalabras.net\/wp\/wp-json\/wp\/v2\/posts"}],"about":[{"href":"https:\/\/naenpalabras.net\/wp\/wp-json\/wp\/v2\/types\/post"}],"author":[{"embeddable":true,"href":"https:\/\/naenpalabras.net\/wp\/wp-json\/wp\/v2\/users\/2"}],"replies":[{"embeddable":true,"href":"https:\/\/naenpalabras.net\/wp\/wp-json\/wp\/v2\/comments?post=1788"}],"version-history":[{"count":1,"href":"https:\/\/naenpalabras.net\/wp\/wp-json\/wp\/v2\/posts\/1788\/revisions"}],"predecessor-version":[{"id":1790,"href":"https:\/\/naenpalabras.net\/wp\/wp-json\/wp\/v2\/posts\/1788\/revisions\/1790"}],"wp:featuredmedia":[{"embeddable":true,"href":"https:\/\/naenpalabras.net\/wp\/wp-json\/wp\/v2\/media\/1789"}],"wp:attachment":[{"href":"https:\/\/naenpalabras.net\/wp\/wp-json\/wp\/v2\/media?parent=1788"}],"wp:term":[{"taxonomy":"category","embeddable":true,"href":"https:\/\/naenpalabras.net\/wp\/wp-json\/wp\/v2\/categories?post=1788"},{"taxonomy":"post_tag","embeddable":true,"href":"https:\/\/naenpalabras.net\/wp\/wp-json\/wp\/v2\/tags?post=1788"}],"curies":[{"name":"wp","href":"https:\/\/api.w.org\/{rel}","templated":true}]}}