{"id":1776,"date":"2024-12-06T17:54:31","date_gmt":"2024-12-06T21:54:31","guid":{"rendered":"https:\/\/naenpalabras.net\/wp\/?p=1776"},"modified":"2024-12-06T17:54:31","modified_gmt":"2024-12-06T21:54:31","slug":"iran-alerta-israel-busca-convertir-a-siria-en-centro-terrorista","status":"publish","type":"post","link":"https:\/\/naenpalabras.net\/wp\/2024\/12\/06\/iran-alerta-israel-busca-convertir-a-siria-en-centro-terrorista\/","title":{"rendered":"Ir\u00e1n alerta: Israel busca convertir a Siria en \u201ccentro terrorista\u201d"},"content":{"rendered":"<p class=\"introtext\">Ir\u00e1n asevera que el r\u00e9gimen israel\u00ed y los grupos armados opositores buscan convertir a Siria en un centro de \u201cterrorismo y amenaza\u201d contra toda la regi\u00f3n.<\/p>\n<div>\n<p>En declaraciones ofrecidas al canal de televisi\u00f3n iraqu\u00ed\u00a0<em>Alawla<\/em>\u00a0durante su visita al pa\u00eds \u00e1rabe, el ministro de Asuntos Exteriores de Ir\u00e1n, Seyed Ab\u00e1s Araqchi, ha advertido este viernes del plan que busca el r\u00e9gimen de Israel en los \u00faltimos acontecimientos surgidos en Siria.<\/p>\n<p>\u201c<strong>El objetivo de la coordinaci\u00f3n [en curso] entre los terroristas e Israel es convertir a Siria en una base para el terrorismo y una amenaza contra toda la regi\u00f3n<\/strong>\u201d, ha afirmado.<\/p>\n<ul>\n<li><a title=\"Siria, nuevo frente de batalla en la guerra mundial de Israel y EEUU \" href=\"https:\/\/www.hispantv.com\/noticias\/siria\/605862\/terroristas-alepo-idlib\"><strong>Siria, nuevo frente de batalla en la guerra mundial de Israel y EEUU<\/strong><\/a><\/li>\n<\/ul>\n<p>El m\u00e1ximo diplom\u00e1tico iran\u00ed ha reiterado el apoyo de la Rep\u00fablica Isl\u00e1mica al Gobierno y la naci\u00f3n sirios, y ha enfatizado que \u201ccontinuaremos con este apoyo en base a lo que Damasco nos pida\u201d.<\/p>\n<div data-oembed-url=\"https:\/\/www.hispantv.com\/noticias\/politica\/605872\/iran-dispuesto-enviar-tropas-siria-solicita\">\n<div class=\"oembed\"><a href=\"https:\/\/www.hispantv.com\/noticias\/politica\/605872\/iran-dispuesto-enviar-tropas-siria-solicita\" target=\"_blank\" rel=\"noopener\"><img decoding=\"async\" class=\"thumbnail\" src=\"https:\/\/cdn.hispantv.com\/hispanmedia\/files\/images\/thumbnail\/20241203\/21522686_xl.jpg\" alt=\"Ir\u00e1n, dispuesto a enviar tropas a Siria si Damasco solicita | HISPANTV\" \/><\/a><\/p>\n<div class=\"title\"><a href=\"https:\/\/www.hispantv.com\/noticias\/politica\/605872\/iran-dispuesto-enviar-tropas-siria-solicita\" target=\"_blank\" rel=\"noopener\">Ir\u00e1n, dispuesto a enviar tropas a Siria si Damasco solicita | HISPANTV<\/a><\/div>\n<\/div>\n<p><a href=\"https:\/\/www.hispantv.com\/noticias\/politica\/605872\/iran-dispuesto-enviar-tropas-siria-solicita\" target=\"_blank\" rel=\"noopener\">Ir\u00e1n declara que est\u00e1 listo a considerar el env\u00edo de tropas a Siria, si Damasco hace una solicitud oficial en medio de su lucha contra los terroristas.<\/a><\/div>\n<p>&nbsp;<\/p>\n<p>En otra parte de sus comentarios, Araqchi ha resaltado las agresiones israel\u00edes contra el L\u00edbano, afirmando que la situaci\u00f3n causada por los ataques y las provocaciones llevadas a cabo por los enemigos del L\u00edbano hab\u00edan creado una \u201camenaza real\u201d de estallido de una guerra civil en este pa\u00eds.<\/p>\n<p>\u201cSin embargo, el complot fue neutralizado gracias a la unidad entre [varios] grupos libaneses\u201d, ha agregado el titular iran\u00ed.<\/p>\n<ul>\n<li><a title=\"Israel vuelve a atacar cruce fronterizo entre Siria y el L\u00edbano\" href=\"https:\/\/www.hispantv.com\/noticias\/siria\/606017\/israel-vuelve-atacar-cruce-fronterizo-libano\"><strong>Israel vuelve a atacar cruces fronterizos entre Siria y el L\u00edbano<\/strong><\/a><\/li>\n<\/ul>\n<p>Siria est\u00e1 nuevamente en ojo del hurac\u00e1n, mientras su Ej\u00e9rcito emprende\u00a0una lucha contra grupos armados opositores al Gobierno que, con el apoyo de mercenarios extranjeros, atacaran zonas del norte del pa\u00eds e incluso tomaran algunas.<\/p>\n<ul>\n<li><a title=\"Ej\u00e9rcito sirio recupera zonas de Hama, incluido aeropuerto militar\" href=\"https:\/\/www.hispantv.com\/noticias\/siria\/605993\/ejercito-sirio-recupera-aeropuerto-hama\"><strong>Ej\u00e9rcito sirio recupera zonas de Hama, incluido aeropuerto militar<\/strong><\/a><\/li>\n<\/ul>\n<p>El Ej\u00e9rcito sirio y sus fuerzas aliadas rusas han estado llevando a cabo una amplia represalia contra los grupos armados, logrando, seg\u00fan se informa, revertir algunos de sus avances, mientras que la Rep\u00fablica Isl\u00e1mica, que ha estado prestando apoyo consultivo al Ej\u00e9rcito sirio durante m\u00e1s de una d\u00e9cada, ha expresado su disposici\u00f3n a desplegar tropas en el pa\u00eds \u00e1rabe a petici\u00f3n de Damasco.<\/p>\n<ul>\n<li><strong><a title=\"Canciller: Ir\u00e1n est\u00e1 totalmente preparado para apoyar a Siria\" href=\"https:\/\/www.hispantv.com\/noticias\/politica\/606024\/iran-preparado-apoyar-siria\">Canciller desde Bagdad: Ir\u00e1n est\u00e1 totalmente listo para apoyar a Siria<\/a><\/strong><\/li>\n<\/ul>\n<p><a href=\"https:\/\/www.hispantv.com\/noticias\/politica\/606037\/iran-israel-convertir-siria-centro-terrorista\"><strong>Fuente: Hispantv<\/strong><\/a><\/p>\n<\/div>\n","protected":false},"excerpt":{"rendered":"<p>Ir\u00e1n asevera que el r\u00e9gimen israel\u00ed y los grupos armados opositores buscan convertir a Siria en un centro de \u201cterrorismo y amenaza\u201d contra toda la regi\u00f3n. En declaraciones ofrecidas al canal de televisi\u00f3n iraqu\u00ed\u00a0Alawla\u00a0durante su visita al pa\u00eds \u00e1rabe, el ministro de Asuntos Exteriores de Ir\u00e1n, Seyed Ab\u00e1s Araqchi, ha [&hellip;]<\/p>\n","protected":false},"author":2,"featured_media":1777,"comment_status":"open","ping_status":"closed","sticky":false,"template":"","format":"standard","meta":{"footnotes":""},"categories":[4],"tags":[31,26,30,33],"class_list":["post-1776","post","type-post","status-publish","format-standard","has-post-thumbnail","hentry","category-noticias","tag-ee-uu","tag-iran","tag-israel","tag-siria"],"yoast_head":"<!-- This site is optimized with the Yoast SEO plugin v27.5 - https:\/\/yoast.com\/product\/yoast-seo-wordpress\/ -->\n<title>Ir\u00e1n alerta: Israel busca convertir a Siria en \u201ccentro terrorista\u201d - Nuestra Am\u00e9rica En Palabras<\/title>\n<meta name=\"robots\" content=\"index, follow, max-snippet:-1, max-image-preview:large, max-video-preview:-1\" \/>\n<link rel=\"canonical\" href=\"https:\/\/naenpalabras.net\/wp\/2024\/12\/06\/iran-alerta-israel-busca-convertir-a-siria-en-centro-terrorista\/\" \/>\n<meta property=\"og:locale\" content=\"es_ES\" \/>\n<meta property=\"og:type\" content=\"article\" \/>\n<meta property=\"og:title\" content=\"Ir\u00e1n alerta: Israel busca convertir a Siria en \u201ccentro terrorista\u201d - Nuestra Am\u00e9rica En Palabras\" \/>\n<meta property=\"og:description\" content=\"Ir\u00e1n asevera que el r\u00e9gimen israel\u00ed y los grupos armados opositores buscan convertir a Siria en un centro de \u201cterrorismo y amenaza\u201d contra toda la regi\u00f3n. En declaraciones ofrecidas al canal de televisi\u00f3n iraqu\u00ed\u00a0Alawla\u00a0durante su visita al pa\u00eds \u00e1rabe, el ministro de Asuntos Exteriores de Ir\u00e1n, Seyed Ab\u00e1s Araqchi, ha [&hellip;]\" \/>\n<meta property=\"og:url\" content=\"https:\/\/naenpalabras.net\/wp\/2024\/12\/06\/iran-alerta-israel-busca-convertir-a-siria-en-centro-terrorista\/\" \/>\n<meta property=\"og:site_name\" content=\"Nuestra Am\u00e9rica En Palabras\" \/>\n<meta property=\"article:published_time\" content=\"2024-12-06T21:54:31+00:00\" \/>\n<meta property=\"og:image\" content=\"https:\/\/naenpalabras.net\/wp\/wp-content\/uploads\/2024\/12\/1.jpg\" \/>\n\t<meta property=\"og:image:width\" content=\"880\" \/>\n\t<meta property=\"og:image:height\" content=\"495\" \/>\n\t<meta property=\"og:image:type\" content=\"image\/jpeg\" \/>\n<meta name=\"author\" content=\"naenp\" \/>\n<meta name=\"twitter:card\" content=\"summary_large_image\" \/>\n<meta name=\"twitter:label1\" content=\"Escrito por\" \/>\n\t<meta name=\"twitter:data1\" content=\"naenp\" \/>\n\t<meta name=\"twitter:label2\" content=\"Tiempo estimado de lectura\" \/>\n\t<meta name=\"twitter:data2\" content=\"3 minutos\" \/>\n<script type=\"application\/ld+json\" class=\"yoast-schema-graph\">{\"@context\":\"https:\\\/\\\/schema.org\",\"@graph\":[{\"@type\":\"Article\",\"@id\":\"https:\\\/\\\/naenpalabras.net\\\/wp\\\/2024\\\/12\\\/06\\\/iran-alerta-israel-busca-convertir-a-siria-en-centro-terrorista\\\/#article\",\"isPartOf\":{\"@id\":\"https:\\\/\\\/naenpalabras.net\\\/wp\\\/2024\\\/12\\\/06\\\/iran-alerta-israel-busca-convertir-a-siria-en-centro-terrorista\\\/\"},\"author\":{\"name\":\"naenp\",\"@id\":\"https:\\\/\\\/naenpalabras.net\\\/wp\\\/#\\\/schema\\\/person\\\/2b8dc3b44be009cae3c432096b2fad15\"},\"headline\":\"Ir\u00e1n alerta: Israel busca convertir a Siria en \u201ccentro terrorista\u201d\",\"datePublished\":\"2024-12-06T21:54:31+00:00\",\"mainEntityOfPage\":{\"@id\":\"https:\\\/\\\/naenpalabras.net\\\/wp\\\/2024\\\/12\\\/06\\\/iran-alerta-israel-busca-convertir-a-siria-en-centro-terrorista\\\/\"},\"wordCount\":437,\"commentCount\":0,\"image\":{\"@id\":\"https:\\\/\\\/naenpalabras.net\\\/wp\\\/2024\\\/12\\\/06\\\/iran-alerta-israel-busca-convertir-a-siria-en-centro-terrorista\\\/#primaryimage\"},\"thumbnailUrl\":\"https:\\\/\\\/naenpalabras.net\\\/wp\\\/wp-content\\\/uploads\\\/2024\\\/12\\\/1.jpg\",\"keywords\":[\"EE.UU\",\"Ir\u00e1n\",\"Israel\",\"Siria\"],\"articleSection\":[\"Noticias\"],\"inLanguage\":\"es\",\"potentialAction\":[{\"@type\":\"CommentAction\",\"name\":\"Comment\",\"target\":[\"https:\\\/\\\/naenpalabras.net\\\/wp\\\/2024\\\/12\\\/06\\\/iran-alerta-israel-busca-convertir-a-siria-en-centro-terrorista\\\/#respond\"]}]},{\"@type\":\"WebPage\",\"@id\":\"https:\\\/\\\/naenpalabras.net\\\/wp\\\/2024\\\/12\\\/06\\\/iran-alerta-israel-busca-convertir-a-siria-en-centro-terrorista\\\/\",\"url\":\"https:\\\/\\\/naenpalabras.net\\\/wp\\\/2024\\\/12\\\/06\\\/iran-alerta-israel-busca-convertir-a-siria-en-centro-terrorista\\\/\",\"name\":\"Ir\u00e1n alerta: Israel busca convertir a Siria en \u201ccentro terrorista\u201d - Nuestra Am\u00e9rica En Palabras\",\"isPartOf\":{\"@id\":\"https:\\\/\\\/naenpalabras.net\\\/wp\\\/#website\"},\"primaryImageOfPage\":{\"@id\":\"https:\\\/\\\/naenpalabras.net\\\/wp\\\/2024\\\/12\\\/06\\\/iran-alerta-israel-busca-convertir-a-siria-en-centro-terrorista\\\/#primaryimage\"},\"image\":{\"@id\":\"https:\\\/\\\/naenpalabras.net\\\/wp\\\/2024\\\/12\\\/06\\\/iran-alerta-israel-busca-convertir-a-siria-en-centro-terrorista\\\/#primaryimage\"},\"thumbnailUrl\":\"https:\\\/\\\/naenpalabras.net\\\/wp\\\/wp-content\\\/uploads\\\/2024\\\/12\\\/1.jpg\",\"datePublished\":\"2024-12-06T21:54:31+00:00\",\"author\":{\"@id\":\"https:\\\/\\\/naenpalabras.net\\\/wp\\\/#\\\/schema\\\/person\\\/2b8dc3b44be009cae3c432096b2fad15\"},\"breadcrumb\":{\"@id\":\"https:\\\/\\\/naenpalabras.net\\\/wp\\\/2024\\\/12\\\/06\\\/iran-alerta-israel-busca-convertir-a-siria-en-centro-terrorista\\\/#breadcrumb\"},\"inLanguage\":\"es\",\"potentialAction\":[{\"@type\":\"ReadAction\",\"target\":[\"https:\\\/\\\/naenpalabras.net\\\/wp\\\/2024\\\/12\\\/06\\\/iran-alerta-israel-busca-convertir-a-siria-en-centro-terrorista\\\/\"]}]},{\"@type\":\"ImageObject\",\"inLanguage\":\"es\",\"@id\":\"https:\\\/\\\/naenpalabras.net\\\/wp\\\/2024\\\/12\\\/06\\\/iran-alerta-israel-busca-convertir-a-siria-en-centro-terrorista\\\/#primaryimage\",\"url\":\"https:\\\/\\\/naenpalabras.net\\\/wp\\\/wp-content\\\/uploads\\\/2024\\\/12\\\/1.jpg\",\"contentUrl\":\"https:\\\/\\\/naenpalabras.net\\\/wp\\\/wp-content\\\/uploads\\\/2024\\\/12\\\/1.jpg\",\"width\":880,\"height\":495},{\"@type\":\"BreadcrumbList\",\"@id\":\"https:\\\/\\\/naenpalabras.net\\\/wp\\\/2024\\\/12\\\/06\\\/iran-alerta-israel-busca-convertir-a-siria-en-centro-terrorista\\\/#breadcrumb\",\"itemListElement\":[{\"@type\":\"ListItem\",\"position\":1,\"name\":\"Portada\",\"item\":\"https:\\\/\\\/naenpalabras.net\\\/wp\\\/\"},{\"@type\":\"ListItem\",\"position\":2,\"name\":\"Ir\u00e1n alerta: Israel busca convertir a Siria en \u201ccentro terrorista\u201d\"}]},{\"@type\":\"WebSite\",\"@id\":\"https:\\\/\\\/naenpalabras.net\\\/wp\\\/#website\",\"url\":\"https:\\\/\\\/naenpalabras.net\\\/wp\\\/\",\"name\":\"Nuestra Am\u00e9rica En Palabras\",\"description\":\"\",\"potentialAction\":[{\"@type\":\"SearchAction\",\"target\":{\"@type\":\"EntryPoint\",\"urlTemplate\":\"https:\\\/\\\/naenpalabras.net\\\/wp\\\/?s={search_term_string}\"},\"query-input\":{\"@type\":\"PropertyValueSpecification\",\"valueRequired\":true,\"valueName\":\"search_term_string\"}}],\"inLanguage\":\"es\"},{\"@type\":\"Person\",\"@id\":\"https:\\\/\\\/naenpalabras.net\\\/wp\\\/#\\\/schema\\\/person\\\/2b8dc3b44be009cae3c432096b2fad15\",\"name\":\"naenp\",\"image\":{\"@type\":\"ImageObject\",\"inLanguage\":\"es\",\"@id\":\"https:\\\/\\\/secure.gravatar.com\\\/avatar\\\/ebeb7cc417e6a6b9894cfaca0e864947ba305c2cd77c221b39b90345e02bc3bb?s=96&d=mm&r=g\",\"url\":\"https:\\\/\\\/secure.gravatar.com\\\/avatar\\\/ebeb7cc417e6a6b9894cfaca0e864947ba305c2cd77c221b39b90345e02bc3bb?s=96&d=mm&r=g\",\"contentUrl\":\"https:\\\/\\\/secure.gravatar.com\\\/avatar\\\/ebeb7cc417e6a6b9894cfaca0e864947ba305c2cd77c221b39b90345e02bc3bb?s=96&d=mm&r=g\",\"caption\":\"naenp\"},\"sameAs\":[\"https:\\\/\\\/naenpalabras.net\\\/wp\"],\"url\":\"https:\\\/\\\/naenpalabras.net\\\/wp\\\/author\\\/admin-2\\\/\"}]}<\/script>\n<!-- \/ Yoast SEO plugin. -->","yoast_head_json":{"title":"Ir\u00e1n alerta: Israel busca convertir a Siria en \u201ccentro terrorista\u201d - Nuestra Am\u00e9rica En Palabras","robots":{"index":"index","follow":"follow","max-snippet":"max-snippet:-1","max-image-preview":"max-image-preview:large","max-video-preview":"max-video-preview:-1"},"canonical":"https:\/\/naenpalabras.net\/wp\/2024\/12\/06\/iran-alerta-israel-busca-convertir-a-siria-en-centro-terrorista\/","og_locale":"es_ES","og_type":"article","og_title":"Ir\u00e1n alerta: Israel busca convertir a Siria en \u201ccentro terrorista\u201d - Nuestra Am\u00e9rica En Palabras","og_description":"Ir\u00e1n asevera que el r\u00e9gimen israel\u00ed y los grupos armados opositores buscan convertir a Siria en un centro de \u201cterrorismo y amenaza\u201d contra toda la regi\u00f3n. En declaraciones ofrecidas al canal de televisi\u00f3n iraqu\u00ed\u00a0Alawla\u00a0durante su visita al pa\u00eds \u00e1rabe, el ministro de Asuntos Exteriores de Ir\u00e1n, Seyed Ab\u00e1s Araqchi, ha [&hellip;]","og_url":"https:\/\/naenpalabras.net\/wp\/2024\/12\/06\/iran-alerta-israel-busca-convertir-a-siria-en-centro-terrorista\/","og_site_name":"Nuestra Am\u00e9rica En Palabras","article_published_time":"2024-12-06T21:54:31+00:00","og_image":[{"width":880,"height":495,"url":"https:\/\/naenpalabras.net\/wp\/wp-content\/uploads\/2024\/12\/1.jpg","type":"image\/jpeg"}],"author":"naenp","twitter_card":"summary_large_image","twitter_misc":{"Escrito por":"naenp","Tiempo estimado de lectura":"3 minutos"},"schema":{"@context":"https:\/\/schema.org","@graph":[{"@type":"Article","@id":"https:\/\/naenpalabras.net\/wp\/2024\/12\/06\/iran-alerta-israel-busca-convertir-a-siria-en-centro-terrorista\/#article","isPartOf":{"@id":"https:\/\/naenpalabras.net\/wp\/2024\/12\/06\/iran-alerta-israel-busca-convertir-a-siria-en-centro-terrorista\/"},"author":{"name":"naenp","@id":"https:\/\/naenpalabras.net\/wp\/#\/schema\/person\/2b8dc3b44be009cae3c432096b2fad15"},"headline":"Ir\u00e1n alerta: Israel busca convertir a Siria en \u201ccentro terrorista\u201d","datePublished":"2024-12-06T21:54:31+00:00","mainEntityOfPage":{"@id":"https:\/\/naenpalabras.net\/wp\/2024\/12\/06\/iran-alerta-israel-busca-convertir-a-siria-en-centro-terrorista\/"},"wordCount":437,"commentCount":0,"image":{"@id":"https:\/\/naenpalabras.net\/wp\/2024\/12\/06\/iran-alerta-israel-busca-convertir-a-siria-en-centro-terrorista\/#primaryimage"},"thumbnailUrl":"https:\/\/naenpalabras.net\/wp\/wp-content\/uploads\/2024\/12\/1.jpg","keywords":["EE.UU","Ir\u00e1n","Israel","Siria"],"articleSection":["Noticias"],"inLanguage":"es","potentialAction":[{"@type":"CommentAction","name":"Comment","target":["https:\/\/naenpalabras.net\/wp\/2024\/12\/06\/iran-alerta-israel-busca-convertir-a-siria-en-centro-terrorista\/#respond"]}]},{"@type":"WebPage","@id":"https:\/\/naenpalabras.net\/wp\/2024\/12\/06\/iran-alerta-israel-busca-convertir-a-siria-en-centro-terrorista\/","url":"https:\/\/naenpalabras.net\/wp\/2024\/12\/06\/iran-alerta-israel-busca-convertir-a-siria-en-centro-terrorista\/","name":"Ir\u00e1n alerta: Israel busca convertir a Siria en \u201ccentro terrorista\u201d - Nuestra Am\u00e9rica En Palabras","isPartOf":{"@id":"https:\/\/naenpalabras.net\/wp\/#website"},"primaryImageOfPage":{"@id":"https:\/\/naenpalabras.net\/wp\/2024\/12\/06\/iran-alerta-israel-busca-convertir-a-siria-en-centro-terrorista\/#primaryimage"},"image":{"@id":"https:\/\/naenpalabras.net\/wp\/2024\/12\/06\/iran-alerta-israel-busca-convertir-a-siria-en-centro-terrorista\/#primaryimage"},"thumbnailUrl":"https:\/\/naenpalabras.net\/wp\/wp-content\/uploads\/2024\/12\/1.jpg","datePublished":"2024-12-06T21:54:31+00:00","author":{"@id":"https:\/\/naenpalabras.net\/wp\/#\/schema\/person\/2b8dc3b44be009cae3c432096b2fad15"},"breadcrumb":{"@id":"https:\/\/naenpalabras.net\/wp\/2024\/12\/06\/iran-alerta-israel-busca-convertir-a-siria-en-centro-terrorista\/#breadcrumb"},"inLanguage":"es","potentialAction":[{"@type":"ReadAction","target":["https:\/\/naenpalabras.net\/wp\/2024\/12\/06\/iran-alerta-israel-busca-convertir-a-siria-en-centro-terrorista\/"]}]},{"@type":"ImageObject","inLanguage":"es","@id":"https:\/\/naenpalabras.net\/wp\/2024\/12\/06\/iran-alerta-israel-busca-convertir-a-siria-en-centro-terrorista\/#primaryimage","url":"https:\/\/naenpalabras.net\/wp\/wp-content\/uploads\/2024\/12\/1.jpg","contentUrl":"https:\/\/naenpalabras.net\/wp\/wp-content\/uploads\/2024\/12\/1.jpg","width":880,"height":495},{"@type":"BreadcrumbList","@id":"https:\/\/naenpalabras.net\/wp\/2024\/12\/06\/iran-alerta-israel-busca-convertir-a-siria-en-centro-terrorista\/#breadcrumb","itemListElement":[{"@type":"ListItem","position":1,"name":"Portada","item":"https:\/\/naenpalabras.net\/wp\/"},{"@type":"ListItem","position":2,"name":"Ir\u00e1n alerta: Israel busca convertir a Siria en \u201ccentro terrorista\u201d"}]},{"@type":"WebSite","@id":"https:\/\/naenpalabras.net\/wp\/#website","url":"https:\/\/naenpalabras.net\/wp\/","name":"Nuestra Am\u00e9rica En Palabras","description":"","potentialAction":[{"@type":"SearchAction","target":{"@type":"EntryPoint","urlTemplate":"https:\/\/naenpalabras.net\/wp\/?s={search_term_string}"},"query-input":{"@type":"PropertyValueSpecification","valueRequired":true,"valueName":"search_term_string"}}],"inLanguage":"es"},{"@type":"Person","@id":"https:\/\/naenpalabras.net\/wp\/#\/schema\/person\/2b8dc3b44be009cae3c432096b2fad15","name":"naenp","image":{"@type":"ImageObject","inLanguage":"es","@id":"https:\/\/secure.gravatar.com\/avatar\/ebeb7cc417e6a6b9894cfaca0e864947ba305c2cd77c221b39b90345e02bc3bb?s=96&d=mm&r=g","url":"https:\/\/secure.gravatar.com\/avatar\/ebeb7cc417e6a6b9894cfaca0e864947ba305c2cd77c221b39b90345e02bc3bb?s=96&d=mm&r=g","contentUrl":"https:\/\/secure.gravatar.com\/avatar\/ebeb7cc417e6a6b9894cfaca0e864947ba305c2cd77c221b39b90345e02bc3bb?s=96&d=mm&r=g","caption":"naenp"},"sameAs":["https:\/\/naenpalabras.net\/wp"],"url":"https:\/\/naenpalabras.net\/wp\/author\/admin-2\/"}]}},"_links":{"self":[{"href":"https:\/\/naenpalabras.net\/wp\/wp-json\/wp\/v2\/posts\/1776","targetHints":{"allow":["GET"]}}],"collection":[{"href":"https:\/\/naenpalabras.net\/wp\/wp-json\/wp\/v2\/posts"}],"about":[{"href":"https:\/\/naenpalabras.net\/wp\/wp-json\/wp\/v2\/types\/post"}],"author":[{"embeddable":true,"href":"https:\/\/naenpalabras.net\/wp\/wp-json\/wp\/v2\/users\/2"}],"replies":[{"embeddable":true,"href":"https:\/\/naenpalabras.net\/wp\/wp-json\/wp\/v2\/comments?post=1776"}],"version-history":[{"count":1,"href":"https:\/\/naenpalabras.net\/wp\/wp-json\/wp\/v2\/posts\/1776\/revisions"}],"predecessor-version":[{"id":1778,"href":"https:\/\/naenpalabras.net\/wp\/wp-json\/wp\/v2\/posts\/1776\/revisions\/1778"}],"wp:featuredmedia":[{"embeddable":true,"href":"https:\/\/naenpalabras.net\/wp\/wp-json\/wp\/v2\/media\/1777"}],"wp:attachment":[{"href":"https:\/\/naenpalabras.net\/wp\/wp-json\/wp\/v2\/media?parent=1776"}],"wp:term":[{"taxonomy":"category","embeddable":true,"href":"https:\/\/naenpalabras.net\/wp\/wp-json\/wp\/v2\/categories?post=1776"},{"taxonomy":"post_tag","embeddable":true,"href":"https:\/\/naenpalabras.net\/wp\/wp-json\/wp\/v2\/tags?post=1776"}],"curies":[{"name":"wp","href":"https:\/\/api.w.org\/{rel}","templated":true}]}}