{"id":1552,"date":"2024-11-02T19:32:36","date_gmt":"2024-11-02T23:32:36","guid":{"rendered":"https:\/\/naenpalabras.net\/wp\/?p=1552"},"modified":"2024-11-02T19:32:36","modified_gmt":"2024-11-02T23:32:36","slug":"iran-entra-en-la-fase-industrial-en-ciencia-y-tecnologia-nuclear","status":"publish","type":"post","link":"https:\/\/naenpalabras.net\/wp\/2024\/11\/02\/iran-entra-en-la-fase-industrial-en-ciencia-y-tecnologia-nuclear\/","title":{"rendered":"Ir\u00e1n entra \u201cen la fase industrial\u201d en ciencia y tecnolog\u00eda nuclear"},"content":{"rendered":"<p class=\"introtext\">Ir\u00e1n, gracias a los j\u00f3venes iran\u00edes, ha alcanzado con \u00e9xito el nivel de los pa\u00edses l\u00edderes en tecnolog\u00eda nuclear del mundo, ha afirmado un funcionario iran\u00ed.<\/p>\n<div>\n<p>\u201cHemos conseguido obtener los c\u00f3digos inform\u00e1ticos y el software que se utilizan en los procesos de dise\u00f1o y construcci\u00f3n\u201d de productos at\u00f3micos, ha aseverado este s\u00e1bado el jefe de la Organizaci\u00f3n de Energ\u00eda At\u00f3mica de Ir\u00e1n (OEAI), Mohamad\u00a0Eslami, durante una reuni\u00f3n con estudiantes y profesores de la Universidad de Shiraz (sur de Ir\u00e1n).<\/p>\n<p>Tras explicar que estos c\u00f3digos se utilizan en la producci\u00f3n de productos at\u00f3micos, Eslami ha se\u00f1alado que la OEAI se han hecho grandes esfuerzos en los \u00faltimos a\u00f1os para pasar de la \u201cfase de investigaci\u00f3n y entrar en la fase industrial\u201d y este proceso est\u00e1 avanzando.<\/p>\n<p>El funcionario iran\u00ed ha subrayado que los avances en el campo de la ciencia y la tecnolog\u00eda conducir\u00e1n al desarrollo del pa\u00eds en todos los campos.<\/p>\n<ul>\n<li><strong><a href=\"https:\/\/www.hispantv.com\/noticias\/energia-nuclear\/584147\/principales-productores-radiofarmacos\">Ir\u00e1n, entre principales productores de radiof\u00e1rmacos y agua pesada<\/a><\/strong><\/li>\n<\/ul>\n<div data-oembed-url=\"https:\/\/www.hispantv.com\/noticias\/energia-nuclear\/601684\/progreso-cientifico-de-iran-oeai\">\n<div class=\"oembed\"><a href=\"https:\/\/www.hispantv.com\/noticias\/energia-nuclear\/601684\/progreso-cientifico-de-iran-oeai\" target=\"_blank\" rel=\"noopener\"><img decoding=\"async\" class=\"thumbnail\" src=\"https:\/\/cdn.hispantv.com\/hispanmedia\/files\/images\/thumbnail\/20240422\/21262685_xl.jpg\" alt=\"Jefe de OEAI: Nuestro progreso preocupa a reg\u00edmenes dominantes | HISPANTV\" \/><\/a><\/p>\n<div class=\"title\"><a href=\"https:\/\/www.hispantv.com\/noticias\/energia-nuclear\/601684\/progreso-cientifico-de-iran-oeai\" target=\"_blank\" rel=\"noopener\">Jefe de OEAI: Nuestro progreso preocupa a reg\u00edmenes dominantes | HISPANTV<\/a><\/div>\n<\/div>\n<p><a href=\"https:\/\/www.hispantv.com\/noticias\/energia-nuclear\/601684\/progreso-cientifico-de-iran-oeai\" target=\"_blank\" rel=\"noopener\">El jefe de la Organizaci\u00f3n de Energ\u00eda At\u00f3mica de Ir\u00e1n (OEAI), Mohamad Eslami, ha declarado que los avances cient\u00edficos del pa\u00eds preocupan al sistema de dominante.<\/a><\/div>\n<p>&nbsp;<\/p>\n<p>Adem\u00e1s, ha enfatizado que, con el florecimiento de la ciencia y la tecnolog\u00eda, se crear\u00e1 disuasi\u00f3n y nadie pensar\u00e1 en llevar a cabo agresi\u00f3n contra el pa\u00eds persa. \u201cPor lo tanto, es necesario hacer m\u00e1s esfuerzos para no ser dominados por otros\u201d, ha agregado.<\/p>\n<p>En los \u00faltimos a\u00f1os, Ir\u00e1n ha logrado muchos logros en su programa de energ\u00eda nuclear con fines pac\u00edficos, desafiando las sanciones estadounidenses y otros obst\u00e1culos creados por Occidente.<\/p>\n<p>Como uno de los primeros signatarios del Tratado de No Proliferaci\u00f3n Nuclear (TNP), Ir\u00e1n tambi\u00e9n ha estado cooperando estrechamente con la Agencia\u00a0Internacional de Energ\u00eda At\u00f3mica (AIEA).<\/p>\n<ul>\n<li><a href=\"https:\/\/www.hispantv.com\/noticias\/energia-nuclear\/537096\/iran-produccion-radiofarmacos\"><strong>Ir\u00e1n: Estamos en el camino hacia autosuficiencia radiofarmac\u00e9utica<\/strong><\/a><\/li>\n<\/ul>\n<p><a href=\"https:\/\/www.hispantv.com\/noticias\/energia-nuclear\/604133\/jefe-oeai-iran-principales-paises-tecnologia-nuclear\"><strong>Fuente: Hispantv\u00a0<\/strong><\/a><\/p>\n<\/div>\n","protected":false},"excerpt":{"rendered":"<p>Ir\u00e1n, gracias a los j\u00f3venes iran\u00edes, ha alcanzado con \u00e9xito el nivel de los pa\u00edses l\u00edderes en tecnolog\u00eda nuclear del mundo, ha afirmado un funcionario iran\u00ed. \u201cHemos conseguido obtener los c\u00f3digos inform\u00e1ticos y el software que se utilizan en los procesos de dise\u00f1o y construcci\u00f3n\u201d de productos at\u00f3micos, ha aseverado [&hellip;]<\/p>\n","protected":false},"author":2,"featured_media":1553,"comment_status":"open","ping_status":"closed","sticky":false,"template":"","format":"standard","meta":{"footnotes":""},"categories":[4],"tags":[541,26,540],"class_list":["post-1552","post","type-post","status-publish","format-standard","has-post-thumbnail","hentry","category-noticias","tag-industrial","tag-iran","tag-nuclear"],"yoast_head":"<!-- This site is optimized with the Yoast SEO plugin v27.5 - https:\/\/yoast.com\/product\/yoast-seo-wordpress\/ -->\n<title>Ir\u00e1n entra \u201cen la fase industrial\u201d en ciencia y tecnolog\u00eda nuclear - Nuestra Am\u00e9rica En Palabras<\/title>\n<meta name=\"robots\" content=\"index, follow, max-snippet:-1, max-image-preview:large, max-video-preview:-1\" \/>\n<link rel=\"canonical\" href=\"https:\/\/naenpalabras.net\/wp\/2024\/11\/02\/iran-entra-en-la-fase-industrial-en-ciencia-y-tecnologia-nuclear\/\" \/>\n<meta property=\"og:locale\" content=\"es_ES\" \/>\n<meta property=\"og:type\" content=\"article\" \/>\n<meta property=\"og:title\" content=\"Ir\u00e1n entra \u201cen la fase industrial\u201d en ciencia y tecnolog\u00eda nuclear - Nuestra Am\u00e9rica En Palabras\" \/>\n<meta property=\"og:description\" content=\"Ir\u00e1n, gracias a los j\u00f3venes iran\u00edes, ha alcanzado con \u00e9xito el nivel de los pa\u00edses l\u00edderes en tecnolog\u00eda nuclear del mundo, ha afirmado un funcionario iran\u00ed. \u201cHemos conseguido obtener los c\u00f3digos inform\u00e1ticos y el software que se utilizan en los procesos de dise\u00f1o y construcci\u00f3n\u201d de productos at\u00f3micos, ha aseverado [&hellip;]\" \/>\n<meta property=\"og:url\" content=\"https:\/\/naenpalabras.net\/wp\/2024\/11\/02\/iran-entra-en-la-fase-industrial-en-ciencia-y-tecnologia-nuclear\/\" \/>\n<meta property=\"og:site_name\" content=\"Nuestra Am\u00e9rica En Palabras\" \/>\n<meta property=\"article:published_time\" content=\"2024-11-02T23:32:36+00:00\" \/>\n<meta property=\"og:image\" content=\"https:\/\/naenpalabras.net\/wp\/wp-content\/uploads\/2024\/11\/3.jpg\" \/>\n\t<meta property=\"og:image:width\" content=\"880\" \/>\n\t<meta property=\"og:image:height\" content=\"495\" \/>\n\t<meta property=\"og:image:type\" content=\"image\/jpeg\" \/>\n<meta name=\"author\" content=\"naenp\" \/>\n<meta name=\"twitter:card\" content=\"summary_large_image\" \/>\n<meta name=\"twitter:label1\" content=\"Escrito por\" \/>\n\t<meta name=\"twitter:data1\" content=\"naenp\" \/>\n\t<meta name=\"twitter:label2\" content=\"Tiempo estimado de lectura\" \/>\n\t<meta name=\"twitter:data2\" content=\"2 minutos\" \/>\n<script type=\"application\/ld+json\" class=\"yoast-schema-graph\">{\"@context\":\"https:\\\/\\\/schema.org\",\"@graph\":[{\"@type\":\"Article\",\"@id\":\"https:\\\/\\\/naenpalabras.net\\\/wp\\\/2024\\\/11\\\/02\\\/iran-entra-en-la-fase-industrial-en-ciencia-y-tecnologia-nuclear\\\/#article\",\"isPartOf\":{\"@id\":\"https:\\\/\\\/naenpalabras.net\\\/wp\\\/2024\\\/11\\\/02\\\/iran-entra-en-la-fase-industrial-en-ciencia-y-tecnologia-nuclear\\\/\"},\"author\":{\"name\":\"naenp\",\"@id\":\"https:\\\/\\\/naenpalabras.net\\\/wp\\\/#\\\/schema\\\/person\\\/2b8dc3b44be009cae3c432096b2fad15\"},\"headline\":\"Ir\u00e1n entra \u201cen la fase industrial\u201d en ciencia y tecnolog\u00eda nuclear\",\"datePublished\":\"2024-11-02T23:32:36+00:00\",\"mainEntityOfPage\":{\"@id\":\"https:\\\/\\\/naenpalabras.net\\\/wp\\\/2024\\\/11\\\/02\\\/iran-entra-en-la-fase-industrial-en-ciencia-y-tecnologia-nuclear\\\/\"},\"wordCount\":374,\"commentCount\":0,\"image\":{\"@id\":\"https:\\\/\\\/naenpalabras.net\\\/wp\\\/2024\\\/11\\\/02\\\/iran-entra-en-la-fase-industrial-en-ciencia-y-tecnologia-nuclear\\\/#primaryimage\"},\"thumbnailUrl\":\"https:\\\/\\\/naenpalabras.net\\\/wp\\\/wp-content\\\/uploads\\\/2024\\\/11\\\/3.jpg\",\"keywords\":[\"industrial\",\"Ir\u00e1n\",\"nuclear\"],\"articleSection\":[\"Noticias\"],\"inLanguage\":\"es\",\"potentialAction\":[{\"@type\":\"CommentAction\",\"name\":\"Comment\",\"target\":[\"https:\\\/\\\/naenpalabras.net\\\/wp\\\/2024\\\/11\\\/02\\\/iran-entra-en-la-fase-industrial-en-ciencia-y-tecnologia-nuclear\\\/#respond\"]}]},{\"@type\":\"WebPage\",\"@id\":\"https:\\\/\\\/naenpalabras.net\\\/wp\\\/2024\\\/11\\\/02\\\/iran-entra-en-la-fase-industrial-en-ciencia-y-tecnologia-nuclear\\\/\",\"url\":\"https:\\\/\\\/naenpalabras.net\\\/wp\\\/2024\\\/11\\\/02\\\/iran-entra-en-la-fase-industrial-en-ciencia-y-tecnologia-nuclear\\\/\",\"name\":\"Ir\u00e1n entra \u201cen la fase industrial\u201d en ciencia y tecnolog\u00eda nuclear - Nuestra Am\u00e9rica En Palabras\",\"isPartOf\":{\"@id\":\"https:\\\/\\\/naenpalabras.net\\\/wp\\\/#website\"},\"primaryImageOfPage\":{\"@id\":\"https:\\\/\\\/naenpalabras.net\\\/wp\\\/2024\\\/11\\\/02\\\/iran-entra-en-la-fase-industrial-en-ciencia-y-tecnologia-nuclear\\\/#primaryimage\"},\"image\":{\"@id\":\"https:\\\/\\\/naenpalabras.net\\\/wp\\\/2024\\\/11\\\/02\\\/iran-entra-en-la-fase-industrial-en-ciencia-y-tecnologia-nuclear\\\/#primaryimage\"},\"thumbnailUrl\":\"https:\\\/\\\/naenpalabras.net\\\/wp\\\/wp-content\\\/uploads\\\/2024\\\/11\\\/3.jpg\",\"datePublished\":\"2024-11-02T23:32:36+00:00\",\"author\":{\"@id\":\"https:\\\/\\\/naenpalabras.net\\\/wp\\\/#\\\/schema\\\/person\\\/2b8dc3b44be009cae3c432096b2fad15\"},\"breadcrumb\":{\"@id\":\"https:\\\/\\\/naenpalabras.net\\\/wp\\\/2024\\\/11\\\/02\\\/iran-entra-en-la-fase-industrial-en-ciencia-y-tecnologia-nuclear\\\/#breadcrumb\"},\"inLanguage\":\"es\",\"potentialAction\":[{\"@type\":\"ReadAction\",\"target\":[\"https:\\\/\\\/naenpalabras.net\\\/wp\\\/2024\\\/11\\\/02\\\/iran-entra-en-la-fase-industrial-en-ciencia-y-tecnologia-nuclear\\\/\"]}]},{\"@type\":\"ImageObject\",\"inLanguage\":\"es\",\"@id\":\"https:\\\/\\\/naenpalabras.net\\\/wp\\\/2024\\\/11\\\/02\\\/iran-entra-en-la-fase-industrial-en-ciencia-y-tecnologia-nuclear\\\/#primaryimage\",\"url\":\"https:\\\/\\\/naenpalabras.net\\\/wp\\\/wp-content\\\/uploads\\\/2024\\\/11\\\/3.jpg\",\"contentUrl\":\"https:\\\/\\\/naenpalabras.net\\\/wp\\\/wp-content\\\/uploads\\\/2024\\\/11\\\/3.jpg\",\"width\":880,\"height\":495},{\"@type\":\"BreadcrumbList\",\"@id\":\"https:\\\/\\\/naenpalabras.net\\\/wp\\\/2024\\\/11\\\/02\\\/iran-entra-en-la-fase-industrial-en-ciencia-y-tecnologia-nuclear\\\/#breadcrumb\",\"itemListElement\":[{\"@type\":\"ListItem\",\"position\":1,\"name\":\"Portada\",\"item\":\"https:\\\/\\\/naenpalabras.net\\\/wp\\\/\"},{\"@type\":\"ListItem\",\"position\":2,\"name\":\"Ir\u00e1n entra \u201cen la fase industrial\u201d en ciencia y tecnolog\u00eda nuclear\"}]},{\"@type\":\"WebSite\",\"@id\":\"https:\\\/\\\/naenpalabras.net\\\/wp\\\/#website\",\"url\":\"https:\\\/\\\/naenpalabras.net\\\/wp\\\/\",\"name\":\"Nuestra Am\u00e9rica En Palabras\",\"description\":\"\",\"potentialAction\":[{\"@type\":\"SearchAction\",\"target\":{\"@type\":\"EntryPoint\",\"urlTemplate\":\"https:\\\/\\\/naenpalabras.net\\\/wp\\\/?s={search_term_string}\"},\"query-input\":{\"@type\":\"PropertyValueSpecification\",\"valueRequired\":true,\"valueName\":\"search_term_string\"}}],\"inLanguage\":\"es\"},{\"@type\":\"Person\",\"@id\":\"https:\\\/\\\/naenpalabras.net\\\/wp\\\/#\\\/schema\\\/person\\\/2b8dc3b44be009cae3c432096b2fad15\",\"name\":\"naenp\",\"image\":{\"@type\":\"ImageObject\",\"inLanguage\":\"es\",\"@id\":\"https:\\\/\\\/secure.gravatar.com\\\/avatar\\\/ebeb7cc417e6a6b9894cfaca0e864947ba305c2cd77c221b39b90345e02bc3bb?s=96&d=mm&r=g\",\"url\":\"https:\\\/\\\/secure.gravatar.com\\\/avatar\\\/ebeb7cc417e6a6b9894cfaca0e864947ba305c2cd77c221b39b90345e02bc3bb?s=96&d=mm&r=g\",\"contentUrl\":\"https:\\\/\\\/secure.gravatar.com\\\/avatar\\\/ebeb7cc417e6a6b9894cfaca0e864947ba305c2cd77c221b39b90345e02bc3bb?s=96&d=mm&r=g\",\"caption\":\"naenp\"},\"sameAs\":[\"https:\\\/\\\/naenpalabras.net\\\/wp\"],\"url\":\"https:\\\/\\\/naenpalabras.net\\\/wp\\\/author\\\/admin-2\\\/\"}]}<\/script>\n<!-- \/ Yoast SEO plugin. -->","yoast_head_json":{"title":"Ir\u00e1n entra \u201cen la fase industrial\u201d en ciencia y tecnolog\u00eda nuclear - Nuestra Am\u00e9rica En Palabras","robots":{"index":"index","follow":"follow","max-snippet":"max-snippet:-1","max-image-preview":"max-image-preview:large","max-video-preview":"max-video-preview:-1"},"canonical":"https:\/\/naenpalabras.net\/wp\/2024\/11\/02\/iran-entra-en-la-fase-industrial-en-ciencia-y-tecnologia-nuclear\/","og_locale":"es_ES","og_type":"article","og_title":"Ir\u00e1n entra \u201cen la fase industrial\u201d en ciencia y tecnolog\u00eda nuclear - Nuestra Am\u00e9rica En Palabras","og_description":"Ir\u00e1n, gracias a los j\u00f3venes iran\u00edes, ha alcanzado con \u00e9xito el nivel de los pa\u00edses l\u00edderes en tecnolog\u00eda nuclear del mundo, ha afirmado un funcionario iran\u00ed. \u201cHemos conseguido obtener los c\u00f3digos inform\u00e1ticos y el software que se utilizan en los procesos de dise\u00f1o y construcci\u00f3n\u201d de productos at\u00f3micos, ha aseverado [&hellip;]","og_url":"https:\/\/naenpalabras.net\/wp\/2024\/11\/02\/iran-entra-en-la-fase-industrial-en-ciencia-y-tecnologia-nuclear\/","og_site_name":"Nuestra Am\u00e9rica En Palabras","article_published_time":"2024-11-02T23:32:36+00:00","og_image":[{"width":880,"height":495,"url":"https:\/\/naenpalabras.net\/wp\/wp-content\/uploads\/2024\/11\/3.jpg","type":"image\/jpeg"}],"author":"naenp","twitter_card":"summary_large_image","twitter_misc":{"Escrito por":"naenp","Tiempo estimado de lectura":"2 minutos"},"schema":{"@context":"https:\/\/schema.org","@graph":[{"@type":"Article","@id":"https:\/\/naenpalabras.net\/wp\/2024\/11\/02\/iran-entra-en-la-fase-industrial-en-ciencia-y-tecnologia-nuclear\/#article","isPartOf":{"@id":"https:\/\/naenpalabras.net\/wp\/2024\/11\/02\/iran-entra-en-la-fase-industrial-en-ciencia-y-tecnologia-nuclear\/"},"author":{"name":"naenp","@id":"https:\/\/naenpalabras.net\/wp\/#\/schema\/person\/2b8dc3b44be009cae3c432096b2fad15"},"headline":"Ir\u00e1n entra \u201cen la fase industrial\u201d en ciencia y tecnolog\u00eda nuclear","datePublished":"2024-11-02T23:32:36+00:00","mainEntityOfPage":{"@id":"https:\/\/naenpalabras.net\/wp\/2024\/11\/02\/iran-entra-en-la-fase-industrial-en-ciencia-y-tecnologia-nuclear\/"},"wordCount":374,"commentCount":0,"image":{"@id":"https:\/\/naenpalabras.net\/wp\/2024\/11\/02\/iran-entra-en-la-fase-industrial-en-ciencia-y-tecnologia-nuclear\/#primaryimage"},"thumbnailUrl":"https:\/\/naenpalabras.net\/wp\/wp-content\/uploads\/2024\/11\/3.jpg","keywords":["industrial","Ir\u00e1n","nuclear"],"articleSection":["Noticias"],"inLanguage":"es","potentialAction":[{"@type":"CommentAction","name":"Comment","target":["https:\/\/naenpalabras.net\/wp\/2024\/11\/02\/iran-entra-en-la-fase-industrial-en-ciencia-y-tecnologia-nuclear\/#respond"]}]},{"@type":"WebPage","@id":"https:\/\/naenpalabras.net\/wp\/2024\/11\/02\/iran-entra-en-la-fase-industrial-en-ciencia-y-tecnologia-nuclear\/","url":"https:\/\/naenpalabras.net\/wp\/2024\/11\/02\/iran-entra-en-la-fase-industrial-en-ciencia-y-tecnologia-nuclear\/","name":"Ir\u00e1n entra \u201cen la fase industrial\u201d en ciencia y tecnolog\u00eda nuclear - Nuestra Am\u00e9rica En Palabras","isPartOf":{"@id":"https:\/\/naenpalabras.net\/wp\/#website"},"primaryImageOfPage":{"@id":"https:\/\/naenpalabras.net\/wp\/2024\/11\/02\/iran-entra-en-la-fase-industrial-en-ciencia-y-tecnologia-nuclear\/#primaryimage"},"image":{"@id":"https:\/\/naenpalabras.net\/wp\/2024\/11\/02\/iran-entra-en-la-fase-industrial-en-ciencia-y-tecnologia-nuclear\/#primaryimage"},"thumbnailUrl":"https:\/\/naenpalabras.net\/wp\/wp-content\/uploads\/2024\/11\/3.jpg","datePublished":"2024-11-02T23:32:36+00:00","author":{"@id":"https:\/\/naenpalabras.net\/wp\/#\/schema\/person\/2b8dc3b44be009cae3c432096b2fad15"},"breadcrumb":{"@id":"https:\/\/naenpalabras.net\/wp\/2024\/11\/02\/iran-entra-en-la-fase-industrial-en-ciencia-y-tecnologia-nuclear\/#breadcrumb"},"inLanguage":"es","potentialAction":[{"@type":"ReadAction","target":["https:\/\/naenpalabras.net\/wp\/2024\/11\/02\/iran-entra-en-la-fase-industrial-en-ciencia-y-tecnologia-nuclear\/"]}]},{"@type":"ImageObject","inLanguage":"es","@id":"https:\/\/naenpalabras.net\/wp\/2024\/11\/02\/iran-entra-en-la-fase-industrial-en-ciencia-y-tecnologia-nuclear\/#primaryimage","url":"https:\/\/naenpalabras.net\/wp\/wp-content\/uploads\/2024\/11\/3.jpg","contentUrl":"https:\/\/naenpalabras.net\/wp\/wp-content\/uploads\/2024\/11\/3.jpg","width":880,"height":495},{"@type":"BreadcrumbList","@id":"https:\/\/naenpalabras.net\/wp\/2024\/11\/02\/iran-entra-en-la-fase-industrial-en-ciencia-y-tecnologia-nuclear\/#breadcrumb","itemListElement":[{"@type":"ListItem","position":1,"name":"Portada","item":"https:\/\/naenpalabras.net\/wp\/"},{"@type":"ListItem","position":2,"name":"Ir\u00e1n entra \u201cen la fase industrial\u201d en ciencia y tecnolog\u00eda nuclear"}]},{"@type":"WebSite","@id":"https:\/\/naenpalabras.net\/wp\/#website","url":"https:\/\/naenpalabras.net\/wp\/","name":"Nuestra Am\u00e9rica En Palabras","description":"","potentialAction":[{"@type":"SearchAction","target":{"@type":"EntryPoint","urlTemplate":"https:\/\/naenpalabras.net\/wp\/?s={search_term_string}"},"query-input":{"@type":"PropertyValueSpecification","valueRequired":true,"valueName":"search_term_string"}}],"inLanguage":"es"},{"@type":"Person","@id":"https:\/\/naenpalabras.net\/wp\/#\/schema\/person\/2b8dc3b44be009cae3c432096b2fad15","name":"naenp","image":{"@type":"ImageObject","inLanguage":"es","@id":"https:\/\/secure.gravatar.com\/avatar\/ebeb7cc417e6a6b9894cfaca0e864947ba305c2cd77c221b39b90345e02bc3bb?s=96&d=mm&r=g","url":"https:\/\/secure.gravatar.com\/avatar\/ebeb7cc417e6a6b9894cfaca0e864947ba305c2cd77c221b39b90345e02bc3bb?s=96&d=mm&r=g","contentUrl":"https:\/\/secure.gravatar.com\/avatar\/ebeb7cc417e6a6b9894cfaca0e864947ba305c2cd77c221b39b90345e02bc3bb?s=96&d=mm&r=g","caption":"naenp"},"sameAs":["https:\/\/naenpalabras.net\/wp"],"url":"https:\/\/naenpalabras.net\/wp\/author\/admin-2\/"}]}},"_links":{"self":[{"href":"https:\/\/naenpalabras.net\/wp\/wp-json\/wp\/v2\/posts\/1552","targetHints":{"allow":["GET"]}}],"collection":[{"href":"https:\/\/naenpalabras.net\/wp\/wp-json\/wp\/v2\/posts"}],"about":[{"href":"https:\/\/naenpalabras.net\/wp\/wp-json\/wp\/v2\/types\/post"}],"author":[{"embeddable":true,"href":"https:\/\/naenpalabras.net\/wp\/wp-json\/wp\/v2\/users\/2"}],"replies":[{"embeddable":true,"href":"https:\/\/naenpalabras.net\/wp\/wp-json\/wp\/v2\/comments?post=1552"}],"version-history":[{"count":1,"href":"https:\/\/naenpalabras.net\/wp\/wp-json\/wp\/v2\/posts\/1552\/revisions"}],"predecessor-version":[{"id":1554,"href":"https:\/\/naenpalabras.net\/wp\/wp-json\/wp\/v2\/posts\/1552\/revisions\/1554"}],"wp:featuredmedia":[{"embeddable":true,"href":"https:\/\/naenpalabras.net\/wp\/wp-json\/wp\/v2\/media\/1553"}],"wp:attachment":[{"href":"https:\/\/naenpalabras.net\/wp\/wp-json\/wp\/v2\/media?parent=1552"}],"wp:term":[{"taxonomy":"category","embeddable":true,"href":"https:\/\/naenpalabras.net\/wp\/wp-json\/wp\/v2\/categories?post=1552"},{"taxonomy":"post_tag","embeddable":true,"href":"https:\/\/naenpalabras.net\/wp\/wp-json\/wp\/v2\/tags?post=1552"}],"curies":[{"name":"wp","href":"https:\/\/api.w.org\/{rel}","templated":true}]}}