{"id":1521,"date":"2024-10-23T13:15:03","date_gmt":"2024-10-23T17:15:03","guid":{"rendered":"https:\/\/naenpalabras.net\/wp\/?p=1521"},"modified":"2024-10-23T13:15:03","modified_gmt":"2024-10-23T17:15:03","slug":"lider-norcoreano-inspecciona-una-base-de-misiles-estrategicos","status":"publish","type":"post","link":"https:\/\/naenpalabras.net\/wp\/2024\/10\/23\/lider-norcoreano-inspecciona-una-base-de-misiles-estrategicos\/","title":{"rendered":"L\u00edder norcoreano inspecciona una base de misiles estrat\u00e9gicos"},"content":{"rendered":"<p class=\"introtext\">El l\u00edder de Corea del Norte pasa revista al estado de preparaci\u00f3n de la fuerza de disuasi\u00f3n estrat\u00e9gica, directamente relacionada con la seguridad del pa\u00eds.<\/p>\n<div>\n<p>Kim Jong-un se ha personado a las bases estrat\u00e9gicas de\u00a0lanzamiento de\u00a0misiles bal\u00edsticos intercontinentales (ICBM) del pa\u00eds y, tras supervisarlas, ha enfatizado la necesidad de\u00a0seguir modernizarlas,\u00a0ha informado\u00a0este mi\u00e9rcoles la agencia de noticias norcoreana\u00a0<em>KCNA<\/em>.<\/p>\n<p>Recomend\u00f3 \u201cmodernizar y fortalecer a\u00fan m\u00e1s las bases de misiles estrat\u00e9gicos y hacer que todas las bases est\u00e9n completamente listas para mantener una postura de contraacci\u00f3n rigurosa, capaz de asestar r\u00e1pidamente un contragolpe estrat\u00e9gico a los enemigos en cualquier momento y bajo cualquier circunstancia\u201d, ha dicho Kim, conforme recoge el medio oficial.<\/p>\n<p>Se\u00f1alando que los medios nucleares estrat\u00e9gicos de EE.UU. suponen una amenaza cada vez mayor a la seguridad de Corea del Norte, Kim ha considerado un imperativo que Pyongyang \u201crefuerce m\u00e1s definitivamente su disuasi\u00f3n b\u00e9lica y adopte una postura de contraataque minuciosa y estricta de las fuerzas nucleares\u201d.<\/p>\n<ul>\n<li><a href=\"https:\/\/www.hispantv.com\/noticias\/coreas\/570267\/kim-conduce-bilindado-visita-fabricas-amras\"><strong>Fotos: Kim conduce blindado y visita importantes f\u00e1bricas de armas<\/strong><\/a><\/li>\n<\/ul>\n<div data-oembed-url=\"https:\/\/twitter.com\/conflictspot\/status\/1848863513126834199\">\n<blockquote class=\"twitter-tweet\">\n<p dir=\"ltr\" lang=\"en\">\u26a1\ufe0fNorth Korea has released images of Kim Jong Un inspecting strategic missile bases. The photos showcase the Hwasong-16b intermediate-range ballistic missile (IRBM) equipped with a hypersonic glide vehicle, as well as the Hwasong-17 intercontinental ballistic missile (ICBM).\u00a0<a href=\"https:\/\/t.co\/PBIn1dFpm6\">pic.twitter.com\/PBIn1dFpm6<\/a><\/p>\n<p>\u2014 Conflict Spot (@conflictspot)\u00a0<a href=\"https:\/\/twitter.com\/conflictspot\/status\/1848863513126834199?ref_src=twsrc%5Etfw\">October 22, 2024<\/a><\/p><\/blockquote>\n<\/div>\n<p>De acuerdo con el informe, el l\u00edder norcoreano ha calificado a la fuerza de misiles estrat\u00e9gicos como \u201cla espina dorsal\u201d de la capacidad de disuasi\u00f3n b\u00e9lica del pa\u00eds y \u201cun principio importante de la estrategia para la construcci\u00f3n de la defensa nacional\u201d.<\/p>\n<ul>\n<li><a href=\"https:\/\/www.hispantv.com\/noticias\/coreas\/602408\/kim-amenaza-respuesta-nuclear\"><strong>Corea del Norte usar\u00eda armas nucleares si su soberan\u00eda es amenazada<\/strong><\/a><\/li>\n<\/ul>\n<p>El dirigente norcoreano ha llamado a realizar pruebas y desarrollo constante de nuevos\u00a0armamentos, incluidos nucleares, para reforzar la autodefensa\u00a0ante las maniobras de su\u00a0\u201c<a href=\"https:\/\/www.hispantv.com\/noticias\/coreas\/485311\/kim-eeuu-biden-nuclear\">mayor enemigo<\/a>\u201d, Estados Unidos y su aliado\u00a0cercano, Corea del Sur.<\/p>\n<\/div>\n<p><a href=\"https:\/\/www.hispantv.com\/noticias\/coreas\/603532\/kim-inspeccionar-bases-misiles-estrategicos\"><strong>Fuente: Hispantv\u00a0<\/strong><\/a><\/p>\n","protected":false},"excerpt":{"rendered":"<p>El l\u00edder de Corea del Norte pasa revista al estado de preparaci\u00f3n de la fuerza de disuasi\u00f3n estrat\u00e9gica, directamente relacionada con la seguridad del pa\u00eds. Kim Jong-un se ha personado a las bases estrat\u00e9gicas de\u00a0lanzamiento de\u00a0misiles bal\u00edsticos intercontinentales (ICBM) del pa\u00eds y, tras supervisarlas, ha enfatizado la necesidad de\u00a0seguir modernizarlas,\u00a0ha [&hellip;]<\/p>\n","protected":false},"author":2,"featured_media":1522,"comment_status":"open","ping_status":"closed","sticky":false,"template":"","format":"standard","meta":{"footnotes":""},"categories":[4],"tags":[],"class_list":["post-1521","post","type-post","status-publish","format-standard","has-post-thumbnail","hentry","category-noticias"],"yoast_head":"<!-- This site is optimized with the Yoast SEO plugin v27.5 - https:\/\/yoast.com\/product\/yoast-seo-wordpress\/ -->\n<title>L\u00edder norcoreano inspecciona una base de misiles estrat\u00e9gicos - Nuestra Am\u00e9rica En Palabras<\/title>\n<meta name=\"robots\" content=\"index, follow, max-snippet:-1, max-image-preview:large, max-video-preview:-1\" \/>\n<link rel=\"canonical\" href=\"https:\/\/naenpalabras.net\/wp\/2024\/10\/23\/lider-norcoreano-inspecciona-una-base-de-misiles-estrategicos\/\" \/>\n<meta property=\"og:locale\" content=\"es_ES\" \/>\n<meta property=\"og:type\" content=\"article\" \/>\n<meta property=\"og:title\" content=\"L\u00edder norcoreano inspecciona una base de misiles estrat\u00e9gicos - Nuestra Am\u00e9rica En Palabras\" \/>\n<meta property=\"og:description\" content=\"El l\u00edder de Corea del Norte pasa revista al estado de preparaci\u00f3n de la fuerza de disuasi\u00f3n estrat\u00e9gica, directamente relacionada con la seguridad del pa\u00eds. Kim Jong-un se ha personado a las bases estrat\u00e9gicas de\u00a0lanzamiento de\u00a0misiles bal\u00edsticos intercontinentales (ICBM) del pa\u00eds y, tras supervisarlas, ha enfatizado la necesidad de\u00a0seguir modernizarlas,\u00a0ha [&hellip;]\" \/>\n<meta property=\"og:url\" content=\"https:\/\/naenpalabras.net\/wp\/2024\/10\/23\/lider-norcoreano-inspecciona-una-base-de-misiles-estrategicos\/\" \/>\n<meta property=\"og:site_name\" content=\"Nuestra Am\u00e9rica En Palabras\" \/>\n<meta property=\"article:published_time\" content=\"2024-10-23T17:15:03+00:00\" \/>\n<meta property=\"og:image\" content=\"https:\/\/naenpalabras.net\/wp\/wp-content\/uploads\/2024\/10\/4-5.jpg\" \/>\n\t<meta property=\"og:image:width\" content=\"880\" \/>\n\t<meta property=\"og:image:height\" content=\"495\" \/>\n\t<meta property=\"og:image:type\" content=\"image\/jpeg\" \/>\n<meta name=\"author\" content=\"naenp\" \/>\n<meta name=\"twitter:card\" content=\"summary_large_image\" \/>\n<meta name=\"twitter:label1\" content=\"Escrito por\" \/>\n\t<meta name=\"twitter:data1\" content=\"naenp\" \/>\n\t<meta name=\"twitter:label2\" content=\"Tiempo estimado de lectura\" \/>\n\t<meta name=\"twitter:data2\" content=\"2 minutos\" \/>\n<script type=\"application\/ld+json\" class=\"yoast-schema-graph\">{\"@context\":\"https:\\\/\\\/schema.org\",\"@graph\":[{\"@type\":\"Article\",\"@id\":\"https:\\\/\\\/naenpalabras.net\\\/wp\\\/2024\\\/10\\\/23\\\/lider-norcoreano-inspecciona-una-base-de-misiles-estrategicos\\\/#article\",\"isPartOf\":{\"@id\":\"https:\\\/\\\/naenpalabras.net\\\/wp\\\/2024\\\/10\\\/23\\\/lider-norcoreano-inspecciona-una-base-de-misiles-estrategicos\\\/\"},\"author\":{\"name\":\"naenp\",\"@id\":\"https:\\\/\\\/naenpalabras.net\\\/wp\\\/#\\\/schema\\\/person\\\/2b8dc3b44be009cae3c432096b2fad15\"},\"headline\":\"L\u00edder norcoreano inspecciona una base de misiles estrat\u00e9gicos\",\"datePublished\":\"2024-10-23T17:15:03+00:00\",\"mainEntityOfPage\":{\"@id\":\"https:\\\/\\\/naenpalabras.net\\\/wp\\\/2024\\\/10\\\/23\\\/lider-norcoreano-inspecciona-una-base-de-misiles-estrategicos\\\/\"},\"wordCount\":351,\"commentCount\":0,\"image\":{\"@id\":\"https:\\\/\\\/naenpalabras.net\\\/wp\\\/2024\\\/10\\\/23\\\/lider-norcoreano-inspecciona-una-base-de-misiles-estrategicos\\\/#primaryimage\"},\"thumbnailUrl\":\"https:\\\/\\\/naenpalabras.net\\\/wp\\\/wp-content\\\/uploads\\\/2024\\\/10\\\/4-5.jpg\",\"articleSection\":[\"Noticias\"],\"inLanguage\":\"es\",\"potentialAction\":[{\"@type\":\"CommentAction\",\"name\":\"Comment\",\"target\":[\"https:\\\/\\\/naenpalabras.net\\\/wp\\\/2024\\\/10\\\/23\\\/lider-norcoreano-inspecciona-una-base-de-misiles-estrategicos\\\/#respond\"]}]},{\"@type\":\"WebPage\",\"@id\":\"https:\\\/\\\/naenpalabras.net\\\/wp\\\/2024\\\/10\\\/23\\\/lider-norcoreano-inspecciona-una-base-de-misiles-estrategicos\\\/\",\"url\":\"https:\\\/\\\/naenpalabras.net\\\/wp\\\/2024\\\/10\\\/23\\\/lider-norcoreano-inspecciona-una-base-de-misiles-estrategicos\\\/\",\"name\":\"L\u00edder norcoreano inspecciona una base de misiles estrat\u00e9gicos - Nuestra Am\u00e9rica En Palabras\",\"isPartOf\":{\"@id\":\"https:\\\/\\\/naenpalabras.net\\\/wp\\\/#website\"},\"primaryImageOfPage\":{\"@id\":\"https:\\\/\\\/naenpalabras.net\\\/wp\\\/2024\\\/10\\\/23\\\/lider-norcoreano-inspecciona-una-base-de-misiles-estrategicos\\\/#primaryimage\"},\"image\":{\"@id\":\"https:\\\/\\\/naenpalabras.net\\\/wp\\\/2024\\\/10\\\/23\\\/lider-norcoreano-inspecciona-una-base-de-misiles-estrategicos\\\/#primaryimage\"},\"thumbnailUrl\":\"https:\\\/\\\/naenpalabras.net\\\/wp\\\/wp-content\\\/uploads\\\/2024\\\/10\\\/4-5.jpg\",\"datePublished\":\"2024-10-23T17:15:03+00:00\",\"author\":{\"@id\":\"https:\\\/\\\/naenpalabras.net\\\/wp\\\/#\\\/schema\\\/person\\\/2b8dc3b44be009cae3c432096b2fad15\"},\"breadcrumb\":{\"@id\":\"https:\\\/\\\/naenpalabras.net\\\/wp\\\/2024\\\/10\\\/23\\\/lider-norcoreano-inspecciona-una-base-de-misiles-estrategicos\\\/#breadcrumb\"},\"inLanguage\":\"es\",\"potentialAction\":[{\"@type\":\"ReadAction\",\"target\":[\"https:\\\/\\\/naenpalabras.net\\\/wp\\\/2024\\\/10\\\/23\\\/lider-norcoreano-inspecciona-una-base-de-misiles-estrategicos\\\/\"]}]},{\"@type\":\"ImageObject\",\"inLanguage\":\"es\",\"@id\":\"https:\\\/\\\/naenpalabras.net\\\/wp\\\/2024\\\/10\\\/23\\\/lider-norcoreano-inspecciona-una-base-de-misiles-estrategicos\\\/#primaryimage\",\"url\":\"https:\\\/\\\/naenpalabras.net\\\/wp\\\/wp-content\\\/uploads\\\/2024\\\/10\\\/4-5.jpg\",\"contentUrl\":\"https:\\\/\\\/naenpalabras.net\\\/wp\\\/wp-content\\\/uploads\\\/2024\\\/10\\\/4-5.jpg\",\"width\":880,\"height\":495},{\"@type\":\"BreadcrumbList\",\"@id\":\"https:\\\/\\\/naenpalabras.net\\\/wp\\\/2024\\\/10\\\/23\\\/lider-norcoreano-inspecciona-una-base-de-misiles-estrategicos\\\/#breadcrumb\",\"itemListElement\":[{\"@type\":\"ListItem\",\"position\":1,\"name\":\"Portada\",\"item\":\"https:\\\/\\\/naenpalabras.net\\\/wp\\\/\"},{\"@type\":\"ListItem\",\"position\":2,\"name\":\"L\u00edder norcoreano inspecciona una base de misiles estrat\u00e9gicos\"}]},{\"@type\":\"WebSite\",\"@id\":\"https:\\\/\\\/naenpalabras.net\\\/wp\\\/#website\",\"url\":\"https:\\\/\\\/naenpalabras.net\\\/wp\\\/\",\"name\":\"Nuestra Am\u00e9rica En Palabras\",\"description\":\"\",\"potentialAction\":[{\"@type\":\"SearchAction\",\"target\":{\"@type\":\"EntryPoint\",\"urlTemplate\":\"https:\\\/\\\/naenpalabras.net\\\/wp\\\/?s={search_term_string}\"},\"query-input\":{\"@type\":\"PropertyValueSpecification\",\"valueRequired\":true,\"valueName\":\"search_term_string\"}}],\"inLanguage\":\"es\"},{\"@type\":\"Person\",\"@id\":\"https:\\\/\\\/naenpalabras.net\\\/wp\\\/#\\\/schema\\\/person\\\/2b8dc3b44be009cae3c432096b2fad15\",\"name\":\"naenp\",\"image\":{\"@type\":\"ImageObject\",\"inLanguage\":\"es\",\"@id\":\"https:\\\/\\\/secure.gravatar.com\\\/avatar\\\/ebeb7cc417e6a6b9894cfaca0e864947ba305c2cd77c221b39b90345e02bc3bb?s=96&d=mm&r=g\",\"url\":\"https:\\\/\\\/secure.gravatar.com\\\/avatar\\\/ebeb7cc417e6a6b9894cfaca0e864947ba305c2cd77c221b39b90345e02bc3bb?s=96&d=mm&r=g\",\"contentUrl\":\"https:\\\/\\\/secure.gravatar.com\\\/avatar\\\/ebeb7cc417e6a6b9894cfaca0e864947ba305c2cd77c221b39b90345e02bc3bb?s=96&d=mm&r=g\",\"caption\":\"naenp\"},\"sameAs\":[\"https:\\\/\\\/naenpalabras.net\\\/wp\"],\"url\":\"https:\\\/\\\/naenpalabras.net\\\/wp\\\/author\\\/admin-2\\\/\"}]}<\/script>\n<!-- \/ Yoast SEO plugin. -->","yoast_head_json":{"title":"L\u00edder norcoreano inspecciona una base de misiles estrat\u00e9gicos - Nuestra Am\u00e9rica En Palabras","robots":{"index":"index","follow":"follow","max-snippet":"max-snippet:-1","max-image-preview":"max-image-preview:large","max-video-preview":"max-video-preview:-1"},"canonical":"https:\/\/naenpalabras.net\/wp\/2024\/10\/23\/lider-norcoreano-inspecciona-una-base-de-misiles-estrategicos\/","og_locale":"es_ES","og_type":"article","og_title":"L\u00edder norcoreano inspecciona una base de misiles estrat\u00e9gicos - Nuestra Am\u00e9rica En Palabras","og_description":"El l\u00edder de Corea del Norte pasa revista al estado de preparaci\u00f3n de la fuerza de disuasi\u00f3n estrat\u00e9gica, directamente relacionada con la seguridad del pa\u00eds. Kim Jong-un se ha personado a las bases estrat\u00e9gicas de\u00a0lanzamiento de\u00a0misiles bal\u00edsticos intercontinentales (ICBM) del pa\u00eds y, tras supervisarlas, ha enfatizado la necesidad de\u00a0seguir modernizarlas,\u00a0ha [&hellip;]","og_url":"https:\/\/naenpalabras.net\/wp\/2024\/10\/23\/lider-norcoreano-inspecciona-una-base-de-misiles-estrategicos\/","og_site_name":"Nuestra Am\u00e9rica En Palabras","article_published_time":"2024-10-23T17:15:03+00:00","og_image":[{"width":880,"height":495,"url":"https:\/\/naenpalabras.net\/wp\/wp-content\/uploads\/2024\/10\/4-5.jpg","type":"image\/jpeg"}],"author":"naenp","twitter_card":"summary_large_image","twitter_misc":{"Escrito por":"naenp","Tiempo estimado de lectura":"2 minutos"},"schema":{"@context":"https:\/\/schema.org","@graph":[{"@type":"Article","@id":"https:\/\/naenpalabras.net\/wp\/2024\/10\/23\/lider-norcoreano-inspecciona-una-base-de-misiles-estrategicos\/#article","isPartOf":{"@id":"https:\/\/naenpalabras.net\/wp\/2024\/10\/23\/lider-norcoreano-inspecciona-una-base-de-misiles-estrategicos\/"},"author":{"name":"naenp","@id":"https:\/\/naenpalabras.net\/wp\/#\/schema\/person\/2b8dc3b44be009cae3c432096b2fad15"},"headline":"L\u00edder norcoreano inspecciona una base de misiles estrat\u00e9gicos","datePublished":"2024-10-23T17:15:03+00:00","mainEntityOfPage":{"@id":"https:\/\/naenpalabras.net\/wp\/2024\/10\/23\/lider-norcoreano-inspecciona-una-base-de-misiles-estrategicos\/"},"wordCount":351,"commentCount":0,"image":{"@id":"https:\/\/naenpalabras.net\/wp\/2024\/10\/23\/lider-norcoreano-inspecciona-una-base-de-misiles-estrategicos\/#primaryimage"},"thumbnailUrl":"https:\/\/naenpalabras.net\/wp\/wp-content\/uploads\/2024\/10\/4-5.jpg","articleSection":["Noticias"],"inLanguage":"es","potentialAction":[{"@type":"CommentAction","name":"Comment","target":["https:\/\/naenpalabras.net\/wp\/2024\/10\/23\/lider-norcoreano-inspecciona-una-base-de-misiles-estrategicos\/#respond"]}]},{"@type":"WebPage","@id":"https:\/\/naenpalabras.net\/wp\/2024\/10\/23\/lider-norcoreano-inspecciona-una-base-de-misiles-estrategicos\/","url":"https:\/\/naenpalabras.net\/wp\/2024\/10\/23\/lider-norcoreano-inspecciona-una-base-de-misiles-estrategicos\/","name":"L\u00edder norcoreano inspecciona una base de misiles estrat\u00e9gicos - Nuestra Am\u00e9rica En Palabras","isPartOf":{"@id":"https:\/\/naenpalabras.net\/wp\/#website"},"primaryImageOfPage":{"@id":"https:\/\/naenpalabras.net\/wp\/2024\/10\/23\/lider-norcoreano-inspecciona-una-base-de-misiles-estrategicos\/#primaryimage"},"image":{"@id":"https:\/\/naenpalabras.net\/wp\/2024\/10\/23\/lider-norcoreano-inspecciona-una-base-de-misiles-estrategicos\/#primaryimage"},"thumbnailUrl":"https:\/\/naenpalabras.net\/wp\/wp-content\/uploads\/2024\/10\/4-5.jpg","datePublished":"2024-10-23T17:15:03+00:00","author":{"@id":"https:\/\/naenpalabras.net\/wp\/#\/schema\/person\/2b8dc3b44be009cae3c432096b2fad15"},"breadcrumb":{"@id":"https:\/\/naenpalabras.net\/wp\/2024\/10\/23\/lider-norcoreano-inspecciona-una-base-de-misiles-estrategicos\/#breadcrumb"},"inLanguage":"es","potentialAction":[{"@type":"ReadAction","target":["https:\/\/naenpalabras.net\/wp\/2024\/10\/23\/lider-norcoreano-inspecciona-una-base-de-misiles-estrategicos\/"]}]},{"@type":"ImageObject","inLanguage":"es","@id":"https:\/\/naenpalabras.net\/wp\/2024\/10\/23\/lider-norcoreano-inspecciona-una-base-de-misiles-estrategicos\/#primaryimage","url":"https:\/\/naenpalabras.net\/wp\/wp-content\/uploads\/2024\/10\/4-5.jpg","contentUrl":"https:\/\/naenpalabras.net\/wp\/wp-content\/uploads\/2024\/10\/4-5.jpg","width":880,"height":495},{"@type":"BreadcrumbList","@id":"https:\/\/naenpalabras.net\/wp\/2024\/10\/23\/lider-norcoreano-inspecciona-una-base-de-misiles-estrategicos\/#breadcrumb","itemListElement":[{"@type":"ListItem","position":1,"name":"Portada","item":"https:\/\/naenpalabras.net\/wp\/"},{"@type":"ListItem","position":2,"name":"L\u00edder norcoreano inspecciona una base de misiles estrat\u00e9gicos"}]},{"@type":"WebSite","@id":"https:\/\/naenpalabras.net\/wp\/#website","url":"https:\/\/naenpalabras.net\/wp\/","name":"Nuestra Am\u00e9rica En Palabras","description":"","potentialAction":[{"@type":"SearchAction","target":{"@type":"EntryPoint","urlTemplate":"https:\/\/naenpalabras.net\/wp\/?s={search_term_string}"},"query-input":{"@type":"PropertyValueSpecification","valueRequired":true,"valueName":"search_term_string"}}],"inLanguage":"es"},{"@type":"Person","@id":"https:\/\/naenpalabras.net\/wp\/#\/schema\/person\/2b8dc3b44be009cae3c432096b2fad15","name":"naenp","image":{"@type":"ImageObject","inLanguage":"es","@id":"https:\/\/secure.gravatar.com\/avatar\/ebeb7cc417e6a6b9894cfaca0e864947ba305c2cd77c221b39b90345e02bc3bb?s=96&d=mm&r=g","url":"https:\/\/secure.gravatar.com\/avatar\/ebeb7cc417e6a6b9894cfaca0e864947ba305c2cd77c221b39b90345e02bc3bb?s=96&d=mm&r=g","contentUrl":"https:\/\/secure.gravatar.com\/avatar\/ebeb7cc417e6a6b9894cfaca0e864947ba305c2cd77c221b39b90345e02bc3bb?s=96&d=mm&r=g","caption":"naenp"},"sameAs":["https:\/\/naenpalabras.net\/wp"],"url":"https:\/\/naenpalabras.net\/wp\/author\/admin-2\/"}]}},"_links":{"self":[{"href":"https:\/\/naenpalabras.net\/wp\/wp-json\/wp\/v2\/posts\/1521","targetHints":{"allow":["GET"]}}],"collection":[{"href":"https:\/\/naenpalabras.net\/wp\/wp-json\/wp\/v2\/posts"}],"about":[{"href":"https:\/\/naenpalabras.net\/wp\/wp-json\/wp\/v2\/types\/post"}],"author":[{"embeddable":true,"href":"https:\/\/naenpalabras.net\/wp\/wp-json\/wp\/v2\/users\/2"}],"replies":[{"embeddable":true,"href":"https:\/\/naenpalabras.net\/wp\/wp-json\/wp\/v2\/comments?post=1521"}],"version-history":[{"count":1,"href":"https:\/\/naenpalabras.net\/wp\/wp-json\/wp\/v2\/posts\/1521\/revisions"}],"predecessor-version":[{"id":1523,"href":"https:\/\/naenpalabras.net\/wp\/wp-json\/wp\/v2\/posts\/1521\/revisions\/1523"}],"wp:featuredmedia":[{"embeddable":true,"href":"https:\/\/naenpalabras.net\/wp\/wp-json\/wp\/v2\/media\/1522"}],"wp:attachment":[{"href":"https:\/\/naenpalabras.net\/wp\/wp-json\/wp\/v2\/media?parent=1521"}],"wp:term":[{"taxonomy":"category","embeddable":true,"href":"https:\/\/naenpalabras.net\/wp\/wp-json\/wp\/v2\/categories?post=1521"},{"taxonomy":"post_tag","embeddable":true,"href":"https:\/\/naenpalabras.net\/wp\/wp-json\/wp\/v2\/tags?post=1521"}],"curies":[{"name":"wp","href":"https:\/\/api.w.org\/{rel}","templated":true}]}}