{"id":1380,"date":"2024-09-30T12:57:43","date_gmt":"2024-09-30T16:57:43","guid":{"rendered":"https:\/\/naenpalabras.net\/wp\/?p=1380"},"modified":"2024-09-30T12:57:43","modified_gmt":"2024-09-30T16:57:43","slug":"argentina-milei-y-china-del-no-hago-negocios-con-comunistas-al-nuevo-socio-interesante","status":"publish","type":"post","link":"https:\/\/naenpalabras.net\/wp\/2024\/09\/30\/argentina-milei-y-china-del-no-hago-negocios-con-comunistas-al-nuevo-socio-interesante\/","title":{"rendered":"Argentina. Milei y China: del \u201cno hago negocios con comunistas\u201d al nuevo \u201csocio interesante\u201d"},"content":{"rendered":"<h2 class=\"wp-block-heading\"><em>En campa\u00f1a y al principio de su mandato el libertario se jactaba de sus cr\u00edticas a Pek\u00edn y aseguraba que solo impulsar\u00eda \u201ctransacciones con el lado civilizado de la vida, que es Occidente\u201d. Sin embargo, ahora agradeci\u00f3 la continuidad del swap, elogi\u00f3 al gobierno comunista y confirm\u00f3 que viajar\u00e1 a China pr\u00f3ximamente.<\/em><\/h2>\n<p>Despu\u00e9s de haber\u00a0<a href=\"https:\/\/www.pagina12.com.ar\/376374-javier-milei-romperia-relaciones-con-china-por-comunista\">descalificado durante a\u00f1os a China<\/a>\u00a0y de haber jurado y perjurado que \u201cno har\u00eda negocios\u201d con ese pa\u00eds por tratarse de un Estado comunista,\u00a0<strong>el presidente Javier Milei calific\u00f3 de \u201csocio interesante\u201d al gigante asi\u00e1tico y confirm\u00f3 que viajar\u00e1 a Pekin el a\u00f1o pr\u00f3ximo<\/strong>.<\/p>\n<p><strong>\u201cMe sorprend\u00ed muy gratamente con China\u201d<\/strong>, reconoci\u00f3 el jefe de Estado durante una entrevista televisiva grabada hace una semana pero publicada ayer, durante la cual se esforz\u00f3 por elogiar a la segunda potencia mundial y\u00a0<strong>alejarse de su pr\u00e9dica macartista<\/strong>.<\/p>\n<p>Cuando era un mero candidato a presidente, Milei hab\u00eda repudiado en m\u00e1s de una oportunidad al gobierno chino.\u00a0<strong>\u201cNosotros no hacemos pactos con comunistas\u201d<\/strong>, dijo durante una charla publicada a mediados del a\u00f1o pasado por un medio internacional.<\/p>\n<p>El gran problema de siempre para Milei fue que China tiene un partido del gobierno comunista. \u201c<a href=\"https:\/\/www.pagina12.com.ar\/579810-la-reaccion-de-china-a-las-provocaciones-de-milei\"><strong>Yo no promover\u00eda la relaci\u00f3n con comunistas<\/strong><\/a>. Ni con Cuba ni con Venezuela ni con Corea del Norte ni con Nicaragua ni con China\u201d. enfatiz\u00f3 esa vez.<\/p>\n<p>Sin muchas variantes, en otra charla emitida por televisi\u00f3n hace exactamente un a\u00f1o, el entonces candidato jur\u00f3 que \u00e9l \u201c<strong>no har\u00eda negocios con China\u201d porque \u00e9l s\u00f3lo hace \u201ctransacciones con el lado civilizado de la vida, que es Occidente\u201d<\/strong>.<\/p>\n<p><strong>\u201cYo no vendo mi moral, yo no negocio con comunistas\u201d<\/strong>, recalc\u00f3 e insisti\u00f3 que su postura se mantendr\u00e1 en esa direcci\u00f3n aunque China se trate de la segunda potencia mundial: \u201cNo me importa. Yo no negocio mi moral a cambio de dinero\u201d, cerr\u00f3.<\/p>\n<h2 class=\"wp-block-heading\">Milei y sus amigos chinos<\/h2>\n<p>Sin embargo, esta vez Milei retrocedi\u00f3 en chancletas.\u00a0<strong>Todav\u00eda\u00a0<a href=\"https:\/\/www.pagina12.com.ar\/744239-renovacion-del-swap-con-china-por-orden-del-fmi\">satisfecho y agradecido por el swap chino<\/a>\u00a0para postergar un pago de 5 mil millones<\/strong>\u00a0de d\u00f3lares a pesar de la escasez de dividas en el pa\u00eds, dej\u00f3 clara dejar clara su nueva postura totalmente alejada de su tradicional pr\u00e9dica anticomunista.<\/p>\n<p>Es m\u00e1s, al justificar que\u00a0<strong>\u201cme sorprend\u00ed gratamente con China\u201d<\/strong>, record\u00f3 aquel respaldo de monedas.\u00a0<strong>\u201cTuvimos una reuni\u00f3n con el embajador y al otro d\u00eda nos destrabaron el swap\u201d<\/strong>, dijo con cara de sorpresa e intent\u00f3 a\u00f1adir un condimento de ingenuidad:<\/p>\n<p><strong>\u201cChina es un socio comercial muy interesante porque ellos no exigen nada. Lo \u00fanico que piden es que no los molesten\u201d<\/strong>, defini\u00f3.<\/p>\n<h2 class=\"wp-block-heading\">El pedido de Susana Gim\u00e9nez<\/h2>\n<p>Las notables definiciones de Milei fueron hechas durante una conversaci\u00f3n grabada con\u00a0<strong>la conductora de TV y abierta partidaria del gobierno de La Libertad Avanza (LLA), Susana Gim\u00e9nez<\/strong>, quien aparentemente embelesada con las bondades chinas le pidi\u00f3 al jefe de Estado que\u00a0<strong>cuando viaje hasta all\u00ed \u201cnos manden esos taxis a\u00e9reos que acaban de estrenar\u201d<\/strong>.<\/p>\n<p>A lo que se refiri\u00f3 la exvedette y exactriz fue a los drones dise\u00f1ados para el transporte de pesajeros que fueron lanzados en junio de este a\u00f1o, aunque por ahora sin el otorgamiento de rutas a\u00e9reas donde conducir. Milei no tard\u00f3 en responder:<\/p>\n<p>-Bueno, mire,\u00a0<strong>voy a viajar a China para la reuni\u00f3n de la Celac en enero<\/strong>. Si usted me dice qu\u00e9 es lo que quiere, yo voy y se lo pido.<\/p>\n<p>-S\u00ed,\u00a0<strong>traiga un taxi con un dron<\/strong>; (los chinos) tienen cosas que son impresionantes.<\/p>\n<p>-Bueno,\u00a0<strong>se los voy a pedir. Total,\u00a0<a href=\"https:\/\/www.pagina12.com.ar\/694458-milei-se-aleja-de-su-predica-anticomunista-y-le-pide-plata-a\">si voy de mangueo, mangueo m\u00e1s<\/a><\/strong>\u00a0\u2013cerr\u00f3 el presidente con elocuente claridad sobre el rol que ocupar\u00e1 frente al gobierno que hab\u00eda denostado por comunista.<\/p>\n<h2 class=\"wp-block-heading\">El swap<\/h2>\n<p>Ya en junio pasado,\u00a0<strong><a href=\"https:\/\/www.pagina12.com.ar\/744463-china-lo-hace-viajar-a-milei-a-validar-el-swap\">cuando el Ministerio de Econom\u00eda cerr\u00f3 el swap<\/a>\u00a0al que China se hab\u00eda comprometido con la anterior administraci\u00f3n peronista<\/strong>, el Gobierno cambi\u00f3 tuvo que cambiar su discurso \u2013ahora se sabe- para \u201cno molestar\u201d a Pekin. La Oficina del Presidente public\u00f3 un comunicado oficial en el que agradeci\u00f3 a la rep\u00fablica popular por \u201cla confianza depositada en el plan econ\u00f3mico\u201d de La Libertad Avanza.<\/p>\n<p>\u201cLa renovaci\u00f3n del swap es un alivio para el sistema financiero y contribuye al saneamiento del balance del Banco Central\u201d, dijo el texto que finaliz\u00f3 destacando\u00a0<strong>\u201cel v\u00ednculo respetuoso entre ambos pa\u00edses\u201d<\/strong>\u00a0como algo \u201cfundamental para el desarrollo comercial y la prosperidad de ambas naciones\u201d.<\/p>\n<p>&nbsp;<\/p>\n<p><a href=\"https:\/\/www.resumenlatinoamericano.org\/2024\/09\/30\/argentina-milei-y-china-del-no-hago-negocios-con-comunistas-al-nuevo-socio-interesante\/\"><strong>Fuente: Resumen Latinoamericano\u00a0<\/strong><\/a><\/p>\n","protected":false},"excerpt":{"rendered":"<p>En campa\u00f1a y al principio de su mandato el libertario se jactaba de sus cr\u00edticas a Pek\u00edn y aseguraba que solo impulsar\u00eda \u201ctransacciones con el lado civilizado de la vida, que es Occidente\u201d. Sin embargo, ahora agradeci\u00f3 la continuidad del swap, elogi\u00f3 al gobierno comunista y confirm\u00f3 que viajar\u00e1 a [&hellip;]<\/p>\n","protected":false},"author":2,"featured_media":1382,"comment_status":"open","ping_status":"closed","sticky":false,"template":"","format":"standard","meta":{"footnotes":""},"categories":[1],"tags":[13,39,35],"class_list":["post-1380","post","type-post","status-publish","format-standard","has-post-thumbnail","hentry","category-economia","tag-argentina","tag-china","tag-milei"],"yoast_head":"<!-- This site is optimized with the Yoast SEO plugin v27.5 - https:\/\/yoast.com\/product\/yoast-seo-wordpress\/ -->\n<title>Argentina. Milei y China: del \u201cno hago negocios con comunistas\u201d al nuevo \u201csocio interesante\u201d - Nuestra Am\u00e9rica En Palabras<\/title>\n<meta name=\"robots\" content=\"index, follow, max-snippet:-1, max-image-preview:large, max-video-preview:-1\" \/>\n<link rel=\"canonical\" href=\"https:\/\/naenpalabras.net\/wp\/2024\/09\/30\/argentina-milei-y-china-del-no-hago-negocios-con-comunistas-al-nuevo-socio-interesante\/\" \/>\n<meta property=\"og:locale\" content=\"es_ES\" \/>\n<meta property=\"og:type\" content=\"article\" \/>\n<meta property=\"og:title\" content=\"Argentina. Milei y China: del \u201cno hago negocios con comunistas\u201d al nuevo \u201csocio interesante\u201d - Nuestra Am\u00e9rica En Palabras\" \/>\n<meta property=\"og:description\" content=\"En campa\u00f1a y al principio de su mandato el libertario se jactaba de sus cr\u00edticas a Pek\u00edn y aseguraba que solo impulsar\u00eda \u201ctransacciones con el lado civilizado de la vida, que es Occidente\u201d. Sin embargo, ahora agradeci\u00f3 la continuidad del swap, elogi\u00f3 al gobierno comunista y confirm\u00f3 que viajar\u00e1 a [&hellip;]\" \/>\n<meta property=\"og:url\" content=\"https:\/\/naenpalabras.net\/wp\/2024\/09\/30\/argentina-milei-y-china-del-no-hago-negocios-con-comunistas-al-nuevo-socio-interesante\/\" \/>\n<meta property=\"og:site_name\" content=\"Nuestra Am\u00e9rica En Palabras\" \/>\n<meta property=\"article:published_time\" content=\"2024-09-30T16:57:43+00:00\" \/>\n<meta property=\"og:image\" content=\"https:\/\/naenpalabras.net\/wp\/wp-content\/uploads\/2024\/09\/6-6.jpg\" \/>\n\t<meta property=\"og:image:width\" content=\"960\" \/>\n\t<meta property=\"og:image:height\" content=\"640\" \/>\n\t<meta property=\"og:image:type\" content=\"image\/jpeg\" \/>\n<meta name=\"author\" content=\"naenp\" \/>\n<meta name=\"twitter:card\" content=\"summary_large_image\" \/>\n<meta name=\"twitter:label1\" content=\"Escrito por\" \/>\n\t<meta name=\"twitter:data1\" content=\"naenp\" \/>\n\t<meta name=\"twitter:label2\" content=\"Tiempo estimado de lectura\" \/>\n\t<meta name=\"twitter:data2\" content=\"4 minutos\" \/>\n<script type=\"application\/ld+json\" class=\"yoast-schema-graph\">{\"@context\":\"https:\\\/\\\/schema.org\",\"@graph\":[{\"@type\":\"Article\",\"@id\":\"https:\\\/\\\/naenpalabras.net\\\/wp\\\/2024\\\/09\\\/30\\\/argentina-milei-y-china-del-no-hago-negocios-con-comunistas-al-nuevo-socio-interesante\\\/#article\",\"isPartOf\":{\"@id\":\"https:\\\/\\\/naenpalabras.net\\\/wp\\\/2024\\\/09\\\/30\\\/argentina-milei-y-china-del-no-hago-negocios-con-comunistas-al-nuevo-socio-interesante\\\/\"},\"author\":{\"name\":\"naenp\",\"@id\":\"https:\\\/\\\/naenpalabras.net\\\/wp\\\/#\\\/schema\\\/person\\\/2b8dc3b44be009cae3c432096b2fad15\"},\"headline\":\"Argentina. Milei y China: del \u201cno hago negocios con comunistas\u201d al nuevo \u201csocio interesante\u201d\",\"datePublished\":\"2024-09-30T16:57:43+00:00\",\"mainEntityOfPage\":{\"@id\":\"https:\\\/\\\/naenpalabras.net\\\/wp\\\/2024\\\/09\\\/30\\\/argentina-milei-y-china-del-no-hago-negocios-con-comunistas-al-nuevo-socio-interesante\\\/\"},\"wordCount\":779,\"commentCount\":0,\"image\":{\"@id\":\"https:\\\/\\\/naenpalabras.net\\\/wp\\\/2024\\\/09\\\/30\\\/argentina-milei-y-china-del-no-hago-negocios-con-comunistas-al-nuevo-socio-interesante\\\/#primaryimage\"},\"thumbnailUrl\":\"https:\\\/\\\/naenpalabras.net\\\/wp\\\/wp-content\\\/uploads\\\/2024\\\/09\\\/6-6.jpg\",\"keywords\":[\"Argentina\",\"china\",\"Milei\"],\"articleSection\":[\"Econom\u00eda\"],\"inLanguage\":\"es\",\"potentialAction\":[{\"@type\":\"CommentAction\",\"name\":\"Comment\",\"target\":[\"https:\\\/\\\/naenpalabras.net\\\/wp\\\/2024\\\/09\\\/30\\\/argentina-milei-y-china-del-no-hago-negocios-con-comunistas-al-nuevo-socio-interesante\\\/#respond\"]}]},{\"@type\":\"WebPage\",\"@id\":\"https:\\\/\\\/naenpalabras.net\\\/wp\\\/2024\\\/09\\\/30\\\/argentina-milei-y-china-del-no-hago-negocios-con-comunistas-al-nuevo-socio-interesante\\\/\",\"url\":\"https:\\\/\\\/naenpalabras.net\\\/wp\\\/2024\\\/09\\\/30\\\/argentina-milei-y-china-del-no-hago-negocios-con-comunistas-al-nuevo-socio-interesante\\\/\",\"name\":\"Argentina. Milei y China: del \u201cno hago negocios con comunistas\u201d al nuevo \u201csocio interesante\u201d - Nuestra Am\u00e9rica En Palabras\",\"isPartOf\":{\"@id\":\"https:\\\/\\\/naenpalabras.net\\\/wp\\\/#website\"},\"primaryImageOfPage\":{\"@id\":\"https:\\\/\\\/naenpalabras.net\\\/wp\\\/2024\\\/09\\\/30\\\/argentina-milei-y-china-del-no-hago-negocios-con-comunistas-al-nuevo-socio-interesante\\\/#primaryimage\"},\"image\":{\"@id\":\"https:\\\/\\\/naenpalabras.net\\\/wp\\\/2024\\\/09\\\/30\\\/argentina-milei-y-china-del-no-hago-negocios-con-comunistas-al-nuevo-socio-interesante\\\/#primaryimage\"},\"thumbnailUrl\":\"https:\\\/\\\/naenpalabras.net\\\/wp\\\/wp-content\\\/uploads\\\/2024\\\/09\\\/6-6.jpg\",\"datePublished\":\"2024-09-30T16:57:43+00:00\",\"author\":{\"@id\":\"https:\\\/\\\/naenpalabras.net\\\/wp\\\/#\\\/schema\\\/person\\\/2b8dc3b44be009cae3c432096b2fad15\"},\"breadcrumb\":{\"@id\":\"https:\\\/\\\/naenpalabras.net\\\/wp\\\/2024\\\/09\\\/30\\\/argentina-milei-y-china-del-no-hago-negocios-con-comunistas-al-nuevo-socio-interesante\\\/#breadcrumb\"},\"inLanguage\":\"es\",\"potentialAction\":[{\"@type\":\"ReadAction\",\"target\":[\"https:\\\/\\\/naenpalabras.net\\\/wp\\\/2024\\\/09\\\/30\\\/argentina-milei-y-china-del-no-hago-negocios-con-comunistas-al-nuevo-socio-interesante\\\/\"]}]},{\"@type\":\"ImageObject\",\"inLanguage\":\"es\",\"@id\":\"https:\\\/\\\/naenpalabras.net\\\/wp\\\/2024\\\/09\\\/30\\\/argentina-milei-y-china-del-no-hago-negocios-con-comunistas-al-nuevo-socio-interesante\\\/#primaryimage\",\"url\":\"https:\\\/\\\/naenpalabras.net\\\/wp\\\/wp-content\\\/uploads\\\/2024\\\/09\\\/6-6.jpg\",\"contentUrl\":\"https:\\\/\\\/naenpalabras.net\\\/wp\\\/wp-content\\\/uploads\\\/2024\\\/09\\\/6-6.jpg\",\"width\":960,\"height\":640},{\"@type\":\"BreadcrumbList\",\"@id\":\"https:\\\/\\\/naenpalabras.net\\\/wp\\\/2024\\\/09\\\/30\\\/argentina-milei-y-china-del-no-hago-negocios-con-comunistas-al-nuevo-socio-interesante\\\/#breadcrumb\",\"itemListElement\":[{\"@type\":\"ListItem\",\"position\":1,\"name\":\"Portada\",\"item\":\"https:\\\/\\\/naenpalabras.net\\\/wp\\\/\"},{\"@type\":\"ListItem\",\"position\":2,\"name\":\"Argentina. Milei y China: del \u201cno hago negocios con comunistas\u201d al nuevo \u201csocio interesante\u201d\"}]},{\"@type\":\"WebSite\",\"@id\":\"https:\\\/\\\/naenpalabras.net\\\/wp\\\/#website\",\"url\":\"https:\\\/\\\/naenpalabras.net\\\/wp\\\/\",\"name\":\"Nuestra Am\u00e9rica En Palabras\",\"description\":\"\",\"potentialAction\":[{\"@type\":\"SearchAction\",\"target\":{\"@type\":\"EntryPoint\",\"urlTemplate\":\"https:\\\/\\\/naenpalabras.net\\\/wp\\\/?s={search_term_string}\"},\"query-input\":{\"@type\":\"PropertyValueSpecification\",\"valueRequired\":true,\"valueName\":\"search_term_string\"}}],\"inLanguage\":\"es\"},{\"@type\":\"Person\",\"@id\":\"https:\\\/\\\/naenpalabras.net\\\/wp\\\/#\\\/schema\\\/person\\\/2b8dc3b44be009cae3c432096b2fad15\",\"name\":\"naenp\",\"image\":{\"@type\":\"ImageObject\",\"inLanguage\":\"es\",\"@id\":\"https:\\\/\\\/secure.gravatar.com\\\/avatar\\\/ebeb7cc417e6a6b9894cfaca0e864947ba305c2cd77c221b39b90345e02bc3bb?s=96&d=mm&r=g\",\"url\":\"https:\\\/\\\/secure.gravatar.com\\\/avatar\\\/ebeb7cc417e6a6b9894cfaca0e864947ba305c2cd77c221b39b90345e02bc3bb?s=96&d=mm&r=g\",\"contentUrl\":\"https:\\\/\\\/secure.gravatar.com\\\/avatar\\\/ebeb7cc417e6a6b9894cfaca0e864947ba305c2cd77c221b39b90345e02bc3bb?s=96&d=mm&r=g\",\"caption\":\"naenp\"},\"sameAs\":[\"https:\\\/\\\/naenpalabras.net\\\/wp\"],\"url\":\"https:\\\/\\\/naenpalabras.net\\\/wp\\\/author\\\/admin-2\\\/\"}]}<\/script>\n<!-- \/ Yoast SEO plugin. -->","yoast_head_json":{"title":"Argentina. Milei y China: del \u201cno hago negocios con comunistas\u201d al nuevo \u201csocio interesante\u201d - Nuestra Am\u00e9rica En Palabras","robots":{"index":"index","follow":"follow","max-snippet":"max-snippet:-1","max-image-preview":"max-image-preview:large","max-video-preview":"max-video-preview:-1"},"canonical":"https:\/\/naenpalabras.net\/wp\/2024\/09\/30\/argentina-milei-y-china-del-no-hago-negocios-con-comunistas-al-nuevo-socio-interesante\/","og_locale":"es_ES","og_type":"article","og_title":"Argentina. Milei y China: del \u201cno hago negocios con comunistas\u201d al nuevo \u201csocio interesante\u201d - Nuestra Am\u00e9rica En Palabras","og_description":"En campa\u00f1a y al principio de su mandato el libertario se jactaba de sus cr\u00edticas a Pek\u00edn y aseguraba que solo impulsar\u00eda \u201ctransacciones con el lado civilizado de la vida, que es Occidente\u201d. Sin embargo, ahora agradeci\u00f3 la continuidad del swap, elogi\u00f3 al gobierno comunista y confirm\u00f3 que viajar\u00e1 a [&hellip;]","og_url":"https:\/\/naenpalabras.net\/wp\/2024\/09\/30\/argentina-milei-y-china-del-no-hago-negocios-con-comunistas-al-nuevo-socio-interesante\/","og_site_name":"Nuestra Am\u00e9rica En Palabras","article_published_time":"2024-09-30T16:57:43+00:00","og_image":[{"width":960,"height":640,"url":"https:\/\/naenpalabras.net\/wp\/wp-content\/uploads\/2024\/09\/6-6.jpg","type":"image\/jpeg"}],"author":"naenp","twitter_card":"summary_large_image","twitter_misc":{"Escrito por":"naenp","Tiempo estimado de lectura":"4 minutos"},"schema":{"@context":"https:\/\/schema.org","@graph":[{"@type":"Article","@id":"https:\/\/naenpalabras.net\/wp\/2024\/09\/30\/argentina-milei-y-china-del-no-hago-negocios-con-comunistas-al-nuevo-socio-interesante\/#article","isPartOf":{"@id":"https:\/\/naenpalabras.net\/wp\/2024\/09\/30\/argentina-milei-y-china-del-no-hago-negocios-con-comunistas-al-nuevo-socio-interesante\/"},"author":{"name":"naenp","@id":"https:\/\/naenpalabras.net\/wp\/#\/schema\/person\/2b8dc3b44be009cae3c432096b2fad15"},"headline":"Argentina. Milei y China: del \u201cno hago negocios con comunistas\u201d al nuevo \u201csocio interesante\u201d","datePublished":"2024-09-30T16:57:43+00:00","mainEntityOfPage":{"@id":"https:\/\/naenpalabras.net\/wp\/2024\/09\/30\/argentina-milei-y-china-del-no-hago-negocios-con-comunistas-al-nuevo-socio-interesante\/"},"wordCount":779,"commentCount":0,"image":{"@id":"https:\/\/naenpalabras.net\/wp\/2024\/09\/30\/argentina-milei-y-china-del-no-hago-negocios-con-comunistas-al-nuevo-socio-interesante\/#primaryimage"},"thumbnailUrl":"https:\/\/naenpalabras.net\/wp\/wp-content\/uploads\/2024\/09\/6-6.jpg","keywords":["Argentina","china","Milei"],"articleSection":["Econom\u00eda"],"inLanguage":"es","potentialAction":[{"@type":"CommentAction","name":"Comment","target":["https:\/\/naenpalabras.net\/wp\/2024\/09\/30\/argentina-milei-y-china-del-no-hago-negocios-con-comunistas-al-nuevo-socio-interesante\/#respond"]}]},{"@type":"WebPage","@id":"https:\/\/naenpalabras.net\/wp\/2024\/09\/30\/argentina-milei-y-china-del-no-hago-negocios-con-comunistas-al-nuevo-socio-interesante\/","url":"https:\/\/naenpalabras.net\/wp\/2024\/09\/30\/argentina-milei-y-china-del-no-hago-negocios-con-comunistas-al-nuevo-socio-interesante\/","name":"Argentina. Milei y China: del \u201cno hago negocios con comunistas\u201d al nuevo \u201csocio interesante\u201d - Nuestra Am\u00e9rica En Palabras","isPartOf":{"@id":"https:\/\/naenpalabras.net\/wp\/#website"},"primaryImageOfPage":{"@id":"https:\/\/naenpalabras.net\/wp\/2024\/09\/30\/argentina-milei-y-china-del-no-hago-negocios-con-comunistas-al-nuevo-socio-interesante\/#primaryimage"},"image":{"@id":"https:\/\/naenpalabras.net\/wp\/2024\/09\/30\/argentina-milei-y-china-del-no-hago-negocios-con-comunistas-al-nuevo-socio-interesante\/#primaryimage"},"thumbnailUrl":"https:\/\/naenpalabras.net\/wp\/wp-content\/uploads\/2024\/09\/6-6.jpg","datePublished":"2024-09-30T16:57:43+00:00","author":{"@id":"https:\/\/naenpalabras.net\/wp\/#\/schema\/person\/2b8dc3b44be009cae3c432096b2fad15"},"breadcrumb":{"@id":"https:\/\/naenpalabras.net\/wp\/2024\/09\/30\/argentina-milei-y-china-del-no-hago-negocios-con-comunistas-al-nuevo-socio-interesante\/#breadcrumb"},"inLanguage":"es","potentialAction":[{"@type":"ReadAction","target":["https:\/\/naenpalabras.net\/wp\/2024\/09\/30\/argentina-milei-y-china-del-no-hago-negocios-con-comunistas-al-nuevo-socio-interesante\/"]}]},{"@type":"ImageObject","inLanguage":"es","@id":"https:\/\/naenpalabras.net\/wp\/2024\/09\/30\/argentina-milei-y-china-del-no-hago-negocios-con-comunistas-al-nuevo-socio-interesante\/#primaryimage","url":"https:\/\/naenpalabras.net\/wp\/wp-content\/uploads\/2024\/09\/6-6.jpg","contentUrl":"https:\/\/naenpalabras.net\/wp\/wp-content\/uploads\/2024\/09\/6-6.jpg","width":960,"height":640},{"@type":"BreadcrumbList","@id":"https:\/\/naenpalabras.net\/wp\/2024\/09\/30\/argentina-milei-y-china-del-no-hago-negocios-con-comunistas-al-nuevo-socio-interesante\/#breadcrumb","itemListElement":[{"@type":"ListItem","position":1,"name":"Portada","item":"https:\/\/naenpalabras.net\/wp\/"},{"@type":"ListItem","position":2,"name":"Argentina. Milei y China: del \u201cno hago negocios con comunistas\u201d al nuevo \u201csocio interesante\u201d"}]},{"@type":"WebSite","@id":"https:\/\/naenpalabras.net\/wp\/#website","url":"https:\/\/naenpalabras.net\/wp\/","name":"Nuestra Am\u00e9rica En Palabras","description":"","potentialAction":[{"@type":"SearchAction","target":{"@type":"EntryPoint","urlTemplate":"https:\/\/naenpalabras.net\/wp\/?s={search_term_string}"},"query-input":{"@type":"PropertyValueSpecification","valueRequired":true,"valueName":"search_term_string"}}],"inLanguage":"es"},{"@type":"Person","@id":"https:\/\/naenpalabras.net\/wp\/#\/schema\/person\/2b8dc3b44be009cae3c432096b2fad15","name":"naenp","image":{"@type":"ImageObject","inLanguage":"es","@id":"https:\/\/secure.gravatar.com\/avatar\/ebeb7cc417e6a6b9894cfaca0e864947ba305c2cd77c221b39b90345e02bc3bb?s=96&d=mm&r=g","url":"https:\/\/secure.gravatar.com\/avatar\/ebeb7cc417e6a6b9894cfaca0e864947ba305c2cd77c221b39b90345e02bc3bb?s=96&d=mm&r=g","contentUrl":"https:\/\/secure.gravatar.com\/avatar\/ebeb7cc417e6a6b9894cfaca0e864947ba305c2cd77c221b39b90345e02bc3bb?s=96&d=mm&r=g","caption":"naenp"},"sameAs":["https:\/\/naenpalabras.net\/wp"],"url":"https:\/\/naenpalabras.net\/wp\/author\/admin-2\/"}]}},"_links":{"self":[{"href":"https:\/\/naenpalabras.net\/wp\/wp-json\/wp\/v2\/posts\/1380","targetHints":{"allow":["GET"]}}],"collection":[{"href":"https:\/\/naenpalabras.net\/wp\/wp-json\/wp\/v2\/posts"}],"about":[{"href":"https:\/\/naenpalabras.net\/wp\/wp-json\/wp\/v2\/types\/post"}],"author":[{"embeddable":true,"href":"https:\/\/naenpalabras.net\/wp\/wp-json\/wp\/v2\/users\/2"}],"replies":[{"embeddable":true,"href":"https:\/\/naenpalabras.net\/wp\/wp-json\/wp\/v2\/comments?post=1380"}],"version-history":[{"count":1,"href":"https:\/\/naenpalabras.net\/wp\/wp-json\/wp\/v2\/posts\/1380\/revisions"}],"predecessor-version":[{"id":1383,"href":"https:\/\/naenpalabras.net\/wp\/wp-json\/wp\/v2\/posts\/1380\/revisions\/1383"}],"wp:featuredmedia":[{"embeddable":true,"href":"https:\/\/naenpalabras.net\/wp\/wp-json\/wp\/v2\/media\/1382"}],"wp:attachment":[{"href":"https:\/\/naenpalabras.net\/wp\/wp-json\/wp\/v2\/media?parent=1380"}],"wp:term":[{"taxonomy":"category","embeddable":true,"href":"https:\/\/naenpalabras.net\/wp\/wp-json\/wp\/v2\/categories?post=1380"},{"taxonomy":"post_tag","embeddable":true,"href":"https:\/\/naenpalabras.net\/wp\/wp-json\/wp\/v2\/tags?post=1380"}],"curies":[{"name":"wp","href":"https:\/\/api.w.org\/{rel}","templated":true}]}}