{"id":1312,"date":"2024-09-12T16:33:05","date_gmt":"2024-09-12T20:33:05","guid":{"rendered":"https:\/\/naenpalabras.net\/wp\/?p=1312"},"modified":"2024-09-12T16:33:05","modified_gmt":"2024-09-12T20:33:05","slug":"jefe-del-estado-mayor-del-ejercito-israeli-renunciara-en-diciembre","status":"publish","type":"post","link":"https:\/\/naenpalabras.net\/wp\/2024\/09\/12\/jefe-del-estado-mayor-del-ejercito-israeli-renunciara-en-diciembre\/","title":{"rendered":"Jefe del estado mayor del ej\u00e9rcito israel\u00ed renunciar\u00e1 en diciembre"},"content":{"rendered":"<p class=\"introtext\">El jefe del estado mayor conjunto del ej\u00e9rcito israel\u00ed podr\u00eda renunciar a finales de diciembre, sum\u00e1ndose a una ola de dimisiones entre altos funcionarios israel\u00edes.<\/p>\n<div>\n<p>El\u00a0<em>Canal 12<\/em>\u00a0de la televisi\u00f3n israel\u00ed ha informado que Herzi Halevi, quien actualmente se desempe\u00f1a como jefe del estado mayor conjunto del ej\u00e9rcito del pa\u00eds, tiene planes de renunciar a su cargo a finales de diciembre, mencionando que Helivi vincul\u00f3 su dimisi\u00f3n con el cierre de la investigaci\u00f3n del ataque del 7 de octubre y la preparaci\u00f3n para el conflicto en el frente norte.<\/p>\n<p>El\u00a0<em>Canal 12<\/em>\u00a0de la televisi\u00f3n israel\u00ed inform\u00f3 que Herzi Halevi\u00a0planea renunciar a su cargo a finales de diciembre. Halevi\u00a0vincul\u00f3 su dimisi\u00f3n con el cierre de la investigaci\u00f3n sobre la operaci\u00f3n palestina Tormenta de Al-Aqsa del 7 de octubre y con la preparaci\u00f3n para un posible conflicto en el frente norte.<\/p>\n<ul>\n<li><a href=\"https:\/\/www.hispantv.com\/noticias\/asia-occidental\/575030\/israel-dimite-jefe-cancilleria\"><strong>Dimite jefe de oficina de canciller\u00eda de Israel en plena agresi\u00f3n a Gaza<\/strong><\/a><\/li>\n<\/ul>\n<p>El pasado martes, el comandante de las fuerzas terrestres del ej\u00e9rcito israel\u00ed,\u00a0Tamir Yadai, renunci\u00f3 a su cargo. Adem\u00e1s,\u00a0en abril pasado, el jefe del servicio de inteligencia militar,\u00a0<a href=\"https:\/\/www.hispantv.com\/noticias\/palestina\/583215\/dimite-jefe-inteligencia-militar-israeli\">Aharon Haliva<\/a>, renunci\u00f3 a su cargo por no poder anticipar la Tormenta de Al-Aqsa.<\/p>\n<div data-oembed-url=\"www.hispantv.com\/noticias\/palestina\/600588\/israel-dimite-comandante-fuerzas-terrestre\">\n<div class=\"oembed\"><a href=\"https:\/\/www.hispantv.com\/noticias\/palestina\/600588\/israel-dimite-comandante-fuerzas-terrestre\" target=\"_blank\" rel=\"noopener\"><img decoding=\"async\" class=\"thumbnail\" src=\"https:\/\/cdn.hispantv.com\/hispanmedia\/files\/images\/thumbnail\/20240903\/14041085_xl.jpg\" alt=\"Ola de renuncias en Israel; dimite comandante de fuerzas terrestres | HISPANTV\" \/><\/a><\/p>\n<div class=\"title\"><a href=\"https:\/\/www.hispantv.com\/noticias\/palestina\/600588\/israel-dimite-comandante-fuerzas-terrestre\" target=\"_blank\" rel=\"noopener\">Ola de renuncias en Israel; dimite comandante de fuerzas terrestres | HISPANTV<\/a><\/div>\n<\/div>\n<p><a href=\"https:\/\/www.hispantv.com\/noticias\/palestina\/600588\/israel-dimite-comandante-fuerzas-terrestre\" target=\"_blank\" rel=\"noopener\">El comandante de las fuerzas terrestres del ej\u00e9rcito israel\u00ed renuncia a su cargo en medio de una ola de dimisiones de autoridades pol\u00edticas y militares del r\u00e9gimen.<\/a><\/div>\n<\/div>\n<div data-oembed-url=\"www.hispantv.com\/noticias\/palestina\/600588\/israel-dimite-comandante-fuerzas-terrestre\"><\/div>\n<div data-oembed-url=\"www.hispantv.com\/noticias\/palestina\/600588\/israel-dimite-comandante-fuerzas-terrestre\"><a href=\"https:\/\/www.hispantv.com\/noticias\/palestina\/601089\/jefe-estado-mayor-israeli-renunciara\"><strong>Fuente: Hispantv<\/strong><\/a><\/div>\n","protected":false},"excerpt":{"rendered":"<p>El jefe del estado mayor conjunto del ej\u00e9rcito israel\u00ed podr\u00eda renunciar a finales de diciembre, sum\u00e1ndose a una ola de dimisiones entre altos funcionarios israel\u00edes. El\u00a0Canal 12\u00a0de la televisi\u00f3n israel\u00ed ha informado que Herzi Halevi, quien actualmente se desempe\u00f1a como jefe del estado mayor conjunto del ej\u00e9rcito del pa\u00eds, tiene [&hellip;]<\/p>\n","protected":false},"author":2,"featured_media":1313,"comment_status":"open","ping_status":"closed","sticky":false,"template":"","format":"standard","meta":{"footnotes":""},"categories":[4],"tags":[473,282,30,472],"class_list":["post-1312","post","type-post","status-publish","format-standard","has-post-thumbnail","hentry","category-noticias","tag-dimisiones","tag-ejercito","tag-israel","tag-renunciara"],"yoast_head":"<!-- This site is optimized with the Yoast SEO plugin v27.5 - https:\/\/yoast.com\/product\/yoast-seo-wordpress\/ -->\n<title>Jefe del estado mayor del ej\u00e9rcito israel\u00ed renunciar\u00e1 en diciembre - Nuestra Am\u00e9rica En Palabras<\/title>\n<meta name=\"robots\" content=\"index, follow, max-snippet:-1, max-image-preview:large, max-video-preview:-1\" \/>\n<link rel=\"canonical\" href=\"https:\/\/naenpalabras.net\/wp\/2024\/09\/12\/jefe-del-estado-mayor-del-ejercito-israeli-renunciara-en-diciembre\/\" \/>\n<meta property=\"og:locale\" content=\"es_ES\" \/>\n<meta property=\"og:type\" content=\"article\" \/>\n<meta property=\"og:title\" content=\"Jefe del estado mayor del ej\u00e9rcito israel\u00ed renunciar\u00e1 en diciembre - Nuestra Am\u00e9rica En Palabras\" \/>\n<meta property=\"og:description\" content=\"El jefe del estado mayor conjunto del ej\u00e9rcito israel\u00ed podr\u00eda renunciar a finales de diciembre, sum\u00e1ndose a una ola de dimisiones entre altos funcionarios israel\u00edes. El\u00a0Canal 12\u00a0de la televisi\u00f3n israel\u00ed ha informado que Herzi Halevi, quien actualmente se desempe\u00f1a como jefe del estado mayor conjunto del ej\u00e9rcito del pa\u00eds, tiene [&hellip;]\" \/>\n<meta property=\"og:url\" content=\"https:\/\/naenpalabras.net\/wp\/2024\/09\/12\/jefe-del-estado-mayor-del-ejercito-israeli-renunciara-en-diciembre\/\" \/>\n<meta property=\"og:site_name\" content=\"Nuestra Am\u00e9rica En Palabras\" \/>\n<meta property=\"article:published_time\" content=\"2024-09-12T20:33:05+00:00\" \/>\n<meta property=\"og:image\" content=\"https:\/\/naenpalabras.net\/wp\/wp-content\/uploads\/2024\/09\/8.jpg\" \/>\n\t<meta property=\"og:image:width\" content=\"880\" \/>\n\t<meta property=\"og:image:height\" content=\"495\" \/>\n\t<meta property=\"og:image:type\" content=\"image\/jpeg\" \/>\n<meta name=\"author\" content=\"naenp\" \/>\n<meta name=\"twitter:card\" content=\"summary_large_image\" \/>\n<meta name=\"twitter:label1\" content=\"Escrito por\" \/>\n\t<meta name=\"twitter:data1\" content=\"naenp\" \/>\n\t<meta name=\"twitter:label2\" content=\"Tiempo estimado de lectura\" \/>\n\t<meta name=\"twitter:data2\" content=\"2 minutos\" \/>\n<script type=\"application\/ld+json\" class=\"yoast-schema-graph\">{\"@context\":\"https:\\\/\\\/schema.org\",\"@graph\":[{\"@type\":\"Article\",\"@id\":\"https:\\\/\\\/naenpalabras.net\\\/wp\\\/2024\\\/09\\\/12\\\/jefe-del-estado-mayor-del-ejercito-israeli-renunciara-en-diciembre\\\/#article\",\"isPartOf\":{\"@id\":\"https:\\\/\\\/naenpalabras.net\\\/wp\\\/2024\\\/09\\\/12\\\/jefe-del-estado-mayor-del-ejercito-israeli-renunciara-en-diciembre\\\/\"},\"author\":{\"name\":\"naenp\",\"@id\":\"https:\\\/\\\/naenpalabras.net\\\/wp\\\/#\\\/schema\\\/person\\\/2b8dc3b44be009cae3c432096b2fad15\"},\"headline\":\"Jefe del estado mayor del ej\u00e9rcito israel\u00ed renunciar\u00e1 en diciembre\",\"datePublished\":\"2024-09-12T20:33:05+00:00\",\"mainEntityOfPage\":{\"@id\":\"https:\\\/\\\/naenpalabras.net\\\/wp\\\/2024\\\/09\\\/12\\\/jefe-del-estado-mayor-del-ejercito-israeli-renunciara-en-diciembre\\\/\"},\"wordCount\":269,\"commentCount\":0,\"image\":{\"@id\":\"https:\\\/\\\/naenpalabras.net\\\/wp\\\/2024\\\/09\\\/12\\\/jefe-del-estado-mayor-del-ejercito-israeli-renunciara-en-diciembre\\\/#primaryimage\"},\"thumbnailUrl\":\"https:\\\/\\\/naenpalabras.net\\\/wp\\\/wp-content\\\/uploads\\\/2024\\\/09\\\/8.jpg\",\"keywords\":[\"dimisiones\",\"ej\u00e9rcito\",\"Israel\",\"renunciar\u00e1\"],\"articleSection\":[\"Noticias\"],\"inLanguage\":\"es\",\"potentialAction\":[{\"@type\":\"CommentAction\",\"name\":\"Comment\",\"target\":[\"https:\\\/\\\/naenpalabras.net\\\/wp\\\/2024\\\/09\\\/12\\\/jefe-del-estado-mayor-del-ejercito-israeli-renunciara-en-diciembre\\\/#respond\"]}]},{\"@type\":\"WebPage\",\"@id\":\"https:\\\/\\\/naenpalabras.net\\\/wp\\\/2024\\\/09\\\/12\\\/jefe-del-estado-mayor-del-ejercito-israeli-renunciara-en-diciembre\\\/\",\"url\":\"https:\\\/\\\/naenpalabras.net\\\/wp\\\/2024\\\/09\\\/12\\\/jefe-del-estado-mayor-del-ejercito-israeli-renunciara-en-diciembre\\\/\",\"name\":\"Jefe del estado mayor del ej\u00e9rcito israel\u00ed renunciar\u00e1 en diciembre - Nuestra Am\u00e9rica En Palabras\",\"isPartOf\":{\"@id\":\"https:\\\/\\\/naenpalabras.net\\\/wp\\\/#website\"},\"primaryImageOfPage\":{\"@id\":\"https:\\\/\\\/naenpalabras.net\\\/wp\\\/2024\\\/09\\\/12\\\/jefe-del-estado-mayor-del-ejercito-israeli-renunciara-en-diciembre\\\/#primaryimage\"},\"image\":{\"@id\":\"https:\\\/\\\/naenpalabras.net\\\/wp\\\/2024\\\/09\\\/12\\\/jefe-del-estado-mayor-del-ejercito-israeli-renunciara-en-diciembre\\\/#primaryimage\"},\"thumbnailUrl\":\"https:\\\/\\\/naenpalabras.net\\\/wp\\\/wp-content\\\/uploads\\\/2024\\\/09\\\/8.jpg\",\"datePublished\":\"2024-09-12T20:33:05+00:00\",\"author\":{\"@id\":\"https:\\\/\\\/naenpalabras.net\\\/wp\\\/#\\\/schema\\\/person\\\/2b8dc3b44be009cae3c432096b2fad15\"},\"breadcrumb\":{\"@id\":\"https:\\\/\\\/naenpalabras.net\\\/wp\\\/2024\\\/09\\\/12\\\/jefe-del-estado-mayor-del-ejercito-israeli-renunciara-en-diciembre\\\/#breadcrumb\"},\"inLanguage\":\"es\",\"potentialAction\":[{\"@type\":\"ReadAction\",\"target\":[\"https:\\\/\\\/naenpalabras.net\\\/wp\\\/2024\\\/09\\\/12\\\/jefe-del-estado-mayor-del-ejercito-israeli-renunciara-en-diciembre\\\/\"]}]},{\"@type\":\"ImageObject\",\"inLanguage\":\"es\",\"@id\":\"https:\\\/\\\/naenpalabras.net\\\/wp\\\/2024\\\/09\\\/12\\\/jefe-del-estado-mayor-del-ejercito-israeli-renunciara-en-diciembre\\\/#primaryimage\",\"url\":\"https:\\\/\\\/naenpalabras.net\\\/wp\\\/wp-content\\\/uploads\\\/2024\\\/09\\\/8.jpg\",\"contentUrl\":\"https:\\\/\\\/naenpalabras.net\\\/wp\\\/wp-content\\\/uploads\\\/2024\\\/09\\\/8.jpg\",\"width\":880,\"height\":495},{\"@type\":\"BreadcrumbList\",\"@id\":\"https:\\\/\\\/naenpalabras.net\\\/wp\\\/2024\\\/09\\\/12\\\/jefe-del-estado-mayor-del-ejercito-israeli-renunciara-en-diciembre\\\/#breadcrumb\",\"itemListElement\":[{\"@type\":\"ListItem\",\"position\":1,\"name\":\"Portada\",\"item\":\"https:\\\/\\\/naenpalabras.net\\\/wp\\\/\"},{\"@type\":\"ListItem\",\"position\":2,\"name\":\"Jefe del estado mayor del ej\u00e9rcito israel\u00ed renunciar\u00e1 en diciembre\"}]},{\"@type\":\"WebSite\",\"@id\":\"https:\\\/\\\/naenpalabras.net\\\/wp\\\/#website\",\"url\":\"https:\\\/\\\/naenpalabras.net\\\/wp\\\/\",\"name\":\"Nuestra Am\u00e9rica En Palabras\",\"description\":\"\",\"potentialAction\":[{\"@type\":\"SearchAction\",\"target\":{\"@type\":\"EntryPoint\",\"urlTemplate\":\"https:\\\/\\\/naenpalabras.net\\\/wp\\\/?s={search_term_string}\"},\"query-input\":{\"@type\":\"PropertyValueSpecification\",\"valueRequired\":true,\"valueName\":\"search_term_string\"}}],\"inLanguage\":\"es\"},{\"@type\":\"Person\",\"@id\":\"https:\\\/\\\/naenpalabras.net\\\/wp\\\/#\\\/schema\\\/person\\\/2b8dc3b44be009cae3c432096b2fad15\",\"name\":\"naenp\",\"image\":{\"@type\":\"ImageObject\",\"inLanguage\":\"es\",\"@id\":\"https:\\\/\\\/secure.gravatar.com\\\/avatar\\\/ebeb7cc417e6a6b9894cfaca0e864947ba305c2cd77c221b39b90345e02bc3bb?s=96&d=mm&r=g\",\"url\":\"https:\\\/\\\/secure.gravatar.com\\\/avatar\\\/ebeb7cc417e6a6b9894cfaca0e864947ba305c2cd77c221b39b90345e02bc3bb?s=96&d=mm&r=g\",\"contentUrl\":\"https:\\\/\\\/secure.gravatar.com\\\/avatar\\\/ebeb7cc417e6a6b9894cfaca0e864947ba305c2cd77c221b39b90345e02bc3bb?s=96&d=mm&r=g\",\"caption\":\"naenp\"},\"sameAs\":[\"https:\\\/\\\/naenpalabras.net\\\/wp\"],\"url\":\"https:\\\/\\\/naenpalabras.net\\\/wp\\\/author\\\/admin-2\\\/\"}]}<\/script>\n<!-- \/ Yoast SEO plugin. -->","yoast_head_json":{"title":"Jefe del estado mayor del ej\u00e9rcito israel\u00ed renunciar\u00e1 en diciembre - Nuestra Am\u00e9rica En Palabras","robots":{"index":"index","follow":"follow","max-snippet":"max-snippet:-1","max-image-preview":"max-image-preview:large","max-video-preview":"max-video-preview:-1"},"canonical":"https:\/\/naenpalabras.net\/wp\/2024\/09\/12\/jefe-del-estado-mayor-del-ejercito-israeli-renunciara-en-diciembre\/","og_locale":"es_ES","og_type":"article","og_title":"Jefe del estado mayor del ej\u00e9rcito israel\u00ed renunciar\u00e1 en diciembre - Nuestra Am\u00e9rica En Palabras","og_description":"El jefe del estado mayor conjunto del ej\u00e9rcito israel\u00ed podr\u00eda renunciar a finales de diciembre, sum\u00e1ndose a una ola de dimisiones entre altos funcionarios israel\u00edes. El\u00a0Canal 12\u00a0de la televisi\u00f3n israel\u00ed ha informado que Herzi Halevi, quien actualmente se desempe\u00f1a como jefe del estado mayor conjunto del ej\u00e9rcito del pa\u00eds, tiene [&hellip;]","og_url":"https:\/\/naenpalabras.net\/wp\/2024\/09\/12\/jefe-del-estado-mayor-del-ejercito-israeli-renunciara-en-diciembre\/","og_site_name":"Nuestra Am\u00e9rica En Palabras","article_published_time":"2024-09-12T20:33:05+00:00","og_image":[{"width":880,"height":495,"url":"https:\/\/naenpalabras.net\/wp\/wp-content\/uploads\/2024\/09\/8.jpg","type":"image\/jpeg"}],"author":"naenp","twitter_card":"summary_large_image","twitter_misc":{"Escrito por":"naenp","Tiempo estimado de lectura":"2 minutos"},"schema":{"@context":"https:\/\/schema.org","@graph":[{"@type":"Article","@id":"https:\/\/naenpalabras.net\/wp\/2024\/09\/12\/jefe-del-estado-mayor-del-ejercito-israeli-renunciara-en-diciembre\/#article","isPartOf":{"@id":"https:\/\/naenpalabras.net\/wp\/2024\/09\/12\/jefe-del-estado-mayor-del-ejercito-israeli-renunciara-en-diciembre\/"},"author":{"name":"naenp","@id":"https:\/\/naenpalabras.net\/wp\/#\/schema\/person\/2b8dc3b44be009cae3c432096b2fad15"},"headline":"Jefe del estado mayor del ej\u00e9rcito israel\u00ed renunciar\u00e1 en diciembre","datePublished":"2024-09-12T20:33:05+00:00","mainEntityOfPage":{"@id":"https:\/\/naenpalabras.net\/wp\/2024\/09\/12\/jefe-del-estado-mayor-del-ejercito-israeli-renunciara-en-diciembre\/"},"wordCount":269,"commentCount":0,"image":{"@id":"https:\/\/naenpalabras.net\/wp\/2024\/09\/12\/jefe-del-estado-mayor-del-ejercito-israeli-renunciara-en-diciembre\/#primaryimage"},"thumbnailUrl":"https:\/\/naenpalabras.net\/wp\/wp-content\/uploads\/2024\/09\/8.jpg","keywords":["dimisiones","ej\u00e9rcito","Israel","renunciar\u00e1"],"articleSection":["Noticias"],"inLanguage":"es","potentialAction":[{"@type":"CommentAction","name":"Comment","target":["https:\/\/naenpalabras.net\/wp\/2024\/09\/12\/jefe-del-estado-mayor-del-ejercito-israeli-renunciara-en-diciembre\/#respond"]}]},{"@type":"WebPage","@id":"https:\/\/naenpalabras.net\/wp\/2024\/09\/12\/jefe-del-estado-mayor-del-ejercito-israeli-renunciara-en-diciembre\/","url":"https:\/\/naenpalabras.net\/wp\/2024\/09\/12\/jefe-del-estado-mayor-del-ejercito-israeli-renunciara-en-diciembre\/","name":"Jefe del estado mayor del ej\u00e9rcito israel\u00ed renunciar\u00e1 en diciembre - Nuestra Am\u00e9rica En Palabras","isPartOf":{"@id":"https:\/\/naenpalabras.net\/wp\/#website"},"primaryImageOfPage":{"@id":"https:\/\/naenpalabras.net\/wp\/2024\/09\/12\/jefe-del-estado-mayor-del-ejercito-israeli-renunciara-en-diciembre\/#primaryimage"},"image":{"@id":"https:\/\/naenpalabras.net\/wp\/2024\/09\/12\/jefe-del-estado-mayor-del-ejercito-israeli-renunciara-en-diciembre\/#primaryimage"},"thumbnailUrl":"https:\/\/naenpalabras.net\/wp\/wp-content\/uploads\/2024\/09\/8.jpg","datePublished":"2024-09-12T20:33:05+00:00","author":{"@id":"https:\/\/naenpalabras.net\/wp\/#\/schema\/person\/2b8dc3b44be009cae3c432096b2fad15"},"breadcrumb":{"@id":"https:\/\/naenpalabras.net\/wp\/2024\/09\/12\/jefe-del-estado-mayor-del-ejercito-israeli-renunciara-en-diciembre\/#breadcrumb"},"inLanguage":"es","potentialAction":[{"@type":"ReadAction","target":["https:\/\/naenpalabras.net\/wp\/2024\/09\/12\/jefe-del-estado-mayor-del-ejercito-israeli-renunciara-en-diciembre\/"]}]},{"@type":"ImageObject","inLanguage":"es","@id":"https:\/\/naenpalabras.net\/wp\/2024\/09\/12\/jefe-del-estado-mayor-del-ejercito-israeli-renunciara-en-diciembre\/#primaryimage","url":"https:\/\/naenpalabras.net\/wp\/wp-content\/uploads\/2024\/09\/8.jpg","contentUrl":"https:\/\/naenpalabras.net\/wp\/wp-content\/uploads\/2024\/09\/8.jpg","width":880,"height":495},{"@type":"BreadcrumbList","@id":"https:\/\/naenpalabras.net\/wp\/2024\/09\/12\/jefe-del-estado-mayor-del-ejercito-israeli-renunciara-en-diciembre\/#breadcrumb","itemListElement":[{"@type":"ListItem","position":1,"name":"Portada","item":"https:\/\/naenpalabras.net\/wp\/"},{"@type":"ListItem","position":2,"name":"Jefe del estado mayor del ej\u00e9rcito israel\u00ed renunciar\u00e1 en diciembre"}]},{"@type":"WebSite","@id":"https:\/\/naenpalabras.net\/wp\/#website","url":"https:\/\/naenpalabras.net\/wp\/","name":"Nuestra Am\u00e9rica En Palabras","description":"","potentialAction":[{"@type":"SearchAction","target":{"@type":"EntryPoint","urlTemplate":"https:\/\/naenpalabras.net\/wp\/?s={search_term_string}"},"query-input":{"@type":"PropertyValueSpecification","valueRequired":true,"valueName":"search_term_string"}}],"inLanguage":"es"},{"@type":"Person","@id":"https:\/\/naenpalabras.net\/wp\/#\/schema\/person\/2b8dc3b44be009cae3c432096b2fad15","name":"naenp","image":{"@type":"ImageObject","inLanguage":"es","@id":"https:\/\/secure.gravatar.com\/avatar\/ebeb7cc417e6a6b9894cfaca0e864947ba305c2cd77c221b39b90345e02bc3bb?s=96&d=mm&r=g","url":"https:\/\/secure.gravatar.com\/avatar\/ebeb7cc417e6a6b9894cfaca0e864947ba305c2cd77c221b39b90345e02bc3bb?s=96&d=mm&r=g","contentUrl":"https:\/\/secure.gravatar.com\/avatar\/ebeb7cc417e6a6b9894cfaca0e864947ba305c2cd77c221b39b90345e02bc3bb?s=96&d=mm&r=g","caption":"naenp"},"sameAs":["https:\/\/naenpalabras.net\/wp"],"url":"https:\/\/naenpalabras.net\/wp\/author\/admin-2\/"}]}},"_links":{"self":[{"href":"https:\/\/naenpalabras.net\/wp\/wp-json\/wp\/v2\/posts\/1312","targetHints":{"allow":["GET"]}}],"collection":[{"href":"https:\/\/naenpalabras.net\/wp\/wp-json\/wp\/v2\/posts"}],"about":[{"href":"https:\/\/naenpalabras.net\/wp\/wp-json\/wp\/v2\/types\/post"}],"author":[{"embeddable":true,"href":"https:\/\/naenpalabras.net\/wp\/wp-json\/wp\/v2\/users\/2"}],"replies":[{"embeddable":true,"href":"https:\/\/naenpalabras.net\/wp\/wp-json\/wp\/v2\/comments?post=1312"}],"version-history":[{"count":1,"href":"https:\/\/naenpalabras.net\/wp\/wp-json\/wp\/v2\/posts\/1312\/revisions"}],"predecessor-version":[{"id":1314,"href":"https:\/\/naenpalabras.net\/wp\/wp-json\/wp\/v2\/posts\/1312\/revisions\/1314"}],"wp:featuredmedia":[{"embeddable":true,"href":"https:\/\/naenpalabras.net\/wp\/wp-json\/wp\/v2\/media\/1313"}],"wp:attachment":[{"href":"https:\/\/naenpalabras.net\/wp\/wp-json\/wp\/v2\/media?parent=1312"}],"wp:term":[{"taxonomy":"category","embeddable":true,"href":"https:\/\/naenpalabras.net\/wp\/wp-json\/wp\/v2\/categories?post=1312"},{"taxonomy":"post_tag","embeddable":true,"href":"https:\/\/naenpalabras.net\/wp\/wp-json\/wp\/v2\/tags?post=1312"}],"curies":[{"name":"wp","href":"https:\/\/api.w.org\/{rel}","templated":true}]}}