{"id":1268,"date":"2024-09-06T14:10:58","date_gmt":"2024-09-06T18:10:58","guid":{"rendered":"https:\/\/naenpalabras.net\/wp\/?p=1268"},"modified":"2024-09-06T14:10:58","modified_gmt":"2024-09-06T18:10:58","slug":"onu-admite-su-incapacidad-ante-situacion-desastrosa-en-franja-de-gaza","status":"publish","type":"post","link":"https:\/\/naenpalabras.net\/wp\/2024\/09\/06\/onu-admite-su-incapacidad-ante-situacion-desastrosa-en-franja-de-gaza\/","title":{"rendered":"ONU admite su incapacidad ante situaci\u00f3n desastrosa en Franja de Gaza"},"content":{"rendered":"<p class=\"introtext\">Un titular de alto rango de la ONU subraya que este organismo no tiene la capacidad necesaria para satisfacer plenamente las necesidades del pueblo gazat\u00ed.<\/p>\n<div>\n<p>\u201cLa situaci\u00f3n humanitaria en Gaza es m\u00e1s que un desastre y a\u00fan no tenemos todas las condiciones necesarias para apoyar a las personas en la escala que realmente necesitan\u201d, destac\u00f3 el jueves el portavoz oficial del secretario general de la ONU, St\u00e9phane Dujarric, en su conferencia de prensa.<\/p>\n<p>Al hacer referencia a las ayudas entregadas a los palestinos desfavorecidos que se encuentran en la Franja de Gaza, Dujarric asever\u00f3 que la Oficina de la ONU para la Coordinaci\u00f3n de Asuntos Humanitarios (OCHA) proporcion\u00f3, a pesar de los desaf\u00edos,\u00a0450 mil comidas preparadas en 130 cocinas diariamente a familias en todas partes del enclave costero desde el\u00a019 de agosto hasta\u00a0finales de mes.<\/p>\n<p>De igual manera, destac\u00f3 que la entregada de los alimentos se redujo en 35 por ciento en comparaci\u00f3n con las 700 000 servidas durante el mes de julio, enfatizando que esta reducci\u00f3n se produjo debido a las m\u00faltiples \u00f3rdenes de evacuaci\u00f3n emitidas por el ej\u00e9rcito israel\u00ed.<\/p>\n<div data-oembed-url=\"https:\/\/twitter.com\/UNOCHA\/status\/1831404864510779893\">\n<blockquote class=\"twitter-tweet\">\n<p dir=\"ltr\" lang=\"en\">\ud83d\udea8\u00a0<a href=\"https:\/\/twitter.com\/hashtag\/WestBank?src=hash&amp;ref_src=twsrc%5Etfw\">#WestBank<\/a>:<\/p>\n<p>The ongoing large-scale operation by Israeli forces has caused mass casualties and widespread destruction.<\/p>\n<p>Between 27 Aug. and 2 Sept., 30 Palestinians, including 7 children, have been killed &#8211; the highest weekly death toll since Nov. 2023.<\/p>\n<p>Learn more \u2b07\ufe0f<\/p>\n<p>\u2014 UN Humanitarian (@UNOCHA)\u00a0<a href=\"https:\/\/twitter.com\/UNOCHA\/status\/1831404864510779893?ref_src=twsrc%5Etfw\">September 4, 2024<\/a><\/p><\/blockquote>\n<\/div>\n<p>Ante esta coyuntura, el funcionario de la ONU recalc\u00f3 que al menos 70 centros de elaboraci\u00f3n tuvieron que suspender su servicio o mudarse a otro lugar\u00a0y dejar sin raciones a\u00a0m\u00e1s de un mill\u00f3n de personas\u00a0en el sur y centro de Gaza.<\/p>\n<p>Tambi\u00e9n, Dujarric advirti\u00f3 de que solo podr\u00e1n proporcionar un paquete de alimentos a las familias durante el septiembre a ra\u00edz de la falta\u00a0de reservas suficientes para satisfacer las necesidades.<\/p>\n<p>Adem\u00e1s, asever\u00f3 que\u00a0las hostilidades en curso, la inseguridad, las carreteras da\u00f1adas, el colapso del orden p\u00fablico y las restricciones de acceso\u00a0provocan una grave escasez para continuar las operaciones, subrayando que tambi\u00e9n las altas temperaturas perjudicar\u00e1n las pocas provisiones de alimentos.<\/p>\n<div data-oembed-url=\"www.hispantv.com\/noticias\/palestina\/600668\/israel-recrudece-violencia-cisjordania\">\n<div class=\"oembed\"><a href=\"https:\/\/www.hispantv.com\/noticias\/palestina\/600668\/israel-recrudece-violencia-cisjordania\" target=\"_blank\" rel=\"noopener\"><img decoding=\"async\" class=\"thumbnail\" src=\"https:\/\/cdn.hispantv.com\/hispanmedia\/files\/images\/thumbnail\/20240905\/04573603_xl.jpg\" alt=\"El ej\u00e9rcito israel\u00ed recrudece la violencia en Cisjordania ocupada | HISPANTV\" \/><\/a><\/p>\n<div class=\"title\"><a href=\"https:\/\/www.hispantv.com\/noticias\/palestina\/600668\/israel-recrudece-violencia-cisjordania\" target=\"_blank\" rel=\"noopener\">El ej\u00e9rcito israel\u00ed recrudece la violencia en Cisjordania ocupada | HISPANTV<\/a><\/div>\n<\/div>\n<p><a href=\"https:\/\/www.hispantv.com\/noticias\/palestina\/600668\/israel-recrudece-violencia-cisjordania\" target=\"_blank\" rel=\"noopener\">El ej\u00e9rcito israel\u00ed env\u00eda m\u00e1s fuerzas a Yen\u00edn y Tulkaram y los sionistas matan y detienen a m\u00e1s palestinos. Todo esto en medio de un asedio contra varias zonas.<\/a><\/div>\n<h2><strong>Israel y el uso de t\u00e1cticas letales en Cisjordania<\/strong><\/h2>\n<p>En otra parte de su intervenci\u00f3n, Dujarric puso de relieve que la entidad sionista utiliza t\u00e1cticas militares letales en Cisjordania, incluidos ataques a\u00e9reos en Yen\u00edn, Tubas y Tulkarem, los cuales\u00a0provocan cada vez m\u00e1s muertos, heridos y la destrucci\u00f3n de m\u00e1s carreteras e infraestructura.<\/p>\n<p>Tambi\u00e9n, resalt\u00f3 que el r\u00e9gimen de Israel ha sitiado las instalaciones m\u00e9dicas con severas restricciones impuestas al movimiento de ambulancias y equipos m\u00e9dicos en Cisjordania.<\/p>\n<ul>\n<li><a href=\"https:\/\/www.hispantv.com\/noticias\/palestina\/600286\/onu-ordenes-evacuacion-gaza\"><strong>Israel deja al personal de la ONU sin \u201cespacios seguros\u201d en Gaza<\/strong><\/a><\/li>\n<\/ul>\n<p>Dujarric agreg\u00f3 que la OCHA tambi\u00e9n advirti\u00f3 que la situaci\u00f3n en Cisjordania exacerbar\u00e1 las necesidades humanitarias y la inseguridad de los pobladores.<\/p>\n<p>El titular de ONU destac\u00f3 que, tras 11 meses de la guerra genocida israel\u00ed en Gaza, todav\u00eda est\u00e1 prohibida la entrada de los periodistas a Gaza para cubrir las consecuencias humanitarias de la ofensiva israel\u00ed.<\/p>\n<ul>\n<li><a href=\"https:\/\/www.hispantv.com\/noticias\/palestina\/581997\/ocha-israel%C2%A0escuelas-gaza-bases-militares\"><strong>ONU: Israel utiliza escuelas en Gaza como bases militares<\/strong><\/a><\/li>\n<\/ul>\n<p>El r\u00e9gimen israel\u00ed ha atacado sistem\u00e1ticamente instalaciones civiles, incluidas escuelas, hospitales y lugares de culto, en el marco de su continua ofensiva en la Franja de Gaza, a pesar de una resoluci\u00f3n del Consejo de Seguridad de las Naciones Unidas (CSNU) que exige un alto el fuego inmediato.<\/p>\n<ul>\n<li><strong><a href=\"https:\/\/www.hispantv.com\/noticias\/palestina\/600554\/unrwa-generacion-destruida-gaza-escuelas\">UNRWA: Una generaci\u00f3n est\u00e1 siendo destruida en Gaza; no hay escuelas<\/a><\/strong><\/li>\n<\/ul>\n<p>Durante estos 11 meses de guerra en Gaza, 40 875 palestinos han sido asesinados y otros 94 450 han resultado heridos.<\/p>\n<\/div>\n<p><a href=\"https:\/\/www.hispantv.com\/noticias\/palestina\/600746\/onu-incapacidad-situacion-desastrosa-franja-gaza\"><strong>Fuente: Hispantv<\/strong><\/a><\/p>\n","protected":false},"excerpt":{"rendered":"<p>Un titular de alto rango de la ONU subraya que este organismo no tiene la capacidad necesaria para satisfacer plenamente las necesidades del pueblo gazat\u00ed. \u201cLa situaci\u00f3n humanitaria en Gaza es m\u00e1s que un desastre y a\u00fan no tenemos todas las condiciones necesarias para apoyar a las personas en la [&hellip;]<\/p>\n","protected":false},"author":2,"featured_media":1269,"comment_status":"open","ping_status":"closed","sticky":false,"template":"","format":"standard","meta":{"footnotes":""},"categories":[4],"tags":[32,77,27],"class_list":["post-1268","post","type-post","status-publish","format-standard","has-post-thumbnail","hentry","category-noticias","tag-gaza","tag-genocidio","tag-onu"],"yoast_head":"<!-- This site is optimized with the Yoast SEO plugin v27.5 - https:\/\/yoast.com\/product\/yoast-seo-wordpress\/ -->\n<title>ONU admite su incapacidad ante situaci\u00f3n desastrosa en Franja de Gaza - Nuestra Am\u00e9rica En Palabras<\/title>\n<meta name=\"robots\" content=\"index, follow, max-snippet:-1, max-image-preview:large, max-video-preview:-1\" \/>\n<link rel=\"canonical\" href=\"https:\/\/naenpalabras.net\/wp\/2024\/09\/06\/onu-admite-su-incapacidad-ante-situacion-desastrosa-en-franja-de-gaza\/\" \/>\n<meta property=\"og:locale\" content=\"es_ES\" \/>\n<meta property=\"og:type\" content=\"article\" \/>\n<meta property=\"og:title\" content=\"ONU admite su incapacidad ante situaci\u00f3n desastrosa en Franja de Gaza - Nuestra Am\u00e9rica En Palabras\" \/>\n<meta property=\"og:description\" content=\"Un titular de alto rango de la ONU subraya que este organismo no tiene la capacidad necesaria para satisfacer plenamente las necesidades del pueblo gazat\u00ed. \u201cLa situaci\u00f3n humanitaria en Gaza es m\u00e1s que un desastre y a\u00fan no tenemos todas las condiciones necesarias para apoyar a las personas en la [&hellip;]\" \/>\n<meta property=\"og:url\" content=\"https:\/\/naenpalabras.net\/wp\/2024\/09\/06\/onu-admite-su-incapacidad-ante-situacion-desastrosa-en-franja-de-gaza\/\" \/>\n<meta property=\"og:site_name\" content=\"Nuestra Am\u00e9rica En Palabras\" \/>\n<meta property=\"article:published_time\" content=\"2024-09-06T18:10:58+00:00\" \/>\n<meta property=\"og:image\" content=\"https:\/\/naenpalabras.net\/wp\/wp-content\/uploads\/2024\/09\/5-2.jpg\" \/>\n\t<meta property=\"og:image:width\" content=\"880\" \/>\n\t<meta property=\"og:image:height\" content=\"494\" \/>\n\t<meta property=\"og:image:type\" content=\"image\/jpeg\" \/>\n<meta name=\"author\" content=\"naenp\" \/>\n<meta name=\"twitter:card\" content=\"summary_large_image\" \/>\n<meta name=\"twitter:label1\" content=\"Escrito por\" \/>\n\t<meta name=\"twitter:data1\" content=\"naenp\" \/>\n\t<meta name=\"twitter:label2\" content=\"Tiempo estimado de lectura\" \/>\n\t<meta name=\"twitter:data2\" content=\"4 minutos\" \/>\n<script type=\"application\/ld+json\" class=\"yoast-schema-graph\">{\"@context\":\"https:\\\/\\\/schema.org\",\"@graph\":[{\"@type\":\"Article\",\"@id\":\"https:\\\/\\\/naenpalabras.net\\\/wp\\\/2024\\\/09\\\/06\\\/onu-admite-su-incapacidad-ante-situacion-desastrosa-en-franja-de-gaza\\\/#article\",\"isPartOf\":{\"@id\":\"https:\\\/\\\/naenpalabras.net\\\/wp\\\/2024\\\/09\\\/06\\\/onu-admite-su-incapacidad-ante-situacion-desastrosa-en-franja-de-gaza\\\/\"},\"author\":{\"name\":\"naenp\",\"@id\":\"https:\\\/\\\/naenpalabras.net\\\/wp\\\/#\\\/schema\\\/person\\\/2b8dc3b44be009cae3c432096b2fad15\"},\"headline\":\"ONU admite su incapacidad ante situaci\u00f3n desastrosa en Franja de Gaza\",\"datePublished\":\"2024-09-06T18:10:58+00:00\",\"mainEntityOfPage\":{\"@id\":\"https:\\\/\\\/naenpalabras.net\\\/wp\\\/2024\\\/09\\\/06\\\/onu-admite-su-incapacidad-ante-situacion-desastrosa-en-franja-de-gaza\\\/\"},\"wordCount\":662,\"commentCount\":0,\"image\":{\"@id\":\"https:\\\/\\\/naenpalabras.net\\\/wp\\\/2024\\\/09\\\/06\\\/onu-admite-su-incapacidad-ante-situacion-desastrosa-en-franja-de-gaza\\\/#primaryimage\"},\"thumbnailUrl\":\"https:\\\/\\\/naenpalabras.net\\\/wp\\\/wp-content\\\/uploads\\\/2024\\\/09\\\/5-2.jpg\",\"keywords\":[\"Gaza\",\"genocidio\",\"ONU\"],\"articleSection\":[\"Noticias\"],\"inLanguage\":\"es\",\"potentialAction\":[{\"@type\":\"CommentAction\",\"name\":\"Comment\",\"target\":[\"https:\\\/\\\/naenpalabras.net\\\/wp\\\/2024\\\/09\\\/06\\\/onu-admite-su-incapacidad-ante-situacion-desastrosa-en-franja-de-gaza\\\/#respond\"]}]},{\"@type\":\"WebPage\",\"@id\":\"https:\\\/\\\/naenpalabras.net\\\/wp\\\/2024\\\/09\\\/06\\\/onu-admite-su-incapacidad-ante-situacion-desastrosa-en-franja-de-gaza\\\/\",\"url\":\"https:\\\/\\\/naenpalabras.net\\\/wp\\\/2024\\\/09\\\/06\\\/onu-admite-su-incapacidad-ante-situacion-desastrosa-en-franja-de-gaza\\\/\",\"name\":\"ONU admite su incapacidad ante situaci\u00f3n desastrosa en Franja de Gaza - Nuestra Am\u00e9rica En Palabras\",\"isPartOf\":{\"@id\":\"https:\\\/\\\/naenpalabras.net\\\/wp\\\/#website\"},\"primaryImageOfPage\":{\"@id\":\"https:\\\/\\\/naenpalabras.net\\\/wp\\\/2024\\\/09\\\/06\\\/onu-admite-su-incapacidad-ante-situacion-desastrosa-en-franja-de-gaza\\\/#primaryimage\"},\"image\":{\"@id\":\"https:\\\/\\\/naenpalabras.net\\\/wp\\\/2024\\\/09\\\/06\\\/onu-admite-su-incapacidad-ante-situacion-desastrosa-en-franja-de-gaza\\\/#primaryimage\"},\"thumbnailUrl\":\"https:\\\/\\\/naenpalabras.net\\\/wp\\\/wp-content\\\/uploads\\\/2024\\\/09\\\/5-2.jpg\",\"datePublished\":\"2024-09-06T18:10:58+00:00\",\"author\":{\"@id\":\"https:\\\/\\\/naenpalabras.net\\\/wp\\\/#\\\/schema\\\/person\\\/2b8dc3b44be009cae3c432096b2fad15\"},\"breadcrumb\":{\"@id\":\"https:\\\/\\\/naenpalabras.net\\\/wp\\\/2024\\\/09\\\/06\\\/onu-admite-su-incapacidad-ante-situacion-desastrosa-en-franja-de-gaza\\\/#breadcrumb\"},\"inLanguage\":\"es\",\"potentialAction\":[{\"@type\":\"ReadAction\",\"target\":[\"https:\\\/\\\/naenpalabras.net\\\/wp\\\/2024\\\/09\\\/06\\\/onu-admite-su-incapacidad-ante-situacion-desastrosa-en-franja-de-gaza\\\/\"]}]},{\"@type\":\"ImageObject\",\"inLanguage\":\"es\",\"@id\":\"https:\\\/\\\/naenpalabras.net\\\/wp\\\/2024\\\/09\\\/06\\\/onu-admite-su-incapacidad-ante-situacion-desastrosa-en-franja-de-gaza\\\/#primaryimage\",\"url\":\"https:\\\/\\\/naenpalabras.net\\\/wp\\\/wp-content\\\/uploads\\\/2024\\\/09\\\/5-2.jpg\",\"contentUrl\":\"https:\\\/\\\/naenpalabras.net\\\/wp\\\/wp-content\\\/uploads\\\/2024\\\/09\\\/5-2.jpg\",\"width\":880,\"height\":494},{\"@type\":\"BreadcrumbList\",\"@id\":\"https:\\\/\\\/naenpalabras.net\\\/wp\\\/2024\\\/09\\\/06\\\/onu-admite-su-incapacidad-ante-situacion-desastrosa-en-franja-de-gaza\\\/#breadcrumb\",\"itemListElement\":[{\"@type\":\"ListItem\",\"position\":1,\"name\":\"Portada\",\"item\":\"https:\\\/\\\/naenpalabras.net\\\/wp\\\/\"},{\"@type\":\"ListItem\",\"position\":2,\"name\":\"ONU admite su incapacidad ante situaci\u00f3n desastrosa en Franja de Gaza\"}]},{\"@type\":\"WebSite\",\"@id\":\"https:\\\/\\\/naenpalabras.net\\\/wp\\\/#website\",\"url\":\"https:\\\/\\\/naenpalabras.net\\\/wp\\\/\",\"name\":\"Nuestra Am\u00e9rica En Palabras\",\"description\":\"\",\"potentialAction\":[{\"@type\":\"SearchAction\",\"target\":{\"@type\":\"EntryPoint\",\"urlTemplate\":\"https:\\\/\\\/naenpalabras.net\\\/wp\\\/?s={search_term_string}\"},\"query-input\":{\"@type\":\"PropertyValueSpecification\",\"valueRequired\":true,\"valueName\":\"search_term_string\"}}],\"inLanguage\":\"es\"},{\"@type\":\"Person\",\"@id\":\"https:\\\/\\\/naenpalabras.net\\\/wp\\\/#\\\/schema\\\/person\\\/2b8dc3b44be009cae3c432096b2fad15\",\"name\":\"naenp\",\"image\":{\"@type\":\"ImageObject\",\"inLanguage\":\"es\",\"@id\":\"https:\\\/\\\/secure.gravatar.com\\\/avatar\\\/ebeb7cc417e6a6b9894cfaca0e864947ba305c2cd77c221b39b90345e02bc3bb?s=96&d=mm&r=g\",\"url\":\"https:\\\/\\\/secure.gravatar.com\\\/avatar\\\/ebeb7cc417e6a6b9894cfaca0e864947ba305c2cd77c221b39b90345e02bc3bb?s=96&d=mm&r=g\",\"contentUrl\":\"https:\\\/\\\/secure.gravatar.com\\\/avatar\\\/ebeb7cc417e6a6b9894cfaca0e864947ba305c2cd77c221b39b90345e02bc3bb?s=96&d=mm&r=g\",\"caption\":\"naenp\"},\"sameAs\":[\"https:\\\/\\\/naenpalabras.net\\\/wp\"],\"url\":\"https:\\\/\\\/naenpalabras.net\\\/wp\\\/author\\\/admin-2\\\/\"}]}<\/script>\n<!-- \/ Yoast SEO plugin. -->","yoast_head_json":{"title":"ONU admite su incapacidad ante situaci\u00f3n desastrosa en Franja de Gaza - Nuestra Am\u00e9rica En Palabras","robots":{"index":"index","follow":"follow","max-snippet":"max-snippet:-1","max-image-preview":"max-image-preview:large","max-video-preview":"max-video-preview:-1"},"canonical":"https:\/\/naenpalabras.net\/wp\/2024\/09\/06\/onu-admite-su-incapacidad-ante-situacion-desastrosa-en-franja-de-gaza\/","og_locale":"es_ES","og_type":"article","og_title":"ONU admite su incapacidad ante situaci\u00f3n desastrosa en Franja de Gaza - Nuestra Am\u00e9rica En Palabras","og_description":"Un titular de alto rango de la ONU subraya que este organismo no tiene la capacidad necesaria para satisfacer plenamente las necesidades del pueblo gazat\u00ed. \u201cLa situaci\u00f3n humanitaria en Gaza es m\u00e1s que un desastre y a\u00fan no tenemos todas las condiciones necesarias para apoyar a las personas en la [&hellip;]","og_url":"https:\/\/naenpalabras.net\/wp\/2024\/09\/06\/onu-admite-su-incapacidad-ante-situacion-desastrosa-en-franja-de-gaza\/","og_site_name":"Nuestra Am\u00e9rica En Palabras","article_published_time":"2024-09-06T18:10:58+00:00","og_image":[{"width":880,"height":494,"url":"https:\/\/naenpalabras.net\/wp\/wp-content\/uploads\/2024\/09\/5-2.jpg","type":"image\/jpeg"}],"author":"naenp","twitter_card":"summary_large_image","twitter_misc":{"Escrito por":"naenp","Tiempo estimado de lectura":"4 minutos"},"schema":{"@context":"https:\/\/schema.org","@graph":[{"@type":"Article","@id":"https:\/\/naenpalabras.net\/wp\/2024\/09\/06\/onu-admite-su-incapacidad-ante-situacion-desastrosa-en-franja-de-gaza\/#article","isPartOf":{"@id":"https:\/\/naenpalabras.net\/wp\/2024\/09\/06\/onu-admite-su-incapacidad-ante-situacion-desastrosa-en-franja-de-gaza\/"},"author":{"name":"naenp","@id":"https:\/\/naenpalabras.net\/wp\/#\/schema\/person\/2b8dc3b44be009cae3c432096b2fad15"},"headline":"ONU admite su incapacidad ante situaci\u00f3n desastrosa en Franja de Gaza","datePublished":"2024-09-06T18:10:58+00:00","mainEntityOfPage":{"@id":"https:\/\/naenpalabras.net\/wp\/2024\/09\/06\/onu-admite-su-incapacidad-ante-situacion-desastrosa-en-franja-de-gaza\/"},"wordCount":662,"commentCount":0,"image":{"@id":"https:\/\/naenpalabras.net\/wp\/2024\/09\/06\/onu-admite-su-incapacidad-ante-situacion-desastrosa-en-franja-de-gaza\/#primaryimage"},"thumbnailUrl":"https:\/\/naenpalabras.net\/wp\/wp-content\/uploads\/2024\/09\/5-2.jpg","keywords":["Gaza","genocidio","ONU"],"articleSection":["Noticias"],"inLanguage":"es","potentialAction":[{"@type":"CommentAction","name":"Comment","target":["https:\/\/naenpalabras.net\/wp\/2024\/09\/06\/onu-admite-su-incapacidad-ante-situacion-desastrosa-en-franja-de-gaza\/#respond"]}]},{"@type":"WebPage","@id":"https:\/\/naenpalabras.net\/wp\/2024\/09\/06\/onu-admite-su-incapacidad-ante-situacion-desastrosa-en-franja-de-gaza\/","url":"https:\/\/naenpalabras.net\/wp\/2024\/09\/06\/onu-admite-su-incapacidad-ante-situacion-desastrosa-en-franja-de-gaza\/","name":"ONU admite su incapacidad ante situaci\u00f3n desastrosa en Franja de Gaza - Nuestra Am\u00e9rica En Palabras","isPartOf":{"@id":"https:\/\/naenpalabras.net\/wp\/#website"},"primaryImageOfPage":{"@id":"https:\/\/naenpalabras.net\/wp\/2024\/09\/06\/onu-admite-su-incapacidad-ante-situacion-desastrosa-en-franja-de-gaza\/#primaryimage"},"image":{"@id":"https:\/\/naenpalabras.net\/wp\/2024\/09\/06\/onu-admite-su-incapacidad-ante-situacion-desastrosa-en-franja-de-gaza\/#primaryimage"},"thumbnailUrl":"https:\/\/naenpalabras.net\/wp\/wp-content\/uploads\/2024\/09\/5-2.jpg","datePublished":"2024-09-06T18:10:58+00:00","author":{"@id":"https:\/\/naenpalabras.net\/wp\/#\/schema\/person\/2b8dc3b44be009cae3c432096b2fad15"},"breadcrumb":{"@id":"https:\/\/naenpalabras.net\/wp\/2024\/09\/06\/onu-admite-su-incapacidad-ante-situacion-desastrosa-en-franja-de-gaza\/#breadcrumb"},"inLanguage":"es","potentialAction":[{"@type":"ReadAction","target":["https:\/\/naenpalabras.net\/wp\/2024\/09\/06\/onu-admite-su-incapacidad-ante-situacion-desastrosa-en-franja-de-gaza\/"]}]},{"@type":"ImageObject","inLanguage":"es","@id":"https:\/\/naenpalabras.net\/wp\/2024\/09\/06\/onu-admite-su-incapacidad-ante-situacion-desastrosa-en-franja-de-gaza\/#primaryimage","url":"https:\/\/naenpalabras.net\/wp\/wp-content\/uploads\/2024\/09\/5-2.jpg","contentUrl":"https:\/\/naenpalabras.net\/wp\/wp-content\/uploads\/2024\/09\/5-2.jpg","width":880,"height":494},{"@type":"BreadcrumbList","@id":"https:\/\/naenpalabras.net\/wp\/2024\/09\/06\/onu-admite-su-incapacidad-ante-situacion-desastrosa-en-franja-de-gaza\/#breadcrumb","itemListElement":[{"@type":"ListItem","position":1,"name":"Portada","item":"https:\/\/naenpalabras.net\/wp\/"},{"@type":"ListItem","position":2,"name":"ONU admite su incapacidad ante situaci\u00f3n desastrosa en Franja de Gaza"}]},{"@type":"WebSite","@id":"https:\/\/naenpalabras.net\/wp\/#website","url":"https:\/\/naenpalabras.net\/wp\/","name":"Nuestra Am\u00e9rica En Palabras","description":"","potentialAction":[{"@type":"SearchAction","target":{"@type":"EntryPoint","urlTemplate":"https:\/\/naenpalabras.net\/wp\/?s={search_term_string}"},"query-input":{"@type":"PropertyValueSpecification","valueRequired":true,"valueName":"search_term_string"}}],"inLanguage":"es"},{"@type":"Person","@id":"https:\/\/naenpalabras.net\/wp\/#\/schema\/person\/2b8dc3b44be009cae3c432096b2fad15","name":"naenp","image":{"@type":"ImageObject","inLanguage":"es","@id":"https:\/\/secure.gravatar.com\/avatar\/ebeb7cc417e6a6b9894cfaca0e864947ba305c2cd77c221b39b90345e02bc3bb?s=96&d=mm&r=g","url":"https:\/\/secure.gravatar.com\/avatar\/ebeb7cc417e6a6b9894cfaca0e864947ba305c2cd77c221b39b90345e02bc3bb?s=96&d=mm&r=g","contentUrl":"https:\/\/secure.gravatar.com\/avatar\/ebeb7cc417e6a6b9894cfaca0e864947ba305c2cd77c221b39b90345e02bc3bb?s=96&d=mm&r=g","caption":"naenp"},"sameAs":["https:\/\/naenpalabras.net\/wp"],"url":"https:\/\/naenpalabras.net\/wp\/author\/admin-2\/"}]}},"_links":{"self":[{"href":"https:\/\/naenpalabras.net\/wp\/wp-json\/wp\/v2\/posts\/1268","targetHints":{"allow":["GET"]}}],"collection":[{"href":"https:\/\/naenpalabras.net\/wp\/wp-json\/wp\/v2\/posts"}],"about":[{"href":"https:\/\/naenpalabras.net\/wp\/wp-json\/wp\/v2\/types\/post"}],"author":[{"embeddable":true,"href":"https:\/\/naenpalabras.net\/wp\/wp-json\/wp\/v2\/users\/2"}],"replies":[{"embeddable":true,"href":"https:\/\/naenpalabras.net\/wp\/wp-json\/wp\/v2\/comments?post=1268"}],"version-history":[{"count":1,"href":"https:\/\/naenpalabras.net\/wp\/wp-json\/wp\/v2\/posts\/1268\/revisions"}],"predecessor-version":[{"id":1270,"href":"https:\/\/naenpalabras.net\/wp\/wp-json\/wp\/v2\/posts\/1268\/revisions\/1270"}],"wp:featuredmedia":[{"embeddable":true,"href":"https:\/\/naenpalabras.net\/wp\/wp-json\/wp\/v2\/media\/1269"}],"wp:attachment":[{"href":"https:\/\/naenpalabras.net\/wp\/wp-json\/wp\/v2\/media?parent=1268"}],"wp:term":[{"taxonomy":"category","embeddable":true,"href":"https:\/\/naenpalabras.net\/wp\/wp-json\/wp\/v2\/categories?post=1268"},{"taxonomy":"post_tag","embeddable":true,"href":"https:\/\/naenpalabras.net\/wp\/wp-json\/wp\/v2\/tags?post=1268"}],"curies":[{"name":"wp","href":"https:\/\/api.w.org\/{rel}","templated":true}]}}