{"id":1216,"date":"2024-09-02T18:16:35","date_gmt":"2024-09-02T22:16:35","guid":{"rendered":"https:\/\/naenpalabras.net\/wp\/?p=1216"},"modified":"2024-09-02T18:16:35","modified_gmt":"2024-09-02T22:16:35","slug":"hamas-avisa-retenidos-israelies-volveran-en-ataudes-si-siguen-presiones","status":"publish","type":"post","link":"https:\/\/naenpalabras.net\/wp\/2024\/09\/02\/hamas-avisa-retenidos-israelies-volveran-en-ataudes-si-siguen-presiones\/","title":{"rendered":"HAMAS avisa: Retenidos israel\u00edes volver\u00e1n en ata\u00fades si siguen presiones"},"content":{"rendered":"<p class=\"introtext\">HAMAS advierte al r\u00e9gimen de Israel que los retenidos en la Franja de Gaza desde el pasado octubre regresar\u00e1n \u201cen ata\u00fades\u201d si contin\u00faa presi\u00f3n militar.<\/p>\n<div>\n<p>Abu Obeida,\u00a0el portavoz\u00a0de las Brigadas Ezzeddin Al-Qassam, rama militar del Movimiento de Resistencia Isl\u00e1mica de Palestina (HAMAS) ha responsabilizado este lunes al primer ministro israel\u00ed, Benjam\u00edn Netanyahu, y al ej\u00e9rcito de ocupaci\u00f3n sionista por la muerte de los retenidos israel\u00edes que murieron durante la operaci\u00f3n de las fuerzas israel\u00edes para liberarlos en la Franja de Gaza.<\/p>\n<p>\u201cEl ensa\u00f1amiento de Benjam\u00edn Netanyahu por liberar a los prisioneros [rehenes] a trav\u00e9s de la presi\u00f3n militar en lugar de llegar a un acuerdo significa que regresar\u00e1n a sus familias dentro de ata\u00fades y sus familias deber\u00e1n elegir si verlos vivos o muertos\u201d, ha enfatizado.<\/p>\n<ul>\n<li><a href=\"https:\/\/www.hispantv.com\/noticias\/palestina\/599719\/hamas-netanyahu-obstaculo-nuevo-acuerdo\"><strong>HAMAS acusa a Netanyahu de torpedear de nuevo un posible acuerdo<\/strong><\/a><\/li>\n<\/ul>\n<p>El titular de HAMAS ha destacado que han dado nuevas \u00f3rdenes a los combatientes encargados a custodiar a los retenidos israel\u00edes sobre c\u00f3mo tratar con ellos si el ej\u00e9rcito de ocupaci\u00f3n israel\u00ed se acercaba a su lugar de detenci\u00f3n.<\/p>\n<div data-oembed-url=\"www.hispantv.com\/noticias\/palestina\/600455\/manifestantes-israelies-netanyahu-muerte-retenidos\">\n<div class=\"oembed\"><a href=\"https:\/\/www.hispantv.com\/noticias\/palestina\/600455\/manifestantes-israelies-netanyahu-muerte-retenidos\" target=\"_blank\" rel=\"noopener\"><img decoding=\"async\" class=\"thumbnail\" src=\"https:\/\/cdn.hispantv.com\/hispanmedia\/files\/images\/thumbnail\/20240831\/22035441_xl.jpg\" alt=\"Israel\u00edes: Netanyahu sentenci\u00f3 a muerte a retenidos en Gaza | HISPANTV\" \/><\/a><\/p>\n<div class=\"title\"><a href=\"https:\/\/www.hispantv.com\/noticias\/palestina\/600455\/manifestantes-israelies-netanyahu-muerte-retenidos\" target=\"_blank\" rel=\"noopener\">Israel\u00edes: Netanyahu sentenci\u00f3 a muerte a retenidos en Gaza | HISPANTV<\/a><\/div>\n<\/div>\n<p><a href=\"https:\/\/www.hispantv.com\/noticias\/palestina\/600455\/manifestantes-israelies-netanyahu-muerte-retenidos\" target=\"_blank\" rel=\"noopener\">Familias de los retenidos israel\u00edes en Gaza insisten en se\u00f1alar a Benjam\u00edn Netanyahu como el principal obst\u00e1culo para la tregua y el intercambio de prisioneros.<\/a><\/div>\n<p>&nbsp;<\/p>\n<p>Tambi\u00e9n, ha subrayado que Netanyahu y el ej\u00e9rcito israel\u00ed deliberadamente interrumpieron cualquier acuerdo de intercambio de prisioneros y mataron deliberadamente a docenas de ellos mediante bombardeos a\u00e9reos directos.<\/p>\n<ul>\n<li><strong><a href=\"https:\/\/www.hispantv.com\/noticias\/palestina\/598259\/israel%C2%A0muerte-otros%C2%A0rehenes-gaza-ataques\">Israel admite la muerte de otros 2 retenidos en Gaza en sus ataques\u00a0<\/a><\/strong><\/li>\n<\/ul>\n<p>En la misma jornada, el presidente israel\u00ed,\u00a0Isaac Herzog, recalc\u00f3 que los funcionarios de este r\u00e9gimen no pudieron apoyar a los prisioneros que se encuentran en Gaza por las fuerzas de Resistencia palestina.<\/p>\n<p>El s\u00e1bado,\u00a0<a href=\"https:\/\/www.hispantv.com\/noticias\/palestina\/600459\/retenidos-mueren-operacion-rescate-israel\">varios retenidos israel\u00edes murieron en Gaza<\/a>\u00a0durante un intento de militares sionistas para liberarlos. Este evento caus\u00f3 una ola de protesta en las tierras ocupadas y los israel\u00edes se manifestaron contra las pol\u00edticas de Netanyahu por continuar la guerra.<\/p>\n<p><a href=\"https:\/\/www.hispantv.com\/noticias\/palestina\/600559\/hamas-retenidos-israelies-devolveran-ataudes-siguen-presiones\"><strong>Fuente: Hispantv<\/strong><\/a><\/p>\n<\/div>\n","protected":false},"excerpt":{"rendered":"<p>HAMAS advierte al r\u00e9gimen de Israel que los retenidos en la Franja de Gaza desde el pasado octubre regresar\u00e1n \u201cen ata\u00fades\u201d si contin\u00faa presi\u00f3n militar. Abu Obeida,\u00a0el portavoz\u00a0de las Brigadas Ezzeddin Al-Qassam, rama militar del Movimiento de Resistencia Isl\u00e1mica de Palestina (HAMAS) ha responsabilizado este lunes al primer ministro israel\u00ed, [&hellip;]<\/p>\n","protected":false},"author":2,"featured_media":1217,"comment_status":"open","ping_status":"closed","sticky":false,"template":"","format":"standard","meta":{"footnotes":""},"categories":[4],"tags":[32,53,30],"class_list":["post-1216","post","type-post","status-publish","format-standard","has-post-thumbnail","hentry","category-noticias","tag-gaza","tag-hamas","tag-israel"],"yoast_head":"<!-- This site is optimized with the Yoast SEO plugin v28.3 - https:\/\/yoast.com\/product\/yoast-seo-wordpress\/ -->\n<title>HAMAS avisa: Retenidos israel\u00edes volver\u00e1n en ata\u00fades si siguen presiones - Nuestra Am\u00e9rica En Palabras<\/title>\n<meta name=\"robots\" content=\"index, follow, max-snippet:-1, max-image-preview:large, max-video-preview:-1\" \/>\n<link rel=\"canonical\" href=\"https:\/\/naenpalabras.net\/wp\/2024\/09\/02\/hamas-avisa-retenidos-israelies-volveran-en-ataudes-si-siguen-presiones\/\" \/>\n<meta property=\"og:locale\" content=\"es_ES\" \/>\n<meta property=\"og:type\" content=\"article\" \/>\n<meta property=\"og:title\" content=\"HAMAS avisa: Retenidos israel\u00edes volver\u00e1n en ata\u00fades si siguen presiones - Nuestra Am\u00e9rica En Palabras\" \/>\n<meta property=\"og:description\" content=\"HAMAS advierte al r\u00e9gimen de Israel que los retenidos en la Franja de Gaza desde el pasado octubre regresar\u00e1n \u201cen ata\u00fades\u201d si contin\u00faa presi\u00f3n militar. Abu Obeida,\u00a0el portavoz\u00a0de las Brigadas Ezzeddin Al-Qassam, rama militar del Movimiento de Resistencia Isl\u00e1mica de Palestina (HAMAS) ha responsabilizado este lunes al primer ministro israel\u00ed, [&hellip;]\" \/>\n<meta property=\"og:url\" content=\"https:\/\/naenpalabras.net\/wp\/2024\/09\/02\/hamas-avisa-retenidos-israelies-volveran-en-ataudes-si-siguen-presiones\/\" \/>\n<meta property=\"og:site_name\" content=\"Nuestra Am\u00e9rica En Palabras\" \/>\n<meta property=\"article:published_time\" content=\"2024-09-02T22:16:35+00:00\" \/>\n<meta property=\"og:image\" content=\"https:\/\/naenpalabras.net\/wp\/wp-content\/uploads\/2024\/09\/1.jpg\" \/>\n\t<meta property=\"og:image:width\" content=\"880\" \/>\n\t<meta property=\"og:image:height\" content=\"495\" \/>\n\t<meta property=\"og:image:type\" content=\"image\/jpeg\" \/>\n<meta name=\"author\" content=\"naenp\" \/>\n<meta name=\"twitter:card\" content=\"summary_large_image\" \/>\n<meta name=\"twitter:label1\" content=\"Escrito por\" \/>\n\t<meta name=\"twitter:data1\" content=\"naenp\" \/>\n\t<meta name=\"twitter:label2\" content=\"Tiempo estimado de lectura\" \/>\n\t<meta name=\"twitter:data2\" content=\"2 minutos\" \/>\n<script type=\"application\/ld+json\" class=\"yoast-schema-graph\">{\"@context\":\"https:\\\/\\\/schema.org\",\"@graph\":[{\"@type\":\"Article\",\"@id\":\"https:\\\/\\\/naenpalabras.net\\\/wp\\\/2024\\\/09\\\/02\\\/hamas-avisa-retenidos-israelies-volveran-en-ataudes-si-siguen-presiones\\\/#article\",\"isPartOf\":{\"@id\":\"https:\\\/\\\/naenpalabras.net\\\/wp\\\/2024\\\/09\\\/02\\\/hamas-avisa-retenidos-israelies-volveran-en-ataudes-si-siguen-presiones\\\/\"},\"author\":{\"name\":\"naenp\",\"@id\":\"https:\\\/\\\/naenpalabras.net\\\/wp\\\/#\\\/schema\\\/person\\\/2b8dc3b44be009cae3c432096b2fad15\"},\"headline\":\"HAMAS avisa: Retenidos israel\u00edes volver\u00e1n en ata\u00fades si siguen presiones\",\"datePublished\":\"2024-09-02T22:16:35+00:00\",\"mainEntityOfPage\":{\"@id\":\"https:\\\/\\\/naenpalabras.net\\\/wp\\\/2024\\\/09\\\/02\\\/hamas-avisa-retenidos-israelies-volveran-en-ataudes-si-siguen-presiones\\\/\"},\"wordCount\":380,\"commentCount\":0,\"image\":{\"@id\":\"https:\\\/\\\/naenpalabras.net\\\/wp\\\/2024\\\/09\\\/02\\\/hamas-avisa-retenidos-israelies-volveran-en-ataudes-si-siguen-presiones\\\/#primaryimage\"},\"thumbnailUrl\":\"https:\\\/\\\/naenpalabras.net\\\/wp\\\/wp-content\\\/uploads\\\/2024\\\/09\\\/1.jpg\",\"keywords\":[\"Gaza\",\"HAMAS\",\"Israel\"],\"articleSection\":[\"Noticias\"],\"inLanguage\":\"es\",\"potentialAction\":[{\"@type\":\"CommentAction\",\"name\":\"Comment\",\"target\":[\"https:\\\/\\\/naenpalabras.net\\\/wp\\\/2024\\\/09\\\/02\\\/hamas-avisa-retenidos-israelies-volveran-en-ataudes-si-siguen-presiones\\\/#respond\"]}]},{\"@type\":\"WebPage\",\"@id\":\"https:\\\/\\\/naenpalabras.net\\\/wp\\\/2024\\\/09\\\/02\\\/hamas-avisa-retenidos-israelies-volveran-en-ataudes-si-siguen-presiones\\\/\",\"url\":\"https:\\\/\\\/naenpalabras.net\\\/wp\\\/2024\\\/09\\\/02\\\/hamas-avisa-retenidos-israelies-volveran-en-ataudes-si-siguen-presiones\\\/\",\"name\":\"HAMAS avisa: Retenidos israel\u00edes volver\u00e1n en ata\u00fades si siguen presiones - Nuestra Am\u00e9rica En Palabras\",\"isPartOf\":{\"@id\":\"https:\\\/\\\/naenpalabras.net\\\/wp\\\/#website\"},\"primaryImageOfPage\":{\"@id\":\"https:\\\/\\\/naenpalabras.net\\\/wp\\\/2024\\\/09\\\/02\\\/hamas-avisa-retenidos-israelies-volveran-en-ataudes-si-siguen-presiones\\\/#primaryimage\"},\"image\":{\"@id\":\"https:\\\/\\\/naenpalabras.net\\\/wp\\\/2024\\\/09\\\/02\\\/hamas-avisa-retenidos-israelies-volveran-en-ataudes-si-siguen-presiones\\\/#primaryimage\"},\"thumbnailUrl\":\"https:\\\/\\\/naenpalabras.net\\\/wp\\\/wp-content\\\/uploads\\\/2024\\\/09\\\/1.jpg\",\"datePublished\":\"2024-09-02T22:16:35+00:00\",\"author\":{\"@id\":\"https:\\\/\\\/naenpalabras.net\\\/wp\\\/#\\\/schema\\\/person\\\/2b8dc3b44be009cae3c432096b2fad15\"},\"breadcrumb\":{\"@id\":\"https:\\\/\\\/naenpalabras.net\\\/wp\\\/2024\\\/09\\\/02\\\/hamas-avisa-retenidos-israelies-volveran-en-ataudes-si-siguen-presiones\\\/#breadcrumb\"},\"inLanguage\":\"es\",\"potentialAction\":[{\"@type\":\"ReadAction\",\"target\":[\"https:\\\/\\\/naenpalabras.net\\\/wp\\\/2024\\\/09\\\/02\\\/hamas-avisa-retenidos-israelies-volveran-en-ataudes-si-siguen-presiones\\\/\"]}]},{\"@type\":\"ImageObject\",\"inLanguage\":\"es\",\"@id\":\"https:\\\/\\\/naenpalabras.net\\\/wp\\\/2024\\\/09\\\/02\\\/hamas-avisa-retenidos-israelies-volveran-en-ataudes-si-siguen-presiones\\\/#primaryimage\",\"url\":\"https:\\\/\\\/naenpalabras.net\\\/wp\\\/wp-content\\\/uploads\\\/2024\\\/09\\\/1.jpg\",\"contentUrl\":\"https:\\\/\\\/naenpalabras.net\\\/wp\\\/wp-content\\\/uploads\\\/2024\\\/09\\\/1.jpg\",\"width\":880,\"height\":495},{\"@type\":\"BreadcrumbList\",\"@id\":\"https:\\\/\\\/naenpalabras.net\\\/wp\\\/2024\\\/09\\\/02\\\/hamas-avisa-retenidos-israelies-volveran-en-ataudes-si-siguen-presiones\\\/#breadcrumb\",\"itemListElement\":[{\"@type\":\"ListItem\",\"position\":1,\"name\":\"Portada\",\"item\":\"https:\\\/\\\/naenpalabras.net\\\/wp\\\/\"},{\"@type\":\"ListItem\",\"position\":2,\"name\":\"HAMAS avisa: Retenidos israel\u00edes volver\u00e1n en ata\u00fades si siguen presiones\"}]},{\"@type\":\"WebSite\",\"@id\":\"https:\\\/\\\/naenpalabras.net\\\/wp\\\/#website\",\"url\":\"https:\\\/\\\/naenpalabras.net\\\/wp\\\/\",\"name\":\"Nuestra Am\u00e9rica En Palabras\",\"description\":\"\",\"potentialAction\":[{\"@type\":\"SearchAction\",\"target\":{\"@type\":\"EntryPoint\",\"urlTemplate\":\"https:\\\/\\\/naenpalabras.net\\\/wp\\\/?s={search_term_string}\"},\"query-input\":{\"@type\":\"PropertyValueSpecification\",\"valueRequired\":true,\"valueName\":\"search_term_string\"}}],\"inLanguage\":\"es\"},{\"@type\":\"Person\",\"@id\":\"https:\\\/\\\/naenpalabras.net\\\/wp\\\/#\\\/schema\\\/person\\\/2b8dc3b44be009cae3c432096b2fad15\",\"name\":\"naenp\",\"image\":{\"@type\":\"ImageObject\",\"inLanguage\":\"es\",\"@id\":\"https:\\\/\\\/secure.gravatar.com\\\/avatar\\\/ebeb7cc417e6a6b9894cfaca0e864947ba305c2cd77c221b39b90345e02bc3bb?s=96&d=mm&r=g\",\"url\":\"https:\\\/\\\/secure.gravatar.com\\\/avatar\\\/ebeb7cc417e6a6b9894cfaca0e864947ba305c2cd77c221b39b90345e02bc3bb?s=96&d=mm&r=g\",\"contentUrl\":\"https:\\\/\\\/secure.gravatar.com\\\/avatar\\\/ebeb7cc417e6a6b9894cfaca0e864947ba305c2cd77c221b39b90345e02bc3bb?s=96&d=mm&r=g\",\"caption\":\"naenp\"},\"sameAs\":[\"https:\\\/\\\/naenpalabras.net\\\/wp\"],\"url\":\"https:\\\/\\\/naenpalabras.net\\\/wp\\\/author\\\/admin-2\\\/\"}]}<\/script>\n<!-- \/ Yoast SEO plugin. -->","yoast_head_json":{"title":"HAMAS avisa: Retenidos israel\u00edes volver\u00e1n en ata\u00fades si siguen presiones - Nuestra Am\u00e9rica En Palabras","robots":{"index":"index","follow":"follow","max-snippet":"max-snippet:-1","max-image-preview":"max-image-preview:large","max-video-preview":"max-video-preview:-1"},"canonical":"https:\/\/naenpalabras.net\/wp\/2024\/09\/02\/hamas-avisa-retenidos-israelies-volveran-en-ataudes-si-siguen-presiones\/","og_locale":"es_ES","og_type":"article","og_title":"HAMAS avisa: Retenidos israel\u00edes volver\u00e1n en ata\u00fades si siguen presiones - Nuestra Am\u00e9rica En Palabras","og_description":"HAMAS advierte al r\u00e9gimen de Israel que los retenidos en la Franja de Gaza desde el pasado octubre regresar\u00e1n \u201cen ata\u00fades\u201d si contin\u00faa presi\u00f3n militar. Abu Obeida,\u00a0el portavoz\u00a0de las Brigadas Ezzeddin Al-Qassam, rama militar del Movimiento de Resistencia Isl\u00e1mica de Palestina (HAMAS) ha responsabilizado este lunes al primer ministro israel\u00ed, [&hellip;]","og_url":"https:\/\/naenpalabras.net\/wp\/2024\/09\/02\/hamas-avisa-retenidos-israelies-volveran-en-ataudes-si-siguen-presiones\/","og_site_name":"Nuestra Am\u00e9rica En Palabras","article_published_time":"2024-09-02T22:16:35+00:00","og_image":[{"width":880,"height":495,"url":"https:\/\/naenpalabras.net\/wp\/wp-content\/uploads\/2024\/09\/1.jpg","type":"image\/jpeg"}],"author":"naenp","twitter_card":"summary_large_image","twitter_misc":{"Escrito por":"naenp","Tiempo estimado de lectura":"2 minutos"},"schema":{"@context":"https:\/\/schema.org","@graph":[{"@type":"Article","@id":"https:\/\/naenpalabras.net\/wp\/2024\/09\/02\/hamas-avisa-retenidos-israelies-volveran-en-ataudes-si-siguen-presiones\/#article","isPartOf":{"@id":"https:\/\/naenpalabras.net\/wp\/2024\/09\/02\/hamas-avisa-retenidos-israelies-volveran-en-ataudes-si-siguen-presiones\/"},"author":{"name":"naenp","@id":"https:\/\/naenpalabras.net\/wp\/#\/schema\/person\/2b8dc3b44be009cae3c432096b2fad15"},"headline":"HAMAS avisa: Retenidos israel\u00edes volver\u00e1n en ata\u00fades si siguen presiones","datePublished":"2024-09-02T22:16:35+00:00","mainEntityOfPage":{"@id":"https:\/\/naenpalabras.net\/wp\/2024\/09\/02\/hamas-avisa-retenidos-israelies-volveran-en-ataudes-si-siguen-presiones\/"},"wordCount":380,"commentCount":0,"image":{"@id":"https:\/\/naenpalabras.net\/wp\/2024\/09\/02\/hamas-avisa-retenidos-israelies-volveran-en-ataudes-si-siguen-presiones\/#primaryimage"},"thumbnailUrl":"https:\/\/naenpalabras.net\/wp\/wp-content\/uploads\/2024\/09\/1.jpg","keywords":["Gaza","HAMAS","Israel"],"articleSection":["Noticias"],"inLanguage":"es","potentialAction":[{"@type":"CommentAction","name":"Comment","target":["https:\/\/naenpalabras.net\/wp\/2024\/09\/02\/hamas-avisa-retenidos-israelies-volveran-en-ataudes-si-siguen-presiones\/#respond"]}]},{"@type":"WebPage","@id":"https:\/\/naenpalabras.net\/wp\/2024\/09\/02\/hamas-avisa-retenidos-israelies-volveran-en-ataudes-si-siguen-presiones\/","url":"https:\/\/naenpalabras.net\/wp\/2024\/09\/02\/hamas-avisa-retenidos-israelies-volveran-en-ataudes-si-siguen-presiones\/","name":"HAMAS avisa: Retenidos israel\u00edes volver\u00e1n en ata\u00fades si siguen presiones - Nuestra Am\u00e9rica En Palabras","isPartOf":{"@id":"https:\/\/naenpalabras.net\/wp\/#website"},"primaryImageOfPage":{"@id":"https:\/\/naenpalabras.net\/wp\/2024\/09\/02\/hamas-avisa-retenidos-israelies-volveran-en-ataudes-si-siguen-presiones\/#primaryimage"},"image":{"@id":"https:\/\/naenpalabras.net\/wp\/2024\/09\/02\/hamas-avisa-retenidos-israelies-volveran-en-ataudes-si-siguen-presiones\/#primaryimage"},"thumbnailUrl":"https:\/\/naenpalabras.net\/wp\/wp-content\/uploads\/2024\/09\/1.jpg","datePublished":"2024-09-02T22:16:35+00:00","author":{"@id":"https:\/\/naenpalabras.net\/wp\/#\/schema\/person\/2b8dc3b44be009cae3c432096b2fad15"},"breadcrumb":{"@id":"https:\/\/naenpalabras.net\/wp\/2024\/09\/02\/hamas-avisa-retenidos-israelies-volveran-en-ataudes-si-siguen-presiones\/#breadcrumb"},"inLanguage":"es","potentialAction":[{"@type":"ReadAction","target":["https:\/\/naenpalabras.net\/wp\/2024\/09\/02\/hamas-avisa-retenidos-israelies-volveran-en-ataudes-si-siguen-presiones\/"]}]},{"@type":"ImageObject","inLanguage":"es","@id":"https:\/\/naenpalabras.net\/wp\/2024\/09\/02\/hamas-avisa-retenidos-israelies-volveran-en-ataudes-si-siguen-presiones\/#primaryimage","url":"https:\/\/naenpalabras.net\/wp\/wp-content\/uploads\/2024\/09\/1.jpg","contentUrl":"https:\/\/naenpalabras.net\/wp\/wp-content\/uploads\/2024\/09\/1.jpg","width":880,"height":495},{"@type":"BreadcrumbList","@id":"https:\/\/naenpalabras.net\/wp\/2024\/09\/02\/hamas-avisa-retenidos-israelies-volveran-en-ataudes-si-siguen-presiones\/#breadcrumb","itemListElement":[{"@type":"ListItem","position":1,"name":"Portada","item":"https:\/\/naenpalabras.net\/wp\/"},{"@type":"ListItem","position":2,"name":"HAMAS avisa: Retenidos israel\u00edes volver\u00e1n en ata\u00fades si siguen presiones"}]},{"@type":"WebSite","@id":"https:\/\/naenpalabras.net\/wp\/#website","url":"https:\/\/naenpalabras.net\/wp\/","name":"Nuestra Am\u00e9rica En Palabras","description":"","potentialAction":[{"@type":"SearchAction","target":{"@type":"EntryPoint","urlTemplate":"https:\/\/naenpalabras.net\/wp\/?s={search_term_string}"},"query-input":{"@type":"PropertyValueSpecification","valueRequired":true,"valueName":"search_term_string"}}],"inLanguage":"es"},{"@type":"Person","@id":"https:\/\/naenpalabras.net\/wp\/#\/schema\/person\/2b8dc3b44be009cae3c432096b2fad15","name":"naenp","image":{"@type":"ImageObject","inLanguage":"es","@id":"https:\/\/secure.gravatar.com\/avatar\/ebeb7cc417e6a6b9894cfaca0e864947ba305c2cd77c221b39b90345e02bc3bb?s=96&d=mm&r=g","url":"https:\/\/secure.gravatar.com\/avatar\/ebeb7cc417e6a6b9894cfaca0e864947ba305c2cd77c221b39b90345e02bc3bb?s=96&d=mm&r=g","contentUrl":"https:\/\/secure.gravatar.com\/avatar\/ebeb7cc417e6a6b9894cfaca0e864947ba305c2cd77c221b39b90345e02bc3bb?s=96&d=mm&r=g","caption":"naenp"},"sameAs":["https:\/\/naenpalabras.net\/wp"],"url":"https:\/\/naenpalabras.net\/wp\/author\/admin-2\/"}]}},"_links":{"self":[{"href":"https:\/\/naenpalabras.net\/wp\/wp-json\/wp\/v2\/posts\/1216","targetHints":{"allow":["GET"]}}],"collection":[{"href":"https:\/\/naenpalabras.net\/wp\/wp-json\/wp\/v2\/posts"}],"about":[{"href":"https:\/\/naenpalabras.net\/wp\/wp-json\/wp\/v2\/types\/post"}],"author":[{"embeddable":true,"href":"https:\/\/naenpalabras.net\/wp\/wp-json\/wp\/v2\/users\/2"}],"replies":[{"embeddable":true,"href":"https:\/\/naenpalabras.net\/wp\/wp-json\/wp\/v2\/comments?post=1216"}],"version-history":[{"count":1,"href":"https:\/\/naenpalabras.net\/wp\/wp-json\/wp\/v2\/posts\/1216\/revisions"}],"predecessor-version":[{"id":1218,"href":"https:\/\/naenpalabras.net\/wp\/wp-json\/wp\/v2\/posts\/1216\/revisions\/1218"}],"wp:featuredmedia":[{"embeddable":true,"href":"https:\/\/naenpalabras.net\/wp\/wp-json\/wp\/v2\/media\/1217"}],"wp:attachment":[{"href":"https:\/\/naenpalabras.net\/wp\/wp-json\/wp\/v2\/media?parent=1216"}],"wp:term":[{"taxonomy":"category","embeddable":true,"href":"https:\/\/naenpalabras.net\/wp\/wp-json\/wp\/v2\/categories?post=1216"},{"taxonomy":"post_tag","embeddable":true,"href":"https:\/\/naenpalabras.net\/wp\/wp-json\/wp\/v2\/tags?post=1216"}],"curies":[{"name":"wp","href":"https:\/\/api.w.org\/{rel}","templated":true}]}}